{"id":7070,"date":"2024-01-22T07:23:05","date_gmt":"2024-01-22T10:23:05","guid":{"rendered":"https:\/\/minutobahia24h.com.br\/?p=7070"},"modified":"2024-01-22T07:23:06","modified_gmt":"2024-01-22T10:23:06","slug":"incendio-atingiu-area-de-vegetacao-em-santo-antonio-de-jesus","status":"publish","type":"post","link":"https:\/\/minutobahia24h.com.br\/?p=7070","title":{"rendered":"Inc\u00eandio atingiu \u00e1rea de vegeta\u00e7\u00e3o em Santo Ant\u00f4nio de Jesus"},"content":{"rendered":"<div class=\"wp-block-image\">\n<figure class=\"aligncenter size-large\"><img data-recalc-dims=\"1\" fetchpriority=\"high\" decoding=\"async\" width=\"800\" height=\"420\" src=\"https:\/\/i0.wp.com\/minutobahia24h.com.br\/wp-content\/uploads\/2024\/01\/Sem-titulo-270-1024x538.jpg?resize=800%2C420&#038;ssl=1\" alt=\"\" class=\"wp-image-7072\" srcset=\"https:\/\/i0.wp.com\/minutobahia24h.com.br\/wp-content\/uploads\/2024\/01\/Sem-titulo-270.jpg?resize=1024%2C538&amp;ssl=1 1024w, https:\/\/i0.wp.com\/minutobahia24h.com.br\/wp-content\/uploads\/2024\/01\/Sem-titulo-270.jpg?resize=300%2C158&amp;ssl=1 300w, https:\/\/i0.wp.com\/minutobahia24h.com.br\/wp-content\/uploads\/2024\/01\/Sem-titulo-270.jpg?resize=768%2C403&amp;ssl=1 768w, https:\/\/i0.wp.com\/minutobahia24h.com.br\/wp-content\/uploads\/2024\/01\/Sem-titulo-270.jpg?resize=750%2C394&amp;ssl=1 750w, https:\/\/i0.wp.com\/minutobahia24h.com.br\/wp-content\/uploads\/2024\/01\/Sem-titulo-270.jpg?resize=1140%2C599&amp;ssl=1 1140w, https:\/\/i0.wp.com\/minutobahia24h.com.br\/wp-content\/uploads\/2024\/01\/Sem-titulo-270.jpg?w=1200&amp;ssl=1 1200w\" sizes=\"(max-width: 800px) 100vw, 800px\" \/><figcaption class=\"wp-element-caption\">Foto: Reprodu\u00e7\u00e3o \/ Blog do Valente<br><\/figcaption><\/figure>\n<\/div>\n\n\n<p>Um inc\u00eandio atingiu uma \u00e1rea de vegeta\u00e7\u00e3o na comunidade do Benfica, em Santo Ant\u00f4nio de Jesus, no \u00faltimo s\u00e1bado (20).\u00a0De acordo com informa\u00e7\u00f5es do\u00a0<a href=\"https:\/\/blogdovalente.com.br\/destaque\/2024\/01\/incendio-atinge-area-de-vegetacao-no-benfica-em-santo-antonio-de-jesus\/\" target=\"_blank\" rel=\"noreferrer noopener\"><strong>Blog do Valente<\/strong><\/a>, parceiro do Bahia Not\u00edcias, moradores da regi\u00e3o relataram que o fogo atingiu uma \u00e1rea pr\u00f3xima ao rio, n\u00e3o oferecendo riscos \u00e0s casas.\u00a0<\/p>\n\n\n\n<p>\u201cN\u00e3o est\u00e1 pr\u00f3ximo \u00e0s casas porque as casas ficam do outro lado do rio. O local que est\u00e1 pegando fogo fica sentindo a pista\u201d, explicou um morador da comunidade.&nbsp;<\/p>\n\n\n\n<p>Ainda segundo moradores, homens do Corpo de Bombeiros estiveram no local e tentaram conter as chamas utilizando \u2018galhos de matos\u2019. \u201cO pessoal do Bombeiro esteve l\u00e1, mas n\u00e3o com o carro, estavam com uns galhos de mato, mas n\u00e3o conseguiu controlar as chamas\u201d, afirmou a fonte.<\/p>\n\n\n\n<p>BN<\/p>\n","protected":false},"excerpt":{"rendered":"<p>Um inc\u00eandio atingiu uma \u00e1rea de vegeta\u00e7\u00e3o na comunidade do Benfica, em Santo Ant\u00f4nio de Jesus, no \u00faltimo s\u00e1bado (20).\u00a0De acordo com informa\u00e7\u00f5es do\u00a0Blog do Valente, parceiro do Bahia Not\u00edcias, moradores da regi\u00e3o relataram que o fogo atingiu uma \u00e1rea pr\u00f3xima ao rio, n\u00e3o oferecendo riscos \u00e0s casas.\u00a0 \u201cN\u00e3o est\u00e1 pr\u00f3ximo \u00e0s casas porque as [&hellip;]<\/p>\n","protected":false},"author":2,"featured_media":7072,"comment_status":"open","ping_status":"open","sticky":false,"template":"","format":"standard","meta":{"_jetpack_memberships_contains_paid_content":false,"footnotes":""},"categories":[21],"tags":[],"class_list":["post-7070","post","type-post","status-publish","format-standard","has-post-thumbnail","hentry","category-bahia"],"aioseo_notices":[],"jetpack_featured_media_url":"https:\/\/i0.wp.com\/minutobahia24h.com.br\/wp-content\/uploads\/2024\/01\/Sem-titulo-270.jpg?fit=1200%2C630&ssl=1","jetpack_sharing_enabled":true,"_links":{"self":[{"href":"https:\/\/minutobahia24h.com.br\/index.php?rest_route=\/wp\/v2\/posts\/7070","targetHints":{"allow":["GET"]}}],"collection":[{"href":"https:\/\/minutobahia24h.com.br\/index.php?rest_route=\/wp\/v2\/posts"}],"about":[{"href":"https:\/\/minutobahia24h.com.br\/index.php?rest_route=\/wp\/v2\/types\/post"}],"author":[{"embeddable":true,"href":"https:\/\/minutobahia24h.com.br\/index.php?rest_route=\/wp\/v2\/users\/2"}],"replies":[{"embeddable":true,"href":"https:\/\/minutobahia24h.com.br\/index.php?rest_route=%2Fwp%2Fv2%2Fcomments&post=7070"}],"version-history":[{"count":1,"href":"https:\/\/minutobahia24h.com.br\/index.php?rest_route=\/wp\/v2\/posts\/7070\/revisions"}],"predecessor-version":[{"id":7073,"href":"https:\/\/minutobahia24h.com.br\/index.php?rest_route=\/wp\/v2\/posts\/7070\/revisions\/7073"}],"wp:featuredmedia":[{"embeddable":true,"href":"https:\/\/minutobahia24h.com.br\/index.php?rest_route=\/wp\/v2\/media\/7072"}],"wp:attachment":[{"href":"https:\/\/minutobahia24h.com.br\/index.php?rest_route=%2Fwp%2Fv2%2Fmedia&parent=7070"}],"wp:term":[{"taxonomy":"category","embeddable":true,"href":"https:\/\/minutobahia24h.com.br\/index.php?rest_route=%2Fwp%2Fv2%2Fcategories&post=7070"},{"taxonomy":"post_tag","embeddable":true,"href":"https:\/\/minutobahia24h.com.br\/index.php?rest_route=%2Fwp%2Fv2%2Ftags&post=7070"}],"curies":[{"name":"wp","href":"https:\/\/api.w.org\/{rel}","templated":true}]}}