{"id":7061,"date":"2024-01-22T07:18:18","date_gmt":"2024-01-22T10:18:18","guid":{"rendered":"https:\/\/minutobahia24h.com.br\/?p=7061"},"modified":"2024-01-22T07:18:19","modified_gmt":"2024-01-22T10:18:19","slug":"dia-nacional-de-combate-a-intolerancia-religiosa-reune-publico-em-terreiro-na-ba-fundado-por-ialorixa-simbolo-da-luta-pelo-respeito-as-crencas","status":"publish","type":"post","link":"https:\/\/minutobahia24h.com.br\/?p=7061","title":{"rendered":"Dia Nacional de Combate \u00e0 Intoler\u00e2ncia Religiosa re\u00fane p\u00fablico em terreiro na BA fundado por ialorix\u00e1 s\u00edmbolo da luta pelo respeito \u00e0s cren\u00e7as"},"content":{"rendered":"<div class=\"wp-block-image\">\n<figure class=\"aligncenter size-full\"><img data-recalc-dims=\"1\" fetchpriority=\"high\" decoding=\"async\" width=\"800\" height=\"566\" src=\"https:\/\/i0.wp.com\/minutobahia24h.com.br\/wp-content\/uploads\/2024\/01\/Sem-titulo-268.jpg?resize=800%2C566&#038;ssl=1\" alt=\"\" class=\"wp-image-7064\" srcset=\"https:\/\/i0.wp.com\/minutobahia24h.com.br\/wp-content\/uploads\/2024\/01\/Sem-titulo-268.jpg?w=984&amp;ssl=1 984w, https:\/\/i0.wp.com\/minutobahia24h.com.br\/wp-content\/uploads\/2024\/01\/Sem-titulo-268.jpg?resize=300%2C212&amp;ssl=1 300w, https:\/\/i0.wp.com\/minutobahia24h.com.br\/wp-content\/uploads\/2024\/01\/Sem-titulo-268.jpg?resize=768%2C543&amp;ssl=1 768w, https:\/\/i0.wp.com\/minutobahia24h.com.br\/wp-content\/uploads\/2024\/01\/Sem-titulo-268.jpg?resize=120%2C86&amp;ssl=1 120w, https:\/\/i0.wp.com\/minutobahia24h.com.br\/wp-content\/uploads\/2024\/01\/Sem-titulo-268.jpg?resize=750%2C530&amp;ssl=1 750w\" sizes=\"(max-width: 800px) 100vw, 800px\" \/><figcaption class=\"wp-element-caption\">Ato no bairro de Itapu\u00e3 marca Dia Nacional de Combate \u00e0 Intoler\u00e2ncia Religiosa, em Salvador \u2014 Foto: Phael Fernandes\/TV Bahia<br><\/figcaption><\/figure>\n<\/div>\n\n\n<p>O Dia Nacional de Combate \u00e0 Intoler\u00e2ncia Religiosa, neste domingo (21), em\u00a0<a class=\"\" href=\"https:\/\/g1.globo.com\/ba\/bahia\/cidade\/salvador\/\">Salvador<\/a>, foi marcado pelo 1\u00ba Arrast\u00e3o da Liberdade, promovido pelo terreiro Ax\u00e9 Abass\u00e1 de Ogum, fundado por M\u00e3e Gilda de Ogum, s\u00edmbolo de resist\u00eancia pela afirma\u00e7\u00e3o das religi\u00f5es de matriz africana, ap\u00f3s ter o terreiro ter sido invadido e depredado por representantes de outra religi\u00e3o.<\/p>\n\n\n\n<p>A programa\u00e7\u00e3o foi iniciada com um caf\u00e9 da manh\u00e3, servido no terreiro, que fica no bairro de Itapu\u00e3. Em seguida, foi realizada uma caminhada com diversas representa\u00e7\u00f5es religiosas, movimentos sociais, culturais e toda comunidade, com o encerramento do ato no palco montado no Busto de M\u00e3e Gilda, na Lagoa do Abaet\u00e9, tamb\u00e9m em Itapu\u00e3.<\/p>\n\n\n\n<p>Al\u00e9m do bairro de Itapu\u00e3, um um grande Xir\u00ea &#8211; palavra Yorub\u00e1 que significa roda, ou dan\u00e7a para a evoca\u00e7\u00e3o dos Orix\u00e1s conforme cada na\u00e7\u00e3o &#8211; e ritual de plantio de baob\u00e1 ao som do Afox\u00e9 Omorob\u00e1 e do Samba das Ob\u00e1s foi realizado no Parque Pedra de Xang\u00f4, no bairro de Cajazeiras 10.<\/p>\n\n\n\n<p>O evento, organizado por M\u00e3e Diala, do Il\u00ea As\u00e8 Baba Ulufan Al\u00e1, e Pai Josias do Il\u00ea As\u00e8 Ob\u00e1 Paleomon, contou com a presen\u00e7a das Matriarcas da Pedra de Xang\u00f4. A Pedra de Xang\u00f4 \u00e9 um s\u00edtio natural sagrado afro-brasileiro, sede de uma \u00c1rea de Prote\u00e7\u00e3o Ambiental e patrim\u00f4nio cultural reconhecido pela Funda\u00e7\u00e3o Greg\u00f3rio de Mattos (FGM) e patrim\u00f4nio geol\u00f3gico de relev\u00e2ncia nacional reconhecido pelo Servi\u00e7o Geol\u00f3gico do Brasil (CPRM).<\/p>\n\n\n\n<p>O Dia Nacional de Combate \u00e0 Intoler\u00e2ncia Religiosa foi estabelecido atrav\u00e9s da Lei Federal n\u00ba 11.635, de 27 de dezembro de 2007, e visa refor\u00e7ar o enfrentamento a pr\u00e1tica criminosa que teve a pena endurecida em janeiro de 2023, com at\u00e9 cinco anos de reclus\u00e3o.<\/p>\n\n\n\n<p>A mudan\u00e7a se deu atrav\u00e9s da Lei que equipara crimes de inj\u00faria racial a racismo, e que tamb\u00e9m protege a liberdade religiosa. Na Bahia, 94 casos de racismo religioso foram registrados nos \u00faltimos cinco anos pela Associacao Brasileira de Preserva\u00e7\u00e3o da cultura afro-amer\u00edndia (AFA).<\/p>\n\n\n\n<h2 class=\"wp-block-heading\"><strong>Cria\u00e7\u00e3o de ronda policial<\/strong><\/h2>\n\n\n\n<p>O governador Jer\u00f4nimo Rodrigues anunciou na \u00faltima sexta-feira (19), a cria\u00e7\u00e3o da Ronda Omnira de Prote\u00e7\u00e3o \u00e0 Liberdade Religiosa, um ronda policial que tem o objetivo de combater a intoler\u00e2ncia religiosa, atendendo as demandas de v\u00edtimas desse tipo de crime.<\/p>\n\n\n\n<p>O an\u00fancio foi feito durante a Sexta da Paz, evento alusivo realizado no Largo do Pelourinho, em Salvador, que antecedeu o Dia Nacional de Combate \u00e0 Intoler\u00e2ncia Religiosa.<\/p>\n\n\n\n<p>O governador entregou duas novas viaturas para o patrulhamento. A Ronda Omnira &#8211; express\u00e3o em yorub\u00e1 para liberdade &#8211; \u00e9 uma iniciativa do Grupo de Trabalho Permanente pela Igualdade Racial do Departamento de Promo\u00e7\u00e3o Social da Pol\u00edcia Militar da Bahia (PM-BA), e \u00e9 um servi\u00e7o administrativo e operacional especializado na condu\u00e7\u00e3o das ocorr\u00eancias delituosas ligadas aos terreiros de matriz africana na capital baiana.<\/p>\n\n\n\n<p>A opera\u00e7\u00e3o ser\u00e1 conduzida pelo Departamento de Promo\u00e7\u00e3o Social (DPS) da PM-BA que, atrav\u00e9s do Grupo de Trabalho Permanente pela Igualdade Racial (GTPIR), promover\u00e1 rondas circunscritas. Um efetivo de 22 homens e mulheres da Pol\u00edcia Militar da Bahia atuar\u00e3o em espa\u00e7os de sacralidade de matriz africana e em quest\u00f5es ligadas \u00e0 intoler\u00e2ncia religiosa e ao racismo estrutural.<\/p>\n\n\n\n<h2 class=\"wp-block-heading\">M\u00e3e Gilda<\/h2>\n\n\n\n<figure class=\"wp-block-image\"><img data-recalc-dims=\"1\" decoding=\"async\" src=\"https:\/\/i0.wp.com\/s2-g1.glbimg.com\/1iRtHbTo500aANVwNYmlHH7TemM%3D\/0x0%3A673x506\/984x0\/smart\/filters%3Astrip_icc%28%29\/i.s3.glbimg.com\/v1\/AUTH_59edd422c0c84a879bd37670ae4f538a\/internal_photos\/bs\/2023\/t\/m\/9abxKLRf6nf9vq33FUZA\/busto.png?w=800&#038;ssl=1\" alt=\"Busto de M\u00e3e Gilda em Salvador \u2014 Foto: Governo da Bahia\"\/><\/figure>\n\n\n\n<p>Busto de M\u00e3e Gilda em Salvador \u2014 Foto: Governo da Bahia<\/p>\n\n\n\n<p>H\u00e1 17 anos, o 21 de janeiro se tornou o Dia Nacional de Combate \u00e0 Intoler\u00e2ncia Religiosa. Foi nessa data que morreu, no ano de 2000, M\u00e3e Gilda. Ela chegou a ser agredida na cabe\u00e7a com uma B\u00edblia. O terreiro no bairro de Itapu\u00e3 tamb\u00e9m sofreu ataques e ela foi acusada de charlatanismo.<\/p>\n\n\n\n<p>Gild\u00e1sia dos Santos, conhecida como M\u00e3e Gilda de Ogum, fundou o Il\u00ea Ax\u00e9 Abass\u00e1 de Ogum, Terreiro de Candombl\u00e9, em 1988, nas imedia\u00e7\u00f5es da Lagoa do Abaet\u00e9.<\/p>\n\n\n\n<p>Foi iniciada no Candombl\u00e9 em 1976 no Terreiro de Oya, ao completar sete anos de iniciada na religi\u00e3o recebe o cargo de yalorix\u00e1 e em 6 de outubro de 1988 registrou seu terreiro, de na\u00e7\u00e3o Ketu, na Federa\u00e7\u00e3o do Culto Afro. M\u00e3e Gilda foi uma ativista social e se destacou pela sua personalidade forte e grande participa\u00e7\u00e3o em a\u00e7\u00f5es para a melhoria do bairro de Nova Bras\u00edlia de Itapu\u00e3.<\/p>\n\n\n\n<p>Com a sa\u00fade fragilizada em decorr\u00eancia de agress\u00f5es morais ocasionadas por intoler\u00e2ncia religiosa, M\u00e3e Gilda faleceu deixando seu legado com a filha Jaciara Ribeiro dos Santos.<\/p>\n\n\n\n<p><\/p>\n","protected":false},"excerpt":{"rendered":"<p>O Dia Nacional de Combate \u00e0 Intoler\u00e2ncia Religiosa, neste domingo (21), em\u00a0Salvador, foi marcado pelo 1\u00ba Arrast\u00e3o da Liberdade, promovido pelo terreiro Ax\u00e9 Abass\u00e1 de Ogum, fundado por M\u00e3e Gilda de Ogum, s\u00edmbolo de resist\u00eancia pela afirma\u00e7\u00e3o das religi\u00f5es de matriz africana, ap\u00f3s ter o terreiro ter sido invadido e depredado por representantes de outra [&hellip;]<\/p>\n","protected":false},"author":2,"featured_media":7064,"comment_status":"open","ping_status":"open","sticky":false,"template":"","format":"standard","meta":{"_jetpack_memberships_contains_paid_content":false,"footnotes":""},"categories":[46],"tags":[],"class_list":["post-7061","post","type-post","status-publish","format-standard","has-post-thumbnail","hentry","category-noticia"],"aioseo_notices":[],"jetpack_featured_media_url":"https:\/\/i0.wp.com\/minutobahia24h.com.br\/wp-content\/uploads\/2024\/01\/Sem-titulo-268.jpg?fit=984%2C696&ssl=1","jetpack_sharing_enabled":true,"_links":{"self":[{"href":"https:\/\/minutobahia24h.com.br\/index.php?rest_route=\/wp\/v2\/posts\/7061","targetHints":{"allow":["GET"]}}],"collection":[{"href":"https:\/\/minutobahia24h.com.br\/index.php?rest_route=\/wp\/v2\/posts"}],"about":[{"href":"https:\/\/minutobahia24h.com.br\/index.php?rest_route=\/wp\/v2\/types\/post"}],"author":[{"embeddable":true,"href":"https:\/\/minutobahia24h.com.br\/index.php?rest_route=\/wp\/v2\/users\/2"}],"replies":[{"embeddable":true,"href":"https:\/\/minutobahia24h.com.br\/index.php?rest_route=%2Fwp%2Fv2%2Fcomments&post=7061"}],"version-history":[{"count":1,"href":"https:\/\/minutobahia24h.com.br\/index.php?rest_route=\/wp\/v2\/posts\/7061\/revisions"}],"predecessor-version":[{"id":7065,"href":"https:\/\/minutobahia24h.com.br\/index.php?rest_route=\/wp\/v2\/posts\/7061\/revisions\/7065"}],"wp:featuredmedia":[{"embeddable":true,"href":"https:\/\/minutobahia24h.com.br\/index.php?rest_route=\/wp\/v2\/media\/7064"}],"wp:attachment":[{"href":"https:\/\/minutobahia24h.com.br\/index.php?rest_route=%2Fwp%2Fv2%2Fmedia&parent=7061"}],"wp:term":[{"taxonomy":"category","embeddable":true,"href":"https:\/\/minutobahia24h.com.br\/index.php?rest_route=%2Fwp%2Fv2%2Fcategories&post=7061"},{"taxonomy":"post_tag","embeddable":true,"href":"https:\/\/minutobahia24h.com.br\/index.php?rest_route=%2Fwp%2Fv2%2Ftags&post=7061"}],"curies":[{"name":"wp","href":"https:\/\/api.w.org\/{rel}","templated":true}]}}