{"id":7057,"date":"2024-01-22T07:12:53","date_gmt":"2024-01-22T10:12:53","guid":{"rendered":"https:\/\/minutobahia24h.com.br\/?p=7057"},"modified":"2024-01-22T07:12:55","modified_gmt":"2024-01-22T10:12:55","slug":"com-chuva-semana-deve-ter-queda-de-mais-de-5c-na-temperatura-veja-como-fica-o-tempo-em-cada-regiao","status":"publish","type":"post","link":"https:\/\/minutobahia24h.com.br\/?p=7057","title":{"rendered":"Com chuva, semana deve ter queda de mais de 5\u00b0C na temperatura; veja como fica o tempo em cada regi\u00e3o"},"content":{"rendered":"<div class=\"wp-block-image\">\n<figure class=\"aligncenter size-full\"><img data-recalc-dims=\"1\" fetchpriority=\"high\" decoding=\"async\" width=\"726\" height=\"485\" src=\"https:\/\/i0.wp.com\/minutobahia24h.com.br\/wp-content\/uploads\/2024\/01\/Sem-titulo-267.jpg?resize=726%2C485&#038;ssl=1\" alt=\"\" class=\"wp-image-7059\" srcset=\"https:\/\/i0.wp.com\/minutobahia24h.com.br\/wp-content\/uploads\/2024\/01\/Sem-titulo-267.jpg?w=726&amp;ssl=1 726w, https:\/\/i0.wp.com\/minutobahia24h.com.br\/wp-content\/uploads\/2024\/01\/Sem-titulo-267.jpg?resize=300%2C200&amp;ssl=1 300w\" sizes=\"(max-width: 726px) 100vw, 726px\" \/><\/figure>\n<\/div>\n\n\n<p>Com o\u00a0<strong>avan\u00e7o de uma frente fria<\/strong>\u00a0pelo Brasil, a semana deve ser de\u00a0<strong>tempo inst\u00e1vel\u00a0<\/strong>e\u00a0<strong>temperaturas mais amenas<\/strong>. O fen\u00f4meno, que causou\u00a0<a class=\"\" href=\"https:\/\/g1.globo.com\/meio-ambiente\/noticia\/2024\/01\/19\/frente-fria-causa-temporais-no-sudeste-a-partir-desta-sexta-veja-a-previsao-para-as-capitais.ghtml\">chuvas ao longo do fim de semana no Sudeste<\/a>, segue para interior do pa\u00eds, causando temporais no\u00a0<strong>Centro-Oeste<\/strong>\u00a0e no\u00a0<strong>sul do Nordeste<\/strong>.<\/p>\n\n\n\n<p>De acordo com o Instituto Nacional de Meteorologia (<a class=\"\" href=\"https:\/\/g1.globo.com\/tudo-sobre\/inmet\/\">Inmet<\/a>), a partir desta segunda-feira (22), os maiores volumes de chuva devem se concentrar entre o&nbsp;<strong>Esp\u00edrito Santo, sul da Bahia, centro-norte de Minas Gerais e Distrito Federal<\/strong>.<\/p>\n\n\n\n<p>Outro fen\u00f4meno meteorol\u00f3gico tamb\u00e9m deve trazer fortes chuvas para o&nbsp;<strong>Nordeste<\/strong>&nbsp;ao longo da semana: a&nbsp;<strong>Zona de Converg\u00eancia Intertropical (ZCIT)<\/strong>.<\/p>\n\n\n\n<p>\ud83d\udc49\u00a0<strong><em>Contextualiza\u00e7\u00e3o:\u00a0<\/em><\/strong><em>a\u00a0<\/em><strong><em>Zona de Converg\u00eancia Intertropical (ZCIT)<\/em><\/strong><em>\u00a0\u00e9 um\u00a0<\/em><strong><em>encontro de ventos na regi\u00e3o do Equador<\/em><\/strong><em>. \u00c9 dos principais sistemas meteorol\u00f3gicos\u00a0<\/em><strong><em>causadores de chuva<\/em><\/strong><em>\u00a0em parte das regi\u00f5es\u00a0<\/em><strong><em>Norte<\/em><\/strong><em>\u00a0e\u00a0<\/em><strong><em>Nordeste<\/em><\/strong><em>\u00a0do Brasil, segundo o Inmet.<\/em><\/p>\n\n\n\n<figure class=\"wp-block-image\"><img data-recalc-dims=\"1\" decoding=\"async\" src=\"https:\/\/i0.wp.com\/s2-g1.glbimg.com\/9FFZwdzITNuRACFviDlQYvggjDQ%3D\/0x0%3A625x565\/984x0\/smart\/filters%3Astrip_icc%28%29\/i.s3.glbimg.com\/v1\/AUTH_59edd422c0c84a879bd37670ae4f538a\/internal_photos\/bs\/2024\/s\/g\/BhV76wSJuyosOsUpNrNg\/chuva-nordeste.png?w=800&#038;ssl=1\" alt=\"Mapa mostra o acumulado de chuvas previsto para o Nordeste at\u00e9 sexta-feira (26). \u2014 Foto: INMET\"\/><\/figure>\n\n\n\n<p>Mapa mostra o acumulado de chuvas previsto para o Nordeste at\u00e9 sexta-feira (26). \u2014 Foto: INMET<\/p>\n\n\n\n<p>Com a atua\u00e7\u00e3o desse sistema, praticamente todo o Nordeste deve registrar chuva volumosa nesta semana. Os acumulados podem ser&nbsp;<strong>superiores a 100 mil\u00edmetros<\/strong>&nbsp;e as tempestades podem ser acompanhadas de&nbsp;<strong>descargas el\u00e9tricas<\/strong>&nbsp;e&nbsp;<strong>fortes rajadas de ventos<\/strong>.<\/p>\n\n\n\n<p>Os temporais devem ser mais intensos nos estados da&nbsp;<strong>Bahia<\/strong>,&nbsp;<strong>Piau\u00ed<\/strong>&nbsp;e&nbsp;<strong>Cear\u00e1<\/strong>. A chuva vai mudar o cen\u00e1rio de tempo quente e seco registrado na semana anterior, contribuindo tamb\u00e9m para o aumento na umidade do solo.<\/p>\n\n\n\n<p>De acordo com o Climatempo, nas regi\u00f5es&nbsp;<strong>Sul<\/strong>&nbsp;e&nbsp;<strong>Norte<\/strong>&nbsp;a previs\u00e3o tamb\u00e9m \u00e9 de chuvas ao longo da semana. Mas, diferentemente das demais \u00e1reas, as&nbsp;<strong>pancadas devem ser mais isoladas<\/strong>.<\/p>\n\n\n\n<p>Al\u00e9m da ZCIT, outro sistema metereol\u00f3gico pode ser formar ao longo da semana, contribuindo para a perman\u00eancia do tempo inst\u00e1vel: a&nbsp;<strong>Zona de Converg\u00eancia do Atl\u00e2ntico Sul (ZACS)<\/strong>.<\/p>\n\n\n\n<p><strong>\ud83d\udc49<\/strong><strong><em>&nbsp;Contextualiza\u00e7\u00e3o:<\/em><\/strong><em>&nbsp;segundo o Instituto Nacional de Meteorologia (Inmet), a Zona de Converg\u00eancia do Atl\u00e2ntico Sul (ZACS) se caracteriza por ser uma&nbsp;<\/em><strong><em>faixa extensa de nuvens<\/em><\/strong><em>, que normalmente se estende do&nbsp;<\/em><strong><em>Norte<\/em><\/strong><em>&nbsp;ao&nbsp;<\/em><strong><em>Sudeste<\/em><\/strong><em>&nbsp;do pa\u00eds. Esse sistema \u00e9 respons\u00e1vel por trazer instabilidade, al\u00e9m de volumes consider\u00e1veis de chuva.<\/em><\/p>\n\n\n\n<p>O sistema deve come\u00e7ar a se formar na ter\u00e7a-feira (23), mas seus efeitos ser\u00e3o sentidos somente a partir de quarta (24).<\/p>\n\n\n\n<p>Com a zona, \u00e1reas do sudeste do Amazonas, sul do Par\u00e1, norte de Mato Grosso e Tocantins, norte de Goi\u00e1s, sul e oeste da Bahia, norte de Minas e do Esp\u00edrito Santo, voltam a receber chuva persistente, que pode se estender at\u00e9 o in\u00edcio da pr\u00f3xima semana.<\/p>\n\n\n\n<h2 class=\"wp-block-heading\">Temperaturas mais amenas<\/h2>\n\n\n\n<p>Al\u00e9m das chuvas que devem atingir boa parte do Brasil, a&nbsp;<strong>frente fria deve amenizar as temperaturas<\/strong>&nbsp;ao longo desta semana.<\/p>\n\n\n\n<p>No&nbsp;<strong>Sudeste<\/strong>, por exemplo, onde a maioria das capitais registrou&nbsp;<strong>m\u00e1ximas pr\u00f3ximas aos 35\u00b0C&nbsp;<\/strong>na semana anterior, a&nbsp;<strong>temperatura n\u00e3o deve passar dos 30\u00b0C<\/strong>.<\/p>\n\n\n\n<p>O mesmo deve acontecer nas capitais do\u00a0<strong>Centro-Oeste<\/strong>\u00a0e do\u00a0<strong>Nordeste<\/strong>. As m\u00e1ximas que superaram os 36\u00b0C devem ficar mais pr\u00f3ximas dos 30\u00b0C.<\/p>\n\n\n\n<figure class=\"wp-block-image\"><img data-recalc-dims=\"1\" decoding=\"async\" src=\"https:\/\/i0.wp.com\/s2-g1.glbimg.com\/eIvknMwk4fqFZZnk4-K45Mr0ep0%3D\/0x0%3A480x360\/984x0\/smart\/filters%3Astrip_icc%28%29\/i.s3.glbimg.com\/v1\/AUTH_59edd422c0c84a879bd37670ae4f538a\/internal_photos\/bs\/2024\/8\/j\/RVeAnhTB6Z0QGB4eeYWA\/whatsapp-image-2024-01-19-at-14.29.44.jpeg?w=800&#038;ssl=1\" alt=\"O primeiro mapa mostra como ficaram as temperaturas m\u00e1ximas no Brasil na semana anterior. \u2014 Foto: Climatempo\"\/><\/figure>\n\n\n\n<p>O primeiro mapa mostra como ficaram as temperaturas m\u00e1ximas no Brasil na semana anterior. \u2014 Foto: Climatempo<\/p>\n\n\n\n<figure class=\"wp-block-image\"><img data-recalc-dims=\"1\" decoding=\"async\" src=\"https:\/\/i0.wp.com\/s2-g1.glbimg.com\/7X_hydwOsjj0ls1hx2m8pFeGxfw%3D\/0x0%3A480x360\/984x0\/smart\/filters%3Astrip_icc%28%29\/i.s3.glbimg.com\/v1\/AUTH_59edd422c0c84a879bd37670ae4f538a\/internal_photos\/bs\/2024\/h\/o\/EcRe8IQGuI1Hps7WH7Rg\/whatsapp-image-2024-01-19-at-14.00.53.jpeg?w=800&#038;ssl=1\" alt=\"No segundo mapa, \u00e9 poss\u00edvel ver como as m\u00e1ximas devem ficar mais amenas nesta semana. \u2014 Foto: Climatempo\"\/><\/figure>\n\n\n\n<p>No segundo mapa, \u00e9 poss\u00edvel ver como as m\u00e1ximas devem ficar mais amenas nesta semana. \u2014 Foto: Climatempo<\/p>\n\n\n\n<p>No&nbsp;<strong>Sul<\/strong>, Paran\u00e1 e Rio Grande do Sul tamb\u00e9m devem registrar<strong>&nbsp;temperaturas mais amenas<\/strong>, na casa dos 27\u00b0C. J\u00e1 Santa Catarina, que estava com term\u00f4metros beirando o 20\u00b0C nos \u00faltimos dias, pode registrar m\u00e1ximas de at\u00e9 30\u00b0C.<\/p>\n\n\n\n<p>Na regi\u00e3o&nbsp;<strong>Norte<\/strong>, a expectativa \u00e9 que as&nbsp;<strong>temperaturas fiquem pr\u00f3ximas ao que foi observado na semana anterior<\/strong>, por volta dos 35\u00b0C.<\/p>\n","protected":false},"excerpt":{"rendered":"<p>Com o\u00a0avan\u00e7o de uma frente fria\u00a0pelo Brasil, a semana deve ser de\u00a0tempo inst\u00e1vel\u00a0e\u00a0temperaturas mais amenas. O fen\u00f4meno, que causou\u00a0chuvas ao longo do fim de semana no Sudeste, segue para interior do pa\u00eds, causando temporais no\u00a0Centro-Oeste\u00a0e no\u00a0sul do Nordeste. De acordo com o Instituto Nacional de Meteorologia (Inmet), a partir desta segunda-feira (22), os maiores volumes [&hellip;]<\/p>\n","protected":false},"author":2,"featured_media":7059,"comment_status":"open","ping_status":"open","sticky":false,"template":"","format":"standard","meta":{"_jetpack_memberships_contains_paid_content":false,"footnotes":""},"categories":[46],"tags":[],"class_list":["post-7057","post","type-post","status-publish","format-standard","has-post-thumbnail","hentry","category-noticia"],"aioseo_notices":[],"jetpack_featured_media_url":"https:\/\/i0.wp.com\/minutobahia24h.com.br\/wp-content\/uploads\/2024\/01\/Sem-titulo-267.jpg?fit=726%2C485&ssl=1","jetpack_sharing_enabled":true,"_links":{"self":[{"href":"https:\/\/minutobahia24h.com.br\/index.php?rest_route=\/wp\/v2\/posts\/7057","targetHints":{"allow":["GET"]}}],"collection":[{"href":"https:\/\/minutobahia24h.com.br\/index.php?rest_route=\/wp\/v2\/posts"}],"about":[{"href":"https:\/\/minutobahia24h.com.br\/index.php?rest_route=\/wp\/v2\/types\/post"}],"author":[{"embeddable":true,"href":"https:\/\/minutobahia24h.com.br\/index.php?rest_route=\/wp\/v2\/users\/2"}],"replies":[{"embeddable":true,"href":"https:\/\/minutobahia24h.com.br\/index.php?rest_route=%2Fwp%2Fv2%2Fcomments&post=7057"}],"version-history":[{"count":1,"href":"https:\/\/minutobahia24h.com.br\/index.php?rest_route=\/wp\/v2\/posts\/7057\/revisions"}],"predecessor-version":[{"id":7060,"href":"https:\/\/minutobahia24h.com.br\/index.php?rest_route=\/wp\/v2\/posts\/7057\/revisions\/7060"}],"wp:featuredmedia":[{"embeddable":true,"href":"https:\/\/minutobahia24h.com.br\/index.php?rest_route=\/wp\/v2\/media\/7059"}],"wp:attachment":[{"href":"https:\/\/minutobahia24h.com.br\/index.php?rest_route=%2Fwp%2Fv2%2Fmedia&parent=7057"}],"wp:term":[{"taxonomy":"category","embeddable":true,"href":"https:\/\/minutobahia24h.com.br\/index.php?rest_route=%2Fwp%2Fv2%2Fcategories&post=7057"},{"taxonomy":"post_tag","embeddable":true,"href":"https:\/\/minutobahia24h.com.br\/index.php?rest_route=%2Fwp%2Fv2%2Ftags&post=7057"}],"curies":[{"name":"wp","href":"https:\/\/api.w.org\/{rel}","templated":true}]}}