{"id":7053,"date":"2024-01-22T07:08:36","date_gmt":"2024-01-22T10:08:36","guid":{"rendered":"https:\/\/minutobahia24h.com.br\/?p=7053"},"modified":"2024-01-22T07:08:37","modified_gmt":"2024-01-22T10:08:37","slug":"sisu-2024-confira-datas-mudancas-nas-regras-numero-de-vagas-e-outras-dicas-sobre-o-programa","status":"publish","type":"post","link":"https:\/\/minutobahia24h.com.br\/?p=7053","title":{"rendered":"Sisu 2024: confira datas, mudan\u00e7as nas regras, n\u00famero de vagas e outras dicas sobre o programa"},"content":{"rendered":"<div class=\"wp-block-image\">\n<figure class=\"aligncenter size-full\"><img data-recalc-dims=\"1\" fetchpriority=\"high\" decoding=\"async\" width=\"800\" height=\"382\" src=\"https:\/\/i0.wp.com\/minutobahia24h.com.br\/wp-content\/uploads\/2024\/01\/Sem-titulo-266.jpg?resize=800%2C382&#038;ssl=1\" alt=\"\" class=\"wp-image-7055\" srcset=\"https:\/\/i0.wp.com\/minutobahia24h.com.br\/wp-content\/uploads\/2024\/01\/Sem-titulo-266.jpg?w=984&amp;ssl=1 984w, https:\/\/i0.wp.com\/minutobahia24h.com.br\/wp-content\/uploads\/2024\/01\/Sem-titulo-266.jpg?resize=300%2C143&amp;ssl=1 300w, https:\/\/i0.wp.com\/minutobahia24h.com.br\/wp-content\/uploads\/2024\/01\/Sem-titulo-266.jpg?resize=768%2C367&amp;ssl=1 768w, https:\/\/i0.wp.com\/minutobahia24h.com.br\/wp-content\/uploads\/2024\/01\/Sem-titulo-266.jpg?resize=750%2C358&amp;ssl=1 750w\" sizes=\"(max-width: 800px) 100vw, 800px\" \/><figcaption class=\"wp-element-caption\">Processo seletivo para o Sisu 2024 come\u00e7a em 22 de janeiro. \u2014 Foto: Reprodu\u00e7\u00e3o<br><\/figcaption><\/figure>\n<\/div>\n\n\n<p>As inscri\u00e7\u00f5es no processo seletivo para o\u00a0<a class=\"\" href=\"https:\/\/g1.globo.com\/tudo-sobre\/sisu\/\">Sisu<\/a>\u00a02024, programa do Minist\u00e9rio da Educa\u00e7\u00e3o (<a class=\"\" href=\"https:\/\/g1.globo.com\/tudo-sobre\/ministerio-da-educacao\/\">MEC<\/a>) que seleciona estudantes para universidades p\u00fablicas do pa\u00eds, come\u00e7am nesta segunda-feira (22) e v\u00e3o at\u00e9 quinta-feira (25).<\/p>\n\n\n\n<p>\ud83d\udcca O programa tem duas mudan\u00e7as importantes:<\/p>\n\n\n\n<ol class=\"wp-block-list\">\n<li>Neste ano,&nbsp;ter\u00e1 apenas uma edi\u00e7\u00e3o: s\u00f3 agora em janeiro. N\u00e3o haver\u00e1 mais o processo seletivo que era realizado no meio do ano.<\/li>\n\n\n\n<li>Al\u00e9m disso,&nbsp;as regras para a ades\u00e3o por meio de cotas tamb\u00e9m mudaram.<\/li>\n<\/ol>\n\n\n\n<p>Abaixo, veja detalhes sobre essas mudan\u00e7as e confira as respostas para outras d\u00favidas sobre o Sisu.<\/p>\n\n\n\n<h2 class=\"wp-block-heading\">\ud83d\uddd3\ufe0f Datas do Sisu<\/h2>\n\n\n\n<p>Pela primeira vez, o Sistema de Sele\u00e7\u00e3o Unificada ter\u00e1 uma edi\u00e7\u00e3o \u00fanica. Com isso,\u00a0<strong>a sele\u00e7\u00e3o de candidatos para o segundo semestre letivo de 2024 vai acontecer nas mesmas datas da sele\u00e7\u00e3o para o primeiro semestre<\/strong>.<\/p>\n\n\n\n<p>Portanto, para todos que quiserem se candidatar a vagas em universidades p\u00fablicas pelo Sisu neste ano, o cronograma ser\u00e1 o seguinte:<\/p>\n\n\n\n<ul class=\"wp-block-list\">\n<li><strong>Inscri\u00e7\u00f5es:<\/strong>&nbsp;22 a 25 de janeiro de 2024<\/li>\n\n\n\n<li><strong>Resultados da 1\u00aa chamada:<\/strong>&nbsp;30 de janeiro de 2024<\/li>\n\n\n\n<li><strong>Matr\u00edculas:&nbsp;<\/strong>1\u00ba a 7 de fevereiro de 2024<\/li>\n\n\n\n<li><strong>Participa\u00e7\u00e3o na lista de espera:&nbsp;<\/strong>manifestar interesse entre 30 de janeiro e 7 de fevereiro de 2024<\/li>\n\n\n\n<li><strong>Resultado das listas de espera:&nbsp;<\/strong>datas ser\u00e3o definidas por cada universidade<\/li>\n<\/ul>\n\n\n\n<p><strong>\u27a1\ufe0f Quem est\u00e1 apto a participar?&nbsp;<\/strong>Alunos que tenham feito o&nbsp;<a class=\"\" href=\"https:\/\/g1.globo.com\/tudo-sobre\/enem\/\">Enem<\/a>&nbsp;2023 e tirado nota acima de zero na reda\u00e7\u00e3o. Treineiros n\u00e3o ser\u00e3o aceitos.<\/p>\n\n\n\n<p><strong>\u27a1\ufe0f Posso escolher em qual semestre vou entrar na faculdade?<\/strong>&nbsp;N\u00e3o. Caber\u00e1 \u00e0 universidade, por meio da ordem da lista de classifica\u00e7\u00e3o de candidatos, selecionar quem estudar\u00e1 em cada semestre.<\/p>\n\n\n\n<h2 class=\"wp-block-heading\">\ud83d\udcda Op\u00e7\u00f5es de vaga<\/h2>\n\n\n\n<p>No ato da inscri\u00e7\u00e3o, o candidato deve selecionar at\u00e9 duas op\u00e7\u00f5es de curso ou universidade, que podem ser alteradas quantas vezes quiser, desde que entre 22 e 25 de janeiro.<\/p>\n\n\n\n<p>Valer\u00e3o as op\u00e7\u00f5es que estiverem marcadas no sistema \u00e0s 25h59 do dia 25, quando o prazo de inscri\u00e7\u00e3o se encerra.<\/p>\n\n\n\n<p>Uma dica \u00e9 monitorar as notas de corte parciais divulgadas pelo\u00a0<a class=\"\" href=\"https:\/\/g1.globo.com\/tudo-sobre\/inep\/\">Inep<\/a>\u00a0a cada madrugada. Elas d\u00e3o uma boa no\u00e7\u00e3o das chances de classifica\u00e7\u00e3o em cada curso.<\/p>\n\n\n\n<h2 class=\"wp-block-heading\">\ud83d\udcdd Mudan\u00e7a nas cotas<\/h2>\n\n\n\n<p>O Sisu oferece vagas via Lei de Cotas para pretos, pardos, ind\u00edgenas, quilombolas e pessoas com defici\u00eancia. Mas, neste ano, foram anunciadas algumas mudan\u00e7as para a candidatura a essas vagas:<\/p>\n\n\n\n<ol class=\"wp-block-list\">\n<li>Todos os candidatos concorrer\u00e3o, primeiramente, \u00e0s vagas de ampla concorr\u00eancia.<\/li>\n\n\n\n<li>Caso n\u00e3o alcancem as notas nesta modalidade e fa\u00e7am parte de algum dos grupos de cotas (os crit\u00e9rios s\u00e3o de ra\u00e7a e de renda), a\u00ed, sim, entrar\u00e3o na disputa pelo benef\u00edcio.<\/li>\n\n\n\n<li>Com isso, se uma pessoa autodeclarada preta, por exemplo, tirar uma nota mais alta que a exigida na ampla concorr\u00eancia, ser\u00e1 aprovada na &#8220;lista geral&#8221; e&nbsp;n\u00e3o tirar\u00e1 a vaga de um cotista com desempenho mais baixo.<\/li>\n<\/ol>\n\n\n\n<p>At\u00e9 o Sisu 2023, quem tinha direito \u00e0s cotas j\u00e1 participava, desde o in\u00edcio, de uma classifica\u00e7\u00e3o \u00e0 parte, separada da ampla concorr\u00eancia.<\/p>\n\n\n\n<h2 class=\"wp-block-heading\">\ud83d\udccc Total de vagas do Sisu<\/h2>\n\n\n\n<p>Neste ano, o Sisu contar\u00e1 com&nbsp;<strong>264.360 vagas<\/strong>, distribu\u00eddas entre 127 institui\u00e7\u00f5es de educa\u00e7\u00e3o superior.<\/p>\n\n\n\n<p>A Universidade Federal do Rio de Janeiro (UFRJ) lidera a lista com 9.240 vagas.<\/p>\n\n\n\n<p>Quantitativo de vagas por institui\u00e7\u00e3o<\/p>\n\n\n\n<figure class=\"wp-block-table\"><table><tbody><tr><td>POSI\u00c7\u00c3O POR N\u00ba DE VAGAS<\/td><td>INSTITUI\u00c7\u00c3O<\/td><td>N\u00ba DE VAGAS<\/td><\/tr><tr><td>1<\/td><td>Universidade Federal do Rio de Janeiro (UFRJ)<\/td><td>9.240<\/td><\/tr><tr><td>2<\/td><td>Universidade Federal Fluminense (UFF)<\/td><td>8.788<\/td><\/tr><tr><td>3<\/td><td>Universidade Federal da Para\u00edba (UFPB)<\/td><td>7.750<\/td><\/tr><tr><td>4<\/td><td>Universidade Federal do Rio Grande do Norte (UFRN)<\/td><td>7.186<\/td><\/tr><tr><td>5<\/td><td>Universidade Federal de Pernambuco (UFPE)<\/td><td>7.012<\/td><\/tr><tr><td>6<\/td><td>Universidade Federal de Minas Gerais (UFMG)<\/td><td>6.309<\/td><\/tr><tr><td>7<\/td><td>Universidade Federal do Cear\u00e1 (UFC)<\/td><td>6.278<\/td><\/tr><tr><td>8<\/td><td>Universidade Federal da Bahia (UFBA)<\/td><td>6.170<\/td><\/tr><tr><td>9<\/td><td>Universidade Estadual da Para\u00edba (UEPB)<\/td><td>5.988<\/td><\/tr><tr><td>10<\/td><td>Universidade Federal do Maranh\u00e3o (UFMA)<\/td><td>5.884<\/td><\/tr><tr><td>11<\/td><td>Universidade Federal de Sergipe (UFS)<\/td><td>5.640<\/td><\/tr><tr><td>12<\/td><td>Instituto Federal de Educa\u00e7\u00e3o, Ci\u00eancia e Tecnologia de S\u00e3o Paulo (IFSP)<\/td><td>5.520<\/td><\/tr><tr><td>13<\/td><td>Universidade Federal de Alagoas (Ufal)<\/td><td>5.423<\/td><\/tr><tr><td>14<\/td><td>Instituto Federal de Educa\u00e7\u00e3o, Ci\u00eancia e Tecnologia do Cear\u00e1 (IFCE)<\/td><td>5.342<\/td><\/tr><tr><td>15<\/td><td>Universidade Federal do Piau\u00ed (UFPI)<\/td><td>5.264<\/td><\/tr><tr><td>16<\/td><td>Universidade Federal do Esp\u00edrito Santo (Ufes)<\/td><td>5.026<\/td><\/tr><tr><td>17<\/td><td>Universidade Federal de Mato Grosso (UFMT)<\/td><td>4.959<\/td><\/tr><tr><td>18<\/td><td>Universidade Federal de Campina Grande (UFCG)<\/td><td>4.645<\/td><\/tr><tr><td>19<\/td><td>Universidade Federal de Goi\u00e1s (UFG)<\/td><td>4.494<\/td><\/tr><tr><td>20<\/td><td>Universidade Estadual do Piau\u00ed (UESPI)<\/td><td>4.215<\/td><\/tr><tr><td>21<\/td><td>Universidade Federal Rural do Rio de Janeiro (UFRRJ)<\/td><td>3.870<\/td><\/tr><tr><td>22<\/td><td>Universidade Federal Rural de Pernambuco (UFRPE)<\/td><td>3.620<\/td><\/tr><tr><td>23<\/td><td>Universidade Federal de Pelotas (UFPEL)<\/td><td>3.429<\/td><\/tr><tr><td>24<\/td><td>Universidade Federal de Santa Maria (UFSM)<\/td><td>3.319<\/td><\/tr><tr><td>25<\/td><td>Instituto Federal de Educa\u00e7\u00e3o, Ci\u00eancia e Tecnologia da Para\u00edba (IFPB)<\/td><td>3.290<\/td><\/tr><tr><td>26<\/td><td>Universidade Federal de Vi\u00e7osa (UFV)<\/td><td>3.255<\/td><\/tr><tr><td>27<\/td><td>Universidade Federal de Uberl\u00e2ndia (UFU)<\/td><td>3.204<\/td><\/tr><tr><td>28<\/td><td>Universidade Federal de S\u00e3o Paulo (Unifesp)<\/td><td>2.998<\/td><\/tr><tr><td>29<\/td><td>Universidade Federal de S\u00e3o Carlos (UFSCar)<\/td><td>2.917<\/td><\/tr><tr><td>30<\/td><td>Universidade Federal de Ouro Preto (Ufop)<\/td><td>2.799<\/td><\/tr><tr><td>31<\/td><td>Universidade Federal de S\u00e3o Jo\u00e3o del Rei (UFSJ)<\/td><td>2.755<\/td><\/tr><tr><td>32<\/td><td>Universidade Federal do Rec\u00f4ncavo da Bahia (UFRB)<\/td><td>2.720<\/td><\/tr><tr><td>33<\/td><td>Universidade do Estado da Bahia (Uneb)<\/td><td>2.610<\/td><\/tr><tr><td>34<\/td><td>Universidade Federal do Rio Grande (Furg)<\/td><td>2.571<\/td><\/tr><tr><td>35<\/td><td>Instituto Federal de Educa\u00e7\u00e3o, Ci\u00eancia e Tecnologia da Bahia (IFBA)<\/td><td>2.542<\/td><\/tr><tr><td>36<\/td><td>Universidade do Estado do Rio Grande do Norte (UERN)<\/td><td>2.509<\/td><\/tr><tr><td>37<\/td><td>Universidade Federal do Estado do Rio de Janeiro (Unirio)<\/td><td>2.443<\/td><\/tr><tr><td>38<\/td><td>Universidade Federal do Amazonas (Ufam)<\/td><td>2.439<\/td><\/tr><tr><td>39<\/td><td>Universidade do Estado de Mato Grosso Carlos Alberto Reyes Maldonado (Unemat)<\/td><td>2.350<\/td><\/tr><tr><td>40<\/td><td>Universidade Federal do Acre (Ufac)<\/td><td>2.300<\/td><\/tr><tr><td>41<\/td><td>Universidade Federal da Fronteira Sul (UFFS)<\/td><td>2.272<\/td><\/tr><tr><td>42<\/td><td>Universidade Federal de Juiz de Fora (UFJF)<\/td><td>2.251<\/td><\/tr><tr><td>43<\/td><td>Funda\u00e7\u00e3o Universidade Federal do Pampa (Unipampa)<\/td><td>2.228<\/td><\/tr><tr><td>44<\/td><td>Universidade Estadual de Feira de Santana (UEFS)<\/td><td>2.134<\/td><\/tr><tr><td>45<\/td><td>Universidade Federal do Sul da Bahia (UFSB)<\/td><td>2.132<\/td><\/tr><tr><td>46<\/td><td>Centro Federal de Educa\u00e7\u00e3o Tecnol\u00f3gica Celso Suckow da Fonseca (Cefet-RJ)<\/td><td>2.080<\/td><\/tr><tr><td>47<\/td><td>Universidade Federal de Mato Grosso do Sul (UFMS)<\/td><td>2.063<\/td><\/tr><tr><td>48<\/td><td>Instituto Federal de Educa\u00e7\u00e3o, Ci\u00eancia e Tecnologia do Maranh\u00e3o (IFMA)<\/td><td>2.050<\/td><\/tr><tr><td>49<\/td><td>Universidade Federal de Lavras (Ufla)<\/td><td>2.005<\/td><\/tr><tr><td>50<\/td><td>Funda\u00e7\u00e3o Universidade Federal do ABC (UFABC)<\/td><td>1.988<\/td><\/tr><tr><td>51<\/td><td>Universidade Federal dos Vales do Jequitinhonha e Mucuri (UFVJM)<\/td><td>1.958<\/td><\/tr><tr><td>52<\/td><td>Universidade Federal de Santa Catarina (UFSC)<\/td><td>1.926<\/td><\/tr><tr><td>53<\/td><td>Instituto Federal de Educa\u00e7\u00e3o, Ci\u00eancia e Tecnologia do Esp\u00edrito Santo (Ifes)<\/td><td>1.907<\/td><\/tr><tr><td>54<\/td><td>Universidade de Pernambuco (UPE)<\/td><td>1.800<\/td><\/tr><tr><td>55<\/td><td>Universidade Estadual de Santa Cruz (Uesc)<\/td><td>1.746<\/td><\/tr><tr><td>56<\/td><td>Universidade Federal do Rio Grande do Sul (UFRGS)<\/td><td>1.718<\/td><\/tr><tr><td>57<\/td><td>Universidade Tecnol\u00f3gica Federal do Paran\u00e1 (UTFPR)<\/td><td>1.710<\/td><\/tr><tr><td>58<\/td><td>Universidade Federal de Alfenas (Unifal-MG)<\/td><td>1.689<\/td><\/tr><tr><td>59<\/td><td>Universidade do Estado de Minas Gerais (UEMG)<\/td><td>1.620<\/td><\/tr><tr><td>60<\/td><td>Instituto Federal de Educa\u00e7\u00e3o, Ci\u00eancia e Tecnologia do Rio Grande do Norte (IFRN)<\/td><td>1.497<\/td><\/tr><tr><td>61<\/td><td>Universidade Federal Rural do Semi-\u00c1rido (Ufersa)<\/td><td>1.485<\/td><\/tr><tr><td>62<\/td><td>Instituto Federal de Educa\u00e7\u00e3o, Ci\u00eancia e Tecnologia de Santa Catarina (IFSC)<\/td><td>1.472<\/td><\/tr><tr><td>63<\/td><td>Universidade Federal do Sul e Sudeste do Par\u00e1 (Unifesspa)<\/td><td>1.360<\/td><\/tr><tr><td>64<\/td><td>Universidade Federal do Paran\u00e1 (UFPR)<\/td><td>1.287<\/td><\/tr><tr><td>65<\/td><td>Universidade Estadual do Oeste do Paran\u00e1 (Unioeste)<\/td><td>1.238<\/td><\/tr><tr><td>66<\/td><td>Universidade Estadual de Mato Grosso do Sul (UEMS)<\/td><td>1.232<\/td><\/tr><tr><td>67<\/td><td>Universidade Federal de Itajub\u00e1 (Unifei)<\/td><td>1.230<\/td><\/tr><tr><td>68<\/td><td>Universidade Federal de Rondon\u00f3polis (UFR)<\/td><td>1.213<\/td><\/tr><tr><td>69<\/td><td>Funda\u00e7\u00e3o Universidade Federal do Vale do S\u00e3o Francisco (Univasf)<\/td><td>1.189<\/td><\/tr><tr><td>70<\/td><td>Instituto Federal de Educa\u00e7\u00e3o, Ci\u00eancia e Tecnologia de Bras\u00edlia (IFB)<\/td><td>1.162<\/td><\/tr><tr><td>71<\/td><td>Universidade da Integra\u00e7\u00e3o Internacional da Lusofonia Afro-Brasileira (Unilab)<\/td><td>1.142<\/td><\/tr><tr><td>72<\/td><td>Universidade Federal Rural da Amaz\u00f4nia (Ufra)<\/td><td>1.135<\/td><\/tr><tr><td>73<\/td><td>Universidade Estadual do Paran\u00e1 (Unespar)<\/td><td>1.117<\/td><\/tr><tr><td>74<\/td><td>Universidade Estadual de Alagoas (Uneal)<\/td><td>1.115<\/td><\/tr><tr><td>75<\/td><td>Universidade Federal de Jata\u00ed (UFJ)<\/td><td>1.080<\/td><\/tr><tr><td>76<\/td><td>Universidade Federal do Cariri (UFCA)<\/td><td>1.070<\/td><\/tr><tr><td>77<\/td><td>Universidade Federal de Catal\u00e3o (UFCat)<\/td><td>1.070<\/td><\/tr><tr><td>78<\/td><td>Universidade Federal do Delta do Parna\u00edba (UFDPAR)<\/td><td>1.036<\/td><\/tr><tr><td>79<\/td><td>Universidade Federal do Oeste da Bahia (Ufob)<\/td><td>1.021<\/td><\/tr><tr><td>80<\/td><td>Universidade Estadual do Sudoeste da Bahia (Uesb)<\/td><td>993<\/td><\/tr><tr><td>81<\/td><td>Instituto Federal de Educa\u00e7\u00e3o, Ci\u00eancia e Tecnologia do Sert\u00e3o Pernambucano (IFSert\u00e3o-PE)<\/td><td>969<\/td><\/tr><tr><td>82<\/td><td>Instituto Federal de Educa\u00e7\u00e3o, Ci\u00eancia e Tecnologia Catarinense (IFC)<\/td><td>953<\/td><\/tr><tr><td>83<\/td><td>Universidade Federal do Tri\u00e2ngulo Mineiro (UFTM)<\/td><td>944<\/td><\/tr><tr><td>84<\/td><td>Instituto Federal de Educa\u00e7\u00e3o, Ci\u00eancia e Tecnologia Baiano (IF Baiano)<\/td><td>925<\/td><\/tr><tr><td>85<\/td><td>Centro Federal de Educa\u00e7\u00e3o Tecnol\u00f3gica de Minas Gerais (Cefet &#8211; MG)<\/td><td>912<\/td><\/tr><tr><td>86<\/td><td>Instituto Federal de Educa\u00e7\u00e3o, Ci\u00eancia e Tecnologia de Minas Gerais (IFMG)<\/td><td>885<\/td><\/tr><tr><td>87<\/td><td>Universidade Federal da Integra\u00e7\u00e3o Latino-Americana (Unila)<\/td><td>841<\/td><\/tr><tr><td>88<\/td><td>Funda\u00e7\u00e3o Universidade Federal da Grande Dourados (UFGD)<\/td><td>815<\/td><\/tr><tr><td>89<\/td><td>Instituto Federal de Educa\u00e7\u00e3o, Ci\u00eancia e Tecnologia Fluminense (IF Fluminense)<\/td><td>775<\/td><\/tr><tr><td>90<\/td><td>Funda\u00e7\u00e3o Universidade do Estado de Santa Catarina (Udesc)<\/td><td>767<\/td><\/tr><tr><td>91<\/td><td>Universidade Estadual do Centro-Oeste (Unicentro)<\/td><td>733<\/td><\/tr><tr><td>92<\/td><td>Instituto Federal de Educa\u00e7\u00e3o, Ci\u00eancia e Tecnologia do Rio de Janeiro (IFRJ)<\/td><td>723<\/td><\/tr><tr><td>93<\/td><td>Universidade Federal de Roraima (UFRR)<\/td><td>719<\/td><\/tr><tr><td>94<\/td><td>Instituto Federal de Educa\u00e7\u00e3o, Ci\u00eancia e Tecnologia Sul-Rio-Grandense (IFSul)<\/td><td>697<\/td><\/tr><tr><td>95<\/td><td>Funda\u00e7\u00e3o Universidade Federal do Tocantins (UFT)<\/td><td>688<\/td><\/tr><tr><td>96<\/td><td>Funda\u00e7\u00e3o Universidade Federal de Ci\u00eancias da Sa\u00fade de Porto Alegre (UFCSPA)<\/td><td>670<\/td><\/tr><tr><td>97<\/td><td>Instituto Federal de Educa\u00e7\u00e3o, Ci\u00eancia e Tecnologia do Amap\u00e1 (Ifap)<\/td><td>664<\/td><\/tr><tr><td>98<\/td><td>Universidade Estadual de Maring\u00e1 (UEM)<\/td><td>661<\/td><\/tr><tr><td>99<\/td><td>Instituto Federal de Educa\u00e7\u00e3o, Ci\u00eancia e Tecnologia do Norte de Minas Gerais (IFNMG)<\/td><td>646<\/td><\/tr><tr><td>100<\/td><td>Instituto Federal de Educa\u00e7\u00e3o, Ci\u00eancia e Tecnologia de Alagoas (Ifal)<\/td><td>620<\/td><\/tr><tr><td>101<\/td><td>Universidade Estadual de Londrina (UEL)<\/td><td>589<\/td><\/tr><tr><td>102<\/td><td>Instituto Federal de Educa\u00e7\u00e3o, Ci\u00eancia e Tecnologia de Pernambuco (IFPE)<\/td><td>581<\/td><\/tr><tr><td>103<\/td><td>Universidade Federal do Agreste de Pernambuco (Ufape)<\/td><td>560<\/td><\/tr><tr><td>104<\/td><td>Universidade Estadual do Norte Fluminense Darcy Ribeiro (UENF)<\/td><td>558<\/td><\/tr><tr><td>105<\/td><td>Instituto Federal de Educa\u00e7\u00e3o, Ci\u00eancia e Tecnologia do Sudeste de Minas Gerais (IFSEMG)<\/td><td>542<\/td><\/tr><tr><td>106<\/td><td>Universidade Estadual de Montes Claros (Unimontes)<\/td><td>470<\/td><\/tr><tr><td>107<\/td><td>Instituto Federal de Educa\u00e7\u00e3o, Ci\u00eancia e Tecnologia de Sergipe (IFS)<\/td><td>432<\/td><\/tr><tr><td>108<\/td><td>Universidade Estadual de Ci\u00eancias da Sa\u00fade de Alagoas (Uncisal)<\/td><td>400<\/td><\/tr><tr><td>109<\/td><td>Universidade Estadual do Norte do Paran\u00e1 (UENP)<\/td><td>368<\/td><\/tr><tr><td>110<\/td><td>Instituto Federal de Educa\u00e7\u00e3o, Ci\u00eancia e Tecnologia de Mato Grosso do Sul (IFMS)<\/td><td>320<\/td><\/tr><tr><td>111<\/td><td>Instituto Federal de Educa\u00e7\u00e3o, Ci\u00eancia e Tecnologia do Amazonas (Ifam)<\/td><td>310<\/td><\/tr><tr><td>112<\/td><td>Universidade Federal do Norte do Tocantins (UFNT)<\/td><td>280<\/td><\/tr><tr><td>113<\/td><td>Instituto Federal de Educa\u00e7\u00e3o, Ci\u00eancia e Tecnologia do Sul de Minas Gerais (IFSULDEMINAS)<\/td><td>270<\/td><\/tr><tr><td>114<\/td><td>Instituto Federal de Educa\u00e7\u00e3o, Ci\u00eancia e Tecnologia de Goi\u00e1s (IFG)<\/td><td>184<\/td><\/tr><tr><td>115<\/td><td>Faculdade de Educa\u00e7\u00e3o Tecnol\u00f3gica do Estado do Rio de Janeiro Fernando Mota (FAETERJ-Rio)<\/td><td>184<\/td><\/tr><tr><td>116<\/td><td>Instituto Federal de Educa\u00e7\u00e3o, Ci\u00eancia e Tecnologia do Tocantins (IFTO)<\/td><td>178<\/td><\/tr><tr><td>117<\/td><td>Col\u00e9gio Pedro II (CP II)<\/td><td>160<\/td><\/tr><tr><td>118<\/td><td>Universidade do Distrito Federal (UnDF)<\/td><td>160<\/td><\/tr><tr><td>119<\/td><td>Escola Nacional de Ci\u00eancias Estat\u00edsticas (Ence)<\/td><td>120<\/td><\/tr><tr><td>120<\/td><td>Instituto Superior de Educa\u00e7\u00e3o do Rio de Janeiro (Iserj)<\/td><td>120<\/td><\/tr><tr><td>121<\/td><td>Faculdade de Educa\u00e7\u00e3o Tecnol\u00f3gica do Estado do Rio de Janeiro (Faeterj &#8211; Paracambi)<\/td><td>112<\/td><\/tr><tr><td>122<\/td><td>Faculdade de Educa\u00e7\u00e3o Tecnol\u00f3gica do Estado do Rio de Janeiro (Faeterj &#8211; Petr\u00f3polis)<\/td><td>92<\/td><\/tr><tr><td>123<\/td><td>Faculdade Municipal de Educa\u00e7\u00e3o e Meio Ambiente (Fama)<\/td><td>86<\/td><\/tr><tr><td>124<\/td><td>Instituto Superior de Educa\u00e7\u00e3o Professor Aldo Muylaert (Isepam)<\/td><td>72<\/td><\/tr><tr><td>125<\/td><td>Faculdade de Educa\u00e7\u00e3o Tecnol\u00f3gica do Estado do Rio de Janeiro (Faeterj-Caxias)<\/td><td>56<\/td><\/tr><tr><td>126<\/td><td>Instituto Federal de Educa\u00e7\u00e3o, Ci\u00eancia e Tecnologia de Roraima (IFRR)<\/td><td>49<\/td><\/tr><tr><td>127<\/td><td>Faculdade de Medicina de Mar\u00edlia (Famema)<\/td><td>6<\/td><\/tr><\/tbody><\/table><\/figure>\n\n\n\n<p>Fonte: Secretaria de Educa\u00e7\u00e3o Superior do MEC<\/p>\n","protected":false},"excerpt":{"rendered":"<p>As inscri\u00e7\u00f5es no processo seletivo para o\u00a0Sisu\u00a02024, programa do Minist\u00e9rio da Educa\u00e7\u00e3o (MEC) que seleciona estudantes para universidades p\u00fablicas do pa\u00eds, come\u00e7am nesta segunda-feira (22) e v\u00e3o at\u00e9 quinta-feira (25). \ud83d\udcca O programa tem duas mudan\u00e7as importantes: Abaixo, veja detalhes sobre essas mudan\u00e7as e confira as respostas para outras d\u00favidas sobre o Sisu. \ud83d\uddd3\ufe0f Datas [&hellip;]<\/p>\n","protected":false},"author":2,"featured_media":7055,"comment_status":"open","ping_status":"open","sticky":false,"template":"","format":"standard","meta":{"_jetpack_memberships_contains_paid_content":false,"footnotes":""},"categories":[34],"tags":[],"class_list":["post-7053","post","type-post","status-publish","format-standard","has-post-thumbnail","hentry","category-educacao"],"aioseo_notices":[],"jetpack_featured_media_url":"https:\/\/i0.wp.com\/minutobahia24h.com.br\/wp-content\/uploads\/2024\/01\/Sem-titulo-266.jpg?fit=984%2C470&ssl=1","jetpack_sharing_enabled":true,"_links":{"self":[{"href":"https:\/\/minutobahia24h.com.br\/index.php?rest_route=\/wp\/v2\/posts\/7053","targetHints":{"allow":["GET"]}}],"collection":[{"href":"https:\/\/minutobahia24h.com.br\/index.php?rest_route=\/wp\/v2\/posts"}],"about":[{"href":"https:\/\/minutobahia24h.com.br\/index.php?rest_route=\/wp\/v2\/types\/post"}],"author":[{"embeddable":true,"href":"https:\/\/minutobahia24h.com.br\/index.php?rest_route=\/wp\/v2\/users\/2"}],"replies":[{"embeddable":true,"href":"https:\/\/minutobahia24h.com.br\/index.php?rest_route=%2Fwp%2Fv2%2Fcomments&post=7053"}],"version-history":[{"count":1,"href":"https:\/\/minutobahia24h.com.br\/index.php?rest_route=\/wp\/v2\/posts\/7053\/revisions"}],"predecessor-version":[{"id":7056,"href":"https:\/\/minutobahia24h.com.br\/index.php?rest_route=\/wp\/v2\/posts\/7053\/revisions\/7056"}],"wp:featuredmedia":[{"embeddable":true,"href":"https:\/\/minutobahia24h.com.br\/index.php?rest_route=\/wp\/v2\/media\/7055"}],"wp:attachment":[{"href":"https:\/\/minutobahia24h.com.br\/index.php?rest_route=%2Fwp%2Fv2%2Fmedia&parent=7053"}],"wp:term":[{"taxonomy":"category","embeddable":true,"href":"https:\/\/minutobahia24h.com.br\/index.php?rest_route=%2Fwp%2Fv2%2Fcategories&post=7053"},{"taxonomy":"post_tag","embeddable":true,"href":"https:\/\/minutobahia24h.com.br\/index.php?rest_route=%2Fwp%2Fv2%2Ftags&post=7053"}],"curies":[{"name":"wp","href":"https:\/\/api.w.org\/{rel}","templated":true}]}}