{"id":7041,"date":"2024-01-22T06:53:34","date_gmt":"2024-01-22T09:53:34","guid":{"rendered":"https:\/\/minutobahia24h.com.br\/?p=7041"},"modified":"2024-01-22T06:53:35","modified_gmt":"2024-01-22T09:53:35","slug":"em-5-anos-numero-de-pacientes-com-ansiedade-aumentou-200-no-sus","status":"publish","type":"post","link":"https:\/\/minutobahia24h.com.br\/?p=7041","title":{"rendered":"Em 5 anos, n\u00famero de pacientes com ansiedade aumentou 200% no SUS"},"content":{"rendered":"<div class=\"wp-block-image\">\n<figure class=\"aligncenter size-full\"><img data-recalc-dims=\"1\" fetchpriority=\"high\" decoding=\"async\" width=\"551\" height=\"311\" src=\"https:\/\/i0.wp.com\/minutobahia24h.com.br\/wp-content\/uploads\/2024\/01\/Sem-titulo-263.jpg?resize=551%2C311&#038;ssl=1\" alt=\"\" class=\"wp-image-7043\" srcset=\"https:\/\/i0.wp.com\/minutobahia24h.com.br\/wp-content\/uploads\/2024\/01\/Sem-titulo-263.jpg?w=551&amp;ssl=1 551w, https:\/\/i0.wp.com\/minutobahia24h.com.br\/wp-content\/uploads\/2024\/01\/Sem-titulo-263.jpg?resize=300%2C169&amp;ssl=1 300w\" sizes=\"(max-width: 551px) 100vw, 551px\" \/><\/figure>\n<\/div>\n\n\n<p>Durante a pandemia de Covid-19, um dos principais assuntos \u2014 al\u00e9m das vacinas e dos sintomas causados pelo coronav\u00edrus \u2014 foi a sa\u00fade mental. As restri\u00e7\u00f5es de circula\u00e7\u00e3o adotadas para evitar a propaga\u00e7\u00e3o do v\u00edrus trouxeram \u00e0 tona a import\u00e2ncia de prestar aten\u00e7\u00e3o no que acontece dentro da cabe\u00e7a.<\/p>\n\n\n\n<p>Mesmo com a volta da popula\u00e7\u00e3o \u00e0 \u201cvida normal\u201d, o assunto continua relevante. Segundo dados do Minist\u00e9rio da Sa\u00fade, o n\u00famero de pessoas com ansiedade generalizada aumentou mais de 200% na rede p\u00fablica desde o ano anterior \u00e0 pandemia. Em 2019, 71.293 pessoas procuraram atendimento com o quadro ansioso e, em 2023, o n\u00famero saltou para 274.682.<\/p>\n\n\n\n<p>Os casos de depress\u00e3o aumentaram 34% no mesmo per\u00edodo. J\u00e1 o transtorno de p\u00e2nico teve alta de 93%, de acordo com o \u00f3rg\u00e3o. Segundo a psic\u00f3loga Carmela Silvana da Silveira, da Santa Casa de S\u00e3o Jos\u00e9 dos Campos, o aumento de casos tem duas explica\u00e7\u00f5es: por um lado, a popula\u00e7\u00e3o est\u00e1 de fato com mais problemas emocionais, mas os n\u00fameros tamb\u00e9m mostram que as pessoas est\u00e3o procurando ajuda.<\/p>\n\n\n\n<p>Ela aponta que as restri\u00e7\u00f5es da pandemia, a falta de conv\u00edvio social, o medo despertado pela doen\u00e7a, preocupa\u00e7\u00f5es financeiras e o luto pela morte de pessoas queridas prejudicaram a sa\u00fade mental dos brasileiros nos \u00faltimos anos. Segundo ela, todos os problemas merecem aten\u00e7\u00e3o. Os transtornos podem evoluir n\u00e3o s\u00f3 para desequil\u00edbrio mental profundo, mas tamb\u00e9m para impactos f\u00edsicos. O transtorno de p\u00e2nico, por exemplo, pode ter sudorese e taquicardia como consequ\u00eancia.<\/p>\n\n\n\n<p>\u201cA resist\u00eancia ao atendimento psicol\u00f3gico tem diminu\u00eddo. Aquela coisa de dizer que \u00e9 apenas frescura j\u00e1 n\u00e3o \u00e9 t\u00e3o forte. Claro que ainda h\u00e1 muito para desmistificar, mas o autocuidado tem falado mais alto. Basta ver os n\u00fameros\u201d, afirma Carmela.<\/p>\n\n\n\n<p>Saiba os sintomas dos principais transtornos mentais<\/p>\n\n\n\n<p><strong>Depress\u00e3o<\/strong><\/p>\n\n\n\n<p>A depress\u00e3o, explica a psic\u00f3loga, \u00e9 uma condi\u00e7\u00e3o psiqui\u00e1trica que impacta as emo\u00e7\u00f5es das pessoas, levando a uma profunda tristeza, falta de apetite, des\u00e2nimo e pessimismo. Sem tratamento, esses sentimentos podem se combinar e evoluir para um atentado contra a pr\u00f3pria vida.<\/p>\n\n\n\n<p><strong>Ansiedade generalizada<\/strong><\/p>\n\n\n\n<p>\u201cA ansiedade generalizada, por outro lado, \u00e9 marcada por uma preocupa\u00e7\u00e3o excessiva em diversas \u00e1reas da vida. Quem sofre desse dist\u00farbio vive constantemente ansioso, com sintomas como taquicardia e m\u00e3os tr\u00eamulas. \u00c9 crucial buscar ajuda diante deste cen\u00e1rio\u201d, enfatiza Carmela.<\/p>\n\n\n\n<p><strong>Transtorno do p\u00e2nico<\/strong><\/p>\n\n\n\n<p>No transtorno do p\u00e2nico, ocorrem crises de ansiedade intensas, muitas vezes acompanhadas por um medo intenso, inclusive da morte. Essas crises podem se manifestar com sintomas f\u00edsicos como taquicardia e sudorese. \u00c9 importante observar os sinais e buscar apoio quando necess\u00e1rio.<\/p>\n\n\n\n<p>abahiaacontece<\/p>\n","protected":false},"excerpt":{"rendered":"<p>Durante a pandemia de Covid-19, um dos principais assuntos \u2014 al\u00e9m das vacinas e dos sintomas causados pelo coronav\u00edrus \u2014 foi a sa\u00fade mental. As restri\u00e7\u00f5es de circula\u00e7\u00e3o adotadas para evitar a propaga\u00e7\u00e3o do v\u00edrus trouxeram \u00e0 tona a import\u00e2ncia de prestar aten\u00e7\u00e3o no que acontece dentro da cabe\u00e7a. Mesmo com a volta da popula\u00e7\u00e3o [&hellip;]<\/p>\n","protected":false},"author":2,"featured_media":7043,"comment_status":"open","ping_status":"open","sticky":false,"template":"","format":"standard","meta":{"_jetpack_memberships_contains_paid_content":false,"footnotes":""},"categories":[18],"tags":[],"class_list":["post-7041","post","type-post","status-publish","format-standard","has-post-thumbnail","hentry","category-saude"],"aioseo_notices":[],"jetpack_featured_media_url":"https:\/\/i0.wp.com\/minutobahia24h.com.br\/wp-content\/uploads\/2024\/01\/Sem-titulo-263.jpg?fit=551%2C311&ssl=1","jetpack_sharing_enabled":true,"_links":{"self":[{"href":"https:\/\/minutobahia24h.com.br\/index.php?rest_route=\/wp\/v2\/posts\/7041","targetHints":{"allow":["GET"]}}],"collection":[{"href":"https:\/\/minutobahia24h.com.br\/index.php?rest_route=\/wp\/v2\/posts"}],"about":[{"href":"https:\/\/minutobahia24h.com.br\/index.php?rest_route=\/wp\/v2\/types\/post"}],"author":[{"embeddable":true,"href":"https:\/\/minutobahia24h.com.br\/index.php?rest_route=\/wp\/v2\/users\/2"}],"replies":[{"embeddable":true,"href":"https:\/\/minutobahia24h.com.br\/index.php?rest_route=%2Fwp%2Fv2%2Fcomments&post=7041"}],"version-history":[{"count":1,"href":"https:\/\/minutobahia24h.com.br\/index.php?rest_route=\/wp\/v2\/posts\/7041\/revisions"}],"predecessor-version":[{"id":7044,"href":"https:\/\/minutobahia24h.com.br\/index.php?rest_route=\/wp\/v2\/posts\/7041\/revisions\/7044"}],"wp:featuredmedia":[{"embeddable":true,"href":"https:\/\/minutobahia24h.com.br\/index.php?rest_route=\/wp\/v2\/media\/7043"}],"wp:attachment":[{"href":"https:\/\/minutobahia24h.com.br\/index.php?rest_route=%2Fwp%2Fv2%2Fmedia&parent=7041"}],"wp:term":[{"taxonomy":"category","embeddable":true,"href":"https:\/\/minutobahia24h.com.br\/index.php?rest_route=%2Fwp%2Fv2%2Fcategories&post=7041"},{"taxonomy":"post_tag","embeddable":true,"href":"https:\/\/minutobahia24h.com.br\/index.php?rest_route=%2Fwp%2Fv2%2Ftags&post=7041"}],"curies":[{"name":"wp","href":"https:\/\/api.w.org\/{rel}","templated":true}]}}