{"id":7037,"date":"2024-01-22T06:51:11","date_gmt":"2024-01-22T09:51:11","guid":{"rendered":"https:\/\/minutobahia24h.com.br\/?p=7037"},"modified":"2024-01-22T06:51:12","modified_gmt":"2024-01-22T09:51:12","slug":"fazendeiros-sao-presos-suspeitos-de-matar-indigena-da-etnia-pataxo-por-causa-de-disputa-de-terras-na-bahia","status":"publish","type":"post","link":"https:\/\/minutobahia24h.com.br\/?p=7037","title":{"rendered":"Fazendeiros s\u00e3o presos suspeitos de matar ind\u00edgena da etnia patax\u00f3 por causa de disputa de terras na Bahia"},"content":{"rendered":"<div class=\"wp-block-image\">\n<figure class=\"aligncenter size-full\"><img data-recalc-dims=\"1\" fetchpriority=\"high\" decoding=\"async\" width=\"800\" height=\"570\" src=\"https:\/\/i0.wp.com\/minutobahia24h.com.br\/wp-content\/uploads\/2024\/01\/Sem-titulo-262.jpg?resize=800%2C570&#038;ssl=1\" alt=\"\" class=\"wp-image-7039\" srcset=\"https:\/\/i0.wp.com\/minutobahia24h.com.br\/wp-content\/uploads\/2024\/01\/Sem-titulo-262.jpg?w=819&amp;ssl=1 819w, https:\/\/i0.wp.com\/minutobahia24h.com.br\/wp-content\/uploads\/2024\/01\/Sem-titulo-262.jpg?resize=300%2C214&amp;ssl=1 300w, https:\/\/i0.wp.com\/minutobahia24h.com.br\/wp-content\/uploads\/2024\/01\/Sem-titulo-262.jpg?resize=768%2C548&amp;ssl=1 768w, https:\/\/i0.wp.com\/minutobahia24h.com.br\/wp-content\/uploads\/2024\/01\/Sem-titulo-262.jpg?resize=120%2C86&amp;ssl=1 120w, https:\/\/i0.wp.com\/minutobahia24h.com.br\/wp-content\/uploads\/2024\/01\/Sem-titulo-262.jpg?resize=350%2C250&amp;ssl=1 350w, https:\/\/i0.wp.com\/minutobahia24h.com.br\/wp-content\/uploads\/2024\/01\/Sem-titulo-262.jpg?resize=750%2C535&amp;ssl=1 750w\" sizes=\"(max-width: 800px) 100vw, 800px\" \/><figcaption class=\"wp-element-caption\"><sub>Fazendeiros s\u00e3o presos suspeitos de matar ind\u00edgena da etnia patax\u00f3 na Bahia \u2014 Foto: Reprodu\u00e7\u00e3o\/Redes Sociais<\/sub><br><\/figcaption><\/figure>\n<\/div>\n\n\n<p>Dois fazendeiros foram presos em flagrante suspeitos de matar a tiros uma ind\u00edgena da etnia patax\u00f3 e da tentativa de homic\u00eddio contra um cacique neste domingo (21), na Terra Ind\u00edgena Caramuru-Catarina Paraguassu, na zona rural do munic\u00edpio de Potiragu\u00e1, no sudoeste do estado.<\/p>\n\n\n\n<p>A ind\u00edgena que morreu foi identificada como Maria F\u00e1tima Muniz de Andrade e o cacique baleado como Nailton Muniz Patax\u00f3. Ele foi atingido no rim e passou por cirurgia no Hospital Cristo Redentor, em Itapetinga.<\/p>\n\n\n\n<p>Entre os feridos est\u00e1 uma mulher que teve o bra\u00e7o quebrado. Outras pessoas que se machucaram foram hospitalizadas, mas n\u00e3o correm risco de morte.<\/p>\n\n\n\n<p>Em nota, o Minist\u00e9rio dos Povos Ind\u00edgenas (MPI), informou que vai enviar uma comiss\u00e3o, liderada pela ministra Sonia Guajajara, ao local na segunda-feira (22).<\/p>\n\n\n\n<p>De acordo com a Secretaria de Seguran\u00e7a P\u00fablica (SSP-BA), a situa\u00e7\u00e3o aconteceu durante a a\u00e7\u00e3o de um grupo intitulado Movimento Invas\u00e3o Zero.<\/p>\n\n\n\n<p>Segundo o Minist\u00e9rio dos Povos Ind\u00edgenas, a situa\u00e7\u00e3o aconteceu por causa de disputa de terras entre ind\u00edgenas e fazendeiros.<\/p>\n\n\n\n<p>Ainda de acordo com o MPI, cerca de 200 ruralistas da regi\u00e3o se organizaram atrav\u00e9s de um aplicativo de mensagens e convocaram os fazendeiros e comerciantes para recuperar por meios pr\u00f3prios, sem decis\u00e3o judicial, a posse da Fazenda Inhuma, ocupada por ind\u00edgenas no \u00faltimo s\u00e1bado (20). Eles teriam cercado a \u00e1rea com dezenas de ve\u00edculos.<\/p>\n\n\n\n<p>Al\u00e9m dos fazendeiros que foram detidos, um ind\u00edgena que portava uma arma artesanal tamb\u00e9m foi preso. Segundo a Pol\u00edcia Militar, um ruralista foi ferido com uma flechada no bra\u00e7o, mas est\u00e1 est\u00e1vel.<\/p>\n\n\n\n<p>Quatro armas de fogo encontradas com os fazendeiros foram apreendidas e encaminhadas para o Departamento de Pol\u00edcia T\u00e9cnica (DPT).<\/p>\n\n\n\n<p>O caso \u00e9 investigado pela delegacia de Itapetinga e acompanhado pela Diretoria Regional de Pol\u00edcia do Interior (Dirpin\/Sudoeste-Sul)<\/p>\n\n\n\n<p>A Secretaria da Seguran\u00e7a P\u00fablica determinou o refor\u00e7o, por tempo indeterminado, do patrulhamento ostensivo na regi\u00e3o.<\/p>\n\n\n\n<figure class=\"wp-block-image\"><a href=\"https:\/\/i0.wp.com\/blogdoeloiltoncajuhy.com.br\/site\/wp-content\/uploads\/2024\/01\/Fazendeiros-sao-presos-suspeitos-de-matar-indigena-na-Bahia-02-%E2%80%94-Foto-Reproducao-Redes-Sociais.png?ssl=1\"><img decoding=\"async\" src=\"https:\/\/i0.wp.com\/blogdoeloiltoncajuhy.com.br\/site\/wp-content\/uploads\/2024\/01\/Fazendeiros-sao-presos-suspeitos-de-matar-indigena-na-Bahia-02-%E2%80%94-Foto-Reproducao-Redes-Sociais.png?resize=800%2C732&amp;ssl=1\" alt=\"\" class=\"wp-image-78816\"\/><\/a><figcaption class=\"wp-element-caption\"><sub>Situa\u00e7\u00e3o aconteceu durante a a\u00e7\u00e3o de um grupo intitulado Movimento Invas\u00e3o Zero \u2014 Foto: Reprodu\u00e7\u00e3o\/Redes Sociais<\/sub><\/figcaption><\/figure>\n\n\n\n<p>blogdoeloiltoncajuhy<\/p>\n","protected":false},"excerpt":{"rendered":"<p>Dois fazendeiros foram presos em flagrante suspeitos de matar a tiros uma ind\u00edgena da etnia patax\u00f3 e da tentativa de homic\u00eddio contra um cacique neste domingo (21), na Terra Ind\u00edgena Caramuru-Catarina Paraguassu, na zona rural do munic\u00edpio de Potiragu\u00e1, no sudoeste do estado. A ind\u00edgena que morreu foi identificada como Maria F\u00e1tima Muniz de Andrade [&hellip;]<\/p>\n","protected":false},"author":2,"featured_media":7039,"comment_status":"open","ping_status":"open","sticky":false,"template":"","format":"standard","meta":{"_jetpack_memberships_contains_paid_content":false,"footnotes":""},"categories":[46],"tags":[],"class_list":["post-7037","post","type-post","status-publish","format-standard","has-post-thumbnail","hentry","category-noticia"],"aioseo_notices":[],"jetpack_featured_media_url":"https:\/\/i0.wp.com\/minutobahia24h.com.br\/wp-content\/uploads\/2024\/01\/Sem-titulo-262.jpg?fit=819%2C584&ssl=1","jetpack_sharing_enabled":true,"_links":{"self":[{"href":"https:\/\/minutobahia24h.com.br\/index.php?rest_route=\/wp\/v2\/posts\/7037","targetHints":{"allow":["GET"]}}],"collection":[{"href":"https:\/\/minutobahia24h.com.br\/index.php?rest_route=\/wp\/v2\/posts"}],"about":[{"href":"https:\/\/minutobahia24h.com.br\/index.php?rest_route=\/wp\/v2\/types\/post"}],"author":[{"embeddable":true,"href":"https:\/\/minutobahia24h.com.br\/index.php?rest_route=\/wp\/v2\/users\/2"}],"replies":[{"embeddable":true,"href":"https:\/\/minutobahia24h.com.br\/index.php?rest_route=%2Fwp%2Fv2%2Fcomments&post=7037"}],"version-history":[{"count":1,"href":"https:\/\/minutobahia24h.com.br\/index.php?rest_route=\/wp\/v2\/posts\/7037\/revisions"}],"predecessor-version":[{"id":7040,"href":"https:\/\/minutobahia24h.com.br\/index.php?rest_route=\/wp\/v2\/posts\/7037\/revisions\/7040"}],"wp:featuredmedia":[{"embeddable":true,"href":"https:\/\/minutobahia24h.com.br\/index.php?rest_route=\/wp\/v2\/media\/7039"}],"wp:attachment":[{"href":"https:\/\/minutobahia24h.com.br\/index.php?rest_route=%2Fwp%2Fv2%2Fmedia&parent=7037"}],"wp:term":[{"taxonomy":"category","embeddable":true,"href":"https:\/\/minutobahia24h.com.br\/index.php?rest_route=%2Fwp%2Fv2%2Fcategories&post=7037"},{"taxonomy":"post_tag","embeddable":true,"href":"https:\/\/minutobahia24h.com.br\/index.php?rest_route=%2Fwp%2Fv2%2Ftags&post=7037"}],"curies":[{"name":"wp","href":"https:\/\/api.w.org\/{rel}","templated":true}]}}