{"id":7017,"date":"2024-01-22T06:30:30","date_gmt":"2024-01-22T09:30:30","guid":{"rendered":"https:\/\/minutobahia24h.com.br\/?p=7017"},"modified":"2024-01-22T06:30:31","modified_gmt":"2024-01-22T09:30:31","slug":"parangole-psirico-bell-marques-e-olodum-sao-algumas-das-atracoes-do-carnaval-de-juazeiro-veja-programacao","status":"publish","type":"post","link":"https:\/\/minutobahia24h.com.br\/?p=7017","title":{"rendered":"Parangol\u00e9, Psirico, Bell Marques e Olodum s\u00e3o algumas das atra\u00e7\u00f5es do Carnaval de Juazeiro; veja programa\u00e7\u00e3o"},"content":{"rendered":"<div class=\"wp-block-image\">\n<figure class=\"aligncenter size-full\"><img data-recalc-dims=\"1\" fetchpriority=\"high\" decoding=\"async\" width=\"631\" height=\"248\" src=\"https:\/\/i0.wp.com\/minutobahia24h.com.br\/wp-content\/uploads\/2024\/01\/Sem-titulo-257.jpg?resize=631%2C248&#038;ssl=1\" alt=\"\" class=\"wp-image-7019\" srcset=\"https:\/\/i0.wp.com\/minutobahia24h.com.br\/wp-content\/uploads\/2024\/01\/Sem-titulo-257.jpg?w=631&amp;ssl=1 631w, https:\/\/i0.wp.com\/minutobahia24h.com.br\/wp-content\/uploads\/2024\/01\/Sem-titulo-257.jpg?resize=300%2C118&amp;ssl=1 300w\" sizes=\"(max-width: 631px) 100vw, 631px\" \/><\/figure>\n<\/div>\n\n\n<p>O carnaval vai come\u00e7ar mais cedo no munic\u00edpio de Juazeiro, cidade localizada no norte do estado. A programa\u00e7\u00e3o da folia acontecer\u00e1 entre os dias 25 e 28 de janeiro, com o tema \u201cCarnaval de Todos\u201d. A proposta \u00e9 que a festa seja democr\u00e1tica, totalmente gratuita e inclusiva.<\/p>\n\n\n\n<p>Entre as atra\u00e7\u00f5es confirmadas est\u00e3o Parangol\u00e9, Psirico, Carlinhos Brown, Timbalada, Olodum, Luiz Caldas, Armandinho, Bell Marques, al\u00e9m de artistas regionais.<\/p>\n\n\n\n<p>A festa vai acontecer em dois circuitos: Ivete Sangalo, na Avenida Adolfo Viana, e Manuca Almeida, na Orla I. Neste \u00faltimo, ser\u00e1 montado o espa\u00e7o Dennes Caff\u00e9, em homenagem ao cantor juazeirense. L\u00e1 v\u00e3o se apresentar atra\u00e7\u00f5es regionais e locais, com shows entre as passagens dos trios el\u00e9tricos.<\/p>\n\n\n\n<p>Al\u00e9m dos dois circuitos, o carnaval de Juazeiro vai contar como Polo Jo\u00e3o Gilberto, na Orla II, que ter\u00e1 uma programa\u00e7\u00e3o voltada para fam\u00edlias, das 17h \u00e0s 22h, com a presen\u00e7a de blocos tradicionais.<\/p>\n\n\n\n<p>Cerca de 30 blocos alternativos v\u00e3o desfilar nos dias de folia. Entre eles est\u00e3o: Marchinha de Carnaval, Bol\u00f4 Folia, Sert\u00e3ozinho, \u00c9 Roj\u00e3o, Bloco da Elza, e T\u00f4 Atoa.<\/p>\n\n\n\n<p>Por causa da festa, a Prefeitura de Juazeiro decretou que na segunda-feira (29), ser\u00e1 feriado relativo ao Carnaval antecipado 2024, com base na Lei Municipal n\u00ba 2.516, de 30 de dezembro de 2014.<\/p>\n\n\n\n<p><strong>&nbsp; PROGRAMA\u00c7\u00c3O<\/strong><\/p>\n\n\n\n<p><strong>&nbsp; Quinta-feira \u2013 25\/01<\/strong><\/p>\n\n\n\n<p>\u2022 Bell<\/p>\n\n\n\n<p>\u2022 Timbalada<\/p>\n\n\n\n<p>\u2022 Psirico<\/p>\n\n\n\n<p>\u2022 O Pol\u00eamico<\/p>\n\n\n\n<p>\u2022 Ricardo Chaves<\/p>\n\n\n\n<p><strong>&nbsp; Sexta-feira \u2013 26\/01<\/strong><\/p>\n\n\n\n<p>\u2022 Parangol\u00e9<\/p>\n\n\n\n<p>\u2022 Felipe Amorim<\/p>\n\n\n\n<p>\u2022 Cheiro de Amor<\/p>\n\n\n\n<p>\u2022 Tuca Fernandes<\/p>\n\n\n\n<p>\u2022 Filhos de Jorge<\/p>\n\n\n\n<p>\u2022 Rafa e Pipo<\/p>\n\n\n\n<p><strong>&nbsp; S\u00e1bado \u2013 27\/01<\/strong><\/p>\n\n\n\n<p>\u2022 Tomate<\/p>\n\n\n\n<p>\u2022 Guig Gueto<\/p>\n\n\n\n<p>\u2022 Luiz Caldas<\/p>\n\n\n\n<p>\u2022 Ed City<\/p>\n\n\n\n<p>\u2022 Lincoln<\/p>\n\n\n\n<p><strong>&nbsp; Domingo \u2013 28\/01<\/strong><\/p>\n\n\n\n<p>\u2022 Brown<\/p>\n\n\n\n<p>\u2022 Armandinho<\/p>\n\n\n\n<p>\u2022 L\u00e1 F\u00faria<\/p>\n\n\n\n<p>\u2022 Kann\u00e1rio<\/p>\n\n\n\n<p>\u2022 Olodum<\/p>\n\n\n\n<p>\u2022 Jonas Esticado<\/p>\n\n\n\n<p>blogdonettomaravilha<\/p>\n","protected":false},"excerpt":{"rendered":"<p>O carnaval vai come\u00e7ar mais cedo no munic\u00edpio de Juazeiro, cidade localizada no norte do estado. A programa\u00e7\u00e3o da folia acontecer\u00e1 entre os dias 25 e 28 de janeiro, com o tema \u201cCarnaval de Todos\u201d. A proposta \u00e9 que a festa seja democr\u00e1tica, totalmente gratuita e inclusiva. Entre as atra\u00e7\u00f5es confirmadas est\u00e3o Parangol\u00e9, Psirico, Carlinhos [&hellip;]<\/p>\n","protected":false},"author":2,"featured_media":7019,"comment_status":"open","ping_status":"open","sticky":false,"template":"","format":"standard","meta":{"_jetpack_memberships_contains_paid_content":false,"footnotes":""},"categories":[3],"tags":[],"class_list":["post-7017","post","type-post","status-publish","format-standard","has-post-thumbnail","hentry","category-regional"],"aioseo_notices":[],"jetpack_featured_media_url":"https:\/\/i0.wp.com\/minutobahia24h.com.br\/wp-content\/uploads\/2024\/01\/Sem-titulo-257.jpg?fit=631%2C248&ssl=1","jetpack_sharing_enabled":true,"_links":{"self":[{"href":"https:\/\/minutobahia24h.com.br\/index.php?rest_route=\/wp\/v2\/posts\/7017","targetHints":{"allow":["GET"]}}],"collection":[{"href":"https:\/\/minutobahia24h.com.br\/index.php?rest_route=\/wp\/v2\/posts"}],"about":[{"href":"https:\/\/minutobahia24h.com.br\/index.php?rest_route=\/wp\/v2\/types\/post"}],"author":[{"embeddable":true,"href":"https:\/\/minutobahia24h.com.br\/index.php?rest_route=\/wp\/v2\/users\/2"}],"replies":[{"embeddable":true,"href":"https:\/\/minutobahia24h.com.br\/index.php?rest_route=%2Fwp%2Fv2%2Fcomments&post=7017"}],"version-history":[{"count":1,"href":"https:\/\/minutobahia24h.com.br\/index.php?rest_route=\/wp\/v2\/posts\/7017\/revisions"}],"predecessor-version":[{"id":7020,"href":"https:\/\/minutobahia24h.com.br\/index.php?rest_route=\/wp\/v2\/posts\/7017\/revisions\/7020"}],"wp:featuredmedia":[{"embeddable":true,"href":"https:\/\/minutobahia24h.com.br\/index.php?rest_route=\/wp\/v2\/media\/7019"}],"wp:attachment":[{"href":"https:\/\/minutobahia24h.com.br\/index.php?rest_route=%2Fwp%2Fv2%2Fmedia&parent=7017"}],"wp:term":[{"taxonomy":"category","embeddable":true,"href":"https:\/\/minutobahia24h.com.br\/index.php?rest_route=%2Fwp%2Fv2%2Fcategories&post=7017"},{"taxonomy":"post_tag","embeddable":true,"href":"https:\/\/minutobahia24h.com.br\/index.php?rest_route=%2Fwp%2Fv2%2Ftags&post=7017"}],"curies":[{"name":"wp","href":"https:\/\/api.w.org\/{rel}","templated":true}]}}