{"id":6981,"date":"2024-01-19T07:46:53","date_gmt":"2024-01-19T10:46:53","guid":{"rendered":"https:\/\/minutobahia24h.com.br\/?p=6981"},"modified":"2024-01-19T07:46:54","modified_gmt":"2024-01-19T10:46:54","slug":"concurso-publico-com-96-vagas-para-o-if-baiano-abre-inscricoes","status":"publish","type":"post","link":"https:\/\/minutobahia24h.com.br\/?p=6981","title":{"rendered":"Concurso p\u00fablico com 96 vagas para o IF Baiano abre inscri\u00e7\u00f5es"},"content":{"rendered":"<div class=\"wp-block-image\">\n<figure class=\"aligncenter size-full\"><img data-recalc-dims=\"1\" fetchpriority=\"high\" decoding=\"async\" width=\"544\" height=\"287\" src=\"https:\/\/i0.wp.com\/minutobahia24h.com.br\/wp-content\/uploads\/2024\/01\/Sem-titulo-249.jpg?resize=544%2C287&#038;ssl=1\" alt=\"\" class=\"wp-image-6983\" srcset=\"https:\/\/i0.wp.com\/minutobahia24h.com.br\/wp-content\/uploads\/2024\/01\/Sem-titulo-249.jpg?w=544&amp;ssl=1 544w, https:\/\/i0.wp.com\/minutobahia24h.com.br\/wp-content\/uploads\/2024\/01\/Sem-titulo-249.jpg?resize=300%2C158&amp;ssl=1 300w\" sizes=\"(max-width: 544px) 100vw, 544px\" \/><\/figure>\n<\/div>\n\n\n<p>As vagas s\u00e3o para t\u00e9cnicos administrativos de n\u00edvel m\u00e9dio, t\u00e9cnico e superior e para docentes<\/p>\n\n\n\n<p>O Instituto Federal de Educa\u00e7\u00e3o, Ci\u00eancia e Tecnologia Baiano (IF Baiano) recebe inscri\u00e7\u00f5es para sele\u00e7\u00e3o e cadastro de reserva de novos servidores at\u00e9 o dia 07 de fevereiro, somente via internet, no endere\u00e7o eletr\u00f4nico&nbsp;<a href=\"http:\/\/www.institutoaocp.org.br\/\">www.institutoaocp.org.br<\/a>&nbsp;.<\/p>\n\n\n\n<p>At\u00e9 o dia 06 de janeiro, candidatos em vulnerabilidade social, inscritos no Cadastro \u00danico, podem solicitar isen\u00e7\u00e3o de taxa de inscri\u00e7\u00e3o; quem tamb\u00e9m pode ficar isento de taxa s\u00e3o os doadores de medula \u00f3ssea, cadastrados em entidades reconhecidas pelo Minist\u00e9rio da Sa\u00fade, mesmo que ainda n\u00e3o tenham realizado a doa\u00e7\u00e3o.<\/p>\n\n\n\n<p>O concurso p\u00fablico re\u00fane 96 vagas em dois editais: um para docentes com 44 vagas e outro para t\u00e9cnicos administrativos com 52.<\/p>\n\n\n\n<p>Confira os valores das taxas de inscri\u00e7\u00e3o:<\/p>\n\n\n\n<p>\u2022 R$ 80,00 para cargos de n\u00edvel m\u00e9dio;<\/p>\n\n\n\n<p>\u2022 R$ 90,00 para cargos t\u00e9cnicos;<\/p>\n\n\n\n<p>\u2022 R$ 120,00 para cargos de n\u00edvel superior;<\/p>\n\n\n\n<p>\u2022 R$150,00 para professores.<\/p>\n\n\n\n<p>As provas ser\u00e3o realizadas nas seguintes cidades baianas: Guanambi, Itaberaba, Salvador, Senhor do Bonfim, Teixeira de Freitas, Vit\u00f3ria da Conquista e Xique-Xique. Ao efetuar a inscri\u00e7\u00e3o, o candidato dever\u00e1 optar por um desses munic\u00edpios.<\/p>\n\n\n\n<p>A validade do concurso ser\u00e1 de dois anos, podendo ser prorrogado por mais dois anos.&nbsp;<\/p>\n\n\n\n<p>Professores<\/p>\n\n\n\n<p>As vagas para docentes est\u00e3o distribu\u00eddas entre 16 \u00e1reas: Atendimento Educacional Especializado (AEE), Arte, Biologia, Educa\u00e7\u00e3o F\u00edsica, Filosofia, F\u00edsica, Hist\u00f3ria, Inform\u00e1tica, Ingl\u00eas, Letras\/L\u00edngua Portuguesa e Literatura, Matem\u00e1tica, Medicina Veterin\u00e1ria, Meio Ambiente, M\u00fasica, Qu\u00edmica e Zootecnia.&nbsp;<\/p>\n\n\n\n<p>A sele\u00e7\u00e3o abrange prova objetiva, prova de desempenho did\u00e1tico e avalia\u00e7\u00e3o de t\u00edtulos, com prova objetiva prevista para 7 de abril.<\/p>\n\n\n\n<p>Os aprovados ter\u00e3o vencimento b\u00e1sico de R$ 4.875,18 a R$10.481,64, a depender da titula\u00e7\u00e3o. Para conferir requisitos, atribui\u00e7\u00f5es, cronograma do certame e outras informa\u00e7\u00f5es, acesse aqui o edital.<\/p>\n\n\n\n<p>T\u00e9cnicos Administrativos<\/p>\n\n\n\n<p>Aos interessados pela carreira de t\u00e9cnico administrativo (TAE), as vagas est\u00e3o distribu\u00eddas entre 16 cargos, que v\u00e3o do n\u00edvel m\u00e9dio ao superior. S\u00e3o eles: assistente de aluno, assistente em administra\u00e7\u00e3o, t\u00e9cnico em agropecu\u00e1ria, t\u00e9cnico em contabilidade, t\u00e9cnico em enfermagem, t\u00e9cnico em laborat\u00f3rio de agroind\u00fastria\/alimentos, t\u00e9cnico em laborat\u00f3rio de inform\u00e1tica, t\u00e9cnico em TI, analista de Tecnologia da Informa\u00e7\u00e3o, assistente social, enfermeiro, engenheiro civil, engenheiro eletricista, m\u00e9dico veterin\u00e1rio, pedagogo e tecn\u00f3logo em gest\u00e3o p\u00fablica.<\/p>\n\n\n\n<p>A sele\u00e7\u00e3o ser\u00e1 composta por \u00fanica etapa, atrav\u00e9s de prova objetiva, prevista para 14 de abril.<\/p>\n\n\n\n<p>Os profissionais aprovados ter\u00e3o vencimento b\u00e1sico que v\u00e3o de R$ 2.120,13 a R$ 4.555,92, conforme o n\u00edvel de forma\u00e7\u00e3o.<\/p>\n\n\n\n<p>Acompanhe o cronograma, requisitos e atribui\u00e7\u00f5es no\u00a0<a href=\"https:\/\/arquivos-site.institutoaocp.org.br\/publicacoes\/d430df10-01e2-4d11-94bb-4ee548384ff3.pdf\" target=\"_blank\" rel=\"noreferrer noopener\">Edital.<\/a><\/p>\n\n\n\n<p>blogdonettomaravilha<\/p>\n","protected":false},"excerpt":{"rendered":"<p>As vagas s\u00e3o para t\u00e9cnicos administrativos de n\u00edvel m\u00e9dio, t\u00e9cnico e superior e para docentes O Instituto Federal de Educa\u00e7\u00e3o, Ci\u00eancia e Tecnologia Baiano (IF Baiano) recebe inscri\u00e7\u00f5es para sele\u00e7\u00e3o e cadastro de reserva de novos servidores at\u00e9 o dia 07 de fevereiro, somente via internet, no endere\u00e7o eletr\u00f4nico&nbsp;www.institutoaocp.org.br&nbsp;. At\u00e9 o dia 06 de janeiro, [&hellip;]<\/p>\n","protected":false},"author":2,"featured_media":6983,"comment_status":"open","ping_status":"open","sticky":false,"template":"","format":"standard","meta":{"_jetpack_memberships_contains_paid_content":false,"footnotes":""},"categories":[17],"tags":[],"class_list":["post-6981","post","type-post","status-publish","format-standard","has-post-thumbnail","hentry","category-senhor-do-bonfim"],"aioseo_notices":[],"jetpack_featured_media_url":"https:\/\/i0.wp.com\/minutobahia24h.com.br\/wp-content\/uploads\/2024\/01\/Sem-titulo-249.jpg?fit=544%2C287&ssl=1","jetpack_sharing_enabled":true,"_links":{"self":[{"href":"https:\/\/minutobahia24h.com.br\/index.php?rest_route=\/wp\/v2\/posts\/6981","targetHints":{"allow":["GET"]}}],"collection":[{"href":"https:\/\/minutobahia24h.com.br\/index.php?rest_route=\/wp\/v2\/posts"}],"about":[{"href":"https:\/\/minutobahia24h.com.br\/index.php?rest_route=\/wp\/v2\/types\/post"}],"author":[{"embeddable":true,"href":"https:\/\/minutobahia24h.com.br\/index.php?rest_route=\/wp\/v2\/users\/2"}],"replies":[{"embeddable":true,"href":"https:\/\/minutobahia24h.com.br\/index.php?rest_route=%2Fwp%2Fv2%2Fcomments&post=6981"}],"version-history":[{"count":1,"href":"https:\/\/minutobahia24h.com.br\/index.php?rest_route=\/wp\/v2\/posts\/6981\/revisions"}],"predecessor-version":[{"id":6984,"href":"https:\/\/minutobahia24h.com.br\/index.php?rest_route=\/wp\/v2\/posts\/6981\/revisions\/6984"}],"wp:featuredmedia":[{"embeddable":true,"href":"https:\/\/minutobahia24h.com.br\/index.php?rest_route=\/wp\/v2\/media\/6983"}],"wp:attachment":[{"href":"https:\/\/minutobahia24h.com.br\/index.php?rest_route=%2Fwp%2Fv2%2Fmedia&parent=6981"}],"wp:term":[{"taxonomy":"category","embeddable":true,"href":"https:\/\/minutobahia24h.com.br\/index.php?rest_route=%2Fwp%2Fv2%2Fcategories&post=6981"},{"taxonomy":"post_tag","embeddable":true,"href":"https:\/\/minutobahia24h.com.br\/index.php?rest_route=%2Fwp%2Fv2%2Ftags&post=6981"}],"curies":[{"name":"wp","href":"https:\/\/api.w.org\/{rel}","templated":true}]}}