{"id":6810,"date":"2024-01-17T06:52:23","date_gmt":"2024-01-17T09:52:23","guid":{"rendered":"https:\/\/minutobahia24h.com.br\/?p=6810"},"modified":"2024-01-17T06:52:24","modified_gmt":"2024-01-17T09:52:24","slug":"festa-do-senhor-do-bonfim-cidade-celebra-seu-padroeiro-nesta-quarta-feira-dia-17","status":"publish","type":"post","link":"https:\/\/minutobahia24h.com.br\/?p=6810","title":{"rendered":"Festa do Senhor do Bonfim: cidade celebra seu padroeiro nesta quarta-feira, dia 17"},"content":{"rendered":"<div class=\"wp-block-image\">\n<figure class=\"aligncenter size-full\"><img data-recalc-dims=\"1\" fetchpriority=\"high\" decoding=\"async\" width=\"800\" height=\"433\" src=\"https:\/\/i0.wp.com\/minutobahia24h.com.br\/wp-content\/uploads\/2024\/01\/Sem-titulo-210.jpg?resize=800%2C433&#038;ssl=1\" alt=\"\" class=\"wp-image-6812\" srcset=\"https:\/\/i0.wp.com\/minutobahia24h.com.br\/wp-content\/uploads\/2024\/01\/Sem-titulo-210.jpg?w=823&amp;ssl=1 823w, https:\/\/i0.wp.com\/minutobahia24h.com.br\/wp-content\/uploads\/2024\/01\/Sem-titulo-210.jpg?resize=300%2C162&amp;ssl=1 300w, https:\/\/i0.wp.com\/minutobahia24h.com.br\/wp-content\/uploads\/2024\/01\/Sem-titulo-210.jpg?resize=768%2C415&amp;ssl=1 768w, https:\/\/i0.wp.com\/minutobahia24h.com.br\/wp-content\/uploads\/2024\/01\/Sem-titulo-210.jpg?resize=750%2C406&amp;ssl=1 750w\" sizes=\"(max-width: 800px) 100vw, 800px\" \/><figcaption class=\"wp-element-caption\"><sub>Foto: Redes sociais<\/sub><br><\/figcaption><\/figure>\n<\/div>\n\n\n<p>Com uma extensa programa\u00e7\u00e3o, fi\u00e9is cat\u00f3licos v\u00e3o celebrar nesta quarta-feira (17), o dia do padroeiro de nossa cidade, Senhor do Bonfim. Os festejos religiosos ter\u00e3o in\u00edcio \u00e0s 10h da manh\u00e3, e as celebra\u00e7\u00f5es contar\u00e3o com a participa\u00e7\u00e3o do Bispo da Diocese, Dom Hernaldo Pinto Farias.&nbsp;<strong><mark>Confira:<\/mark><\/strong><\/p>\n\n\n\n<ul class=\"wp-block-list\">\n<li><strong><mark>10h:<\/mark><\/strong>&nbsp;Celebra\u00e7\u00e3o Eucar\u00edstica presidida por Dom Hernaldo e concelebrada pelos padres da Diocese;<\/li>\n\n\n\n<li><strong><mark>16h:<\/mark><\/strong>&nbsp;Celebra\u00e7\u00e3o Eucar\u00edstica campal e, logo ap\u00f3s, prociss\u00e3o pelas ruas da cidade. Celebrante: Padre Carlos e demais padres concelebrantes da Par\u00f3quia.<\/li>\n<\/ul>\n\n\n\n<figure class=\"wp-block-image\"><a href=\"https:\/\/i0.wp.com\/blogdoeloiltoncajuhy.com.br\/site\/wp-content\/uploads\/2024\/01\/Festa-do-Senhor-do-Bonfim_2024-01-16.jpg?ssl=1\"><img decoding=\"async\" src=\"https:\/\/i0.wp.com\/blogdoeloiltoncajuhy.com.br\/site\/wp-content\/uploads\/2024\/01\/Festa-do-Senhor-do-Bonfim_2024-01-16.jpg?resize=800%2C600&amp;ssl=1\" alt=\"\" class=\"wp-image-78712\"\/><\/a><figcaption class=\"wp-element-caption\"><sub>Fi\u00e9is cat\u00f3licos participaram das novenas do Senhor do Bonfim \u2013 Foto: Pascom de Bonfim<\/sub><\/figcaption><\/figure>\n\n\n\n<p>blogdoeloiltoncajuhy<\/p>\n","protected":false},"excerpt":{"rendered":"<p>Com uma extensa programa\u00e7\u00e3o, fi\u00e9is cat\u00f3licos v\u00e3o celebrar nesta quarta-feira (17), o dia do padroeiro de nossa cidade, Senhor do Bonfim. Os festejos religiosos ter\u00e3o in\u00edcio \u00e0s 10h da manh\u00e3, e as celebra\u00e7\u00f5es contar\u00e3o com a participa\u00e7\u00e3o do Bispo da Diocese, Dom Hernaldo Pinto Farias.&nbsp;Confira: blogdoeloiltoncajuhy<\/p>\n","protected":false},"author":2,"featured_media":6812,"comment_status":"open","ping_status":"open","sticky":false,"template":"","format":"standard","meta":{"_jetpack_memberships_contains_paid_content":false,"footnotes":""},"categories":[17],"tags":[],"class_list":["post-6810","post","type-post","status-publish","format-standard","has-post-thumbnail","hentry","category-senhor-do-bonfim"],"aioseo_notices":[],"jetpack_featured_media_url":"https:\/\/i0.wp.com\/minutobahia24h.com.br\/wp-content\/uploads\/2024\/01\/Sem-titulo-210.jpg?fit=823%2C445&ssl=1","jetpack_sharing_enabled":true,"_links":{"self":[{"href":"https:\/\/minutobahia24h.com.br\/index.php?rest_route=\/wp\/v2\/posts\/6810","targetHints":{"allow":["GET"]}}],"collection":[{"href":"https:\/\/minutobahia24h.com.br\/index.php?rest_route=\/wp\/v2\/posts"}],"about":[{"href":"https:\/\/minutobahia24h.com.br\/index.php?rest_route=\/wp\/v2\/types\/post"}],"author":[{"embeddable":true,"href":"https:\/\/minutobahia24h.com.br\/index.php?rest_route=\/wp\/v2\/users\/2"}],"replies":[{"embeddable":true,"href":"https:\/\/minutobahia24h.com.br\/index.php?rest_route=%2Fwp%2Fv2%2Fcomments&post=6810"}],"version-history":[{"count":1,"href":"https:\/\/minutobahia24h.com.br\/index.php?rest_route=\/wp\/v2\/posts\/6810\/revisions"}],"predecessor-version":[{"id":6813,"href":"https:\/\/minutobahia24h.com.br\/index.php?rest_route=\/wp\/v2\/posts\/6810\/revisions\/6813"}],"wp:featuredmedia":[{"embeddable":true,"href":"https:\/\/minutobahia24h.com.br\/index.php?rest_route=\/wp\/v2\/media\/6812"}],"wp:attachment":[{"href":"https:\/\/minutobahia24h.com.br\/index.php?rest_route=%2Fwp%2Fv2%2Fmedia&parent=6810"}],"wp:term":[{"taxonomy":"category","embeddable":true,"href":"https:\/\/minutobahia24h.com.br\/index.php?rest_route=%2Fwp%2Fv2%2Fcategories&post=6810"},{"taxonomy":"post_tag","embeddable":true,"href":"https:\/\/minutobahia24h.com.br\/index.php?rest_route=%2Fwp%2Fv2%2Ftags&post=6810"}],"curies":[{"name":"wp","href":"https:\/\/api.w.org\/{rel}","templated":true}]}}