{"id":6796,"date":"2024-01-16T17:11:28","date_gmt":"2024-01-16T20:11:28","guid":{"rendered":"https:\/\/minutobahia24h.com.br\/?p=6796"},"modified":"2024-01-16T17:11:30","modified_gmt":"2024-01-16T20:11:30","slug":"disse-que-eu-estava-com-o-demonio-no-corpo-relata-vitima-de-intolerancia-religiosa-no-metro-de-salvador","status":"publish","type":"post","link":"https:\/\/minutobahia24h.com.br\/?p=6796","title":{"rendered":"&#8216;Disse que eu estava com o dem\u00f4nio no corpo&#8217;, relata v\u00edtima de intoler\u00e2ncia religiosa no metr\u00f4 de Salvador"},"content":{"rendered":"\n<p>&#8220;Ele falou que n\u00e3o suporta pessoas de candombl\u00e9, que eu estava com o dem\u00f4nio no corpo e que quando eu fosse arrebatada, teria que ir na Pentecostal&#8221;.\u00a0Esse \u00e9 o relato da\u00a0<a class=\"\" href=\"https:\/\/g1.globo.com\/ba\/bahia\/noticia\/2024\/01\/16\/confusao-e-registrada-dentro-de-metro-na-ba-por-causa-de-intolerancia-religiosa-homem-criticou-colar-que-mulher-usava.ghtml\">estudante que foi alvo de intoler\u00e2ncia religiosa<\/a>\u00a0dentro do metr\u00f4 de\u00a0<a class=\"\" href=\"https:\/\/g1.globo.com\/ba\/bahia\/cidade\/salvador\/\">Salvador<\/a>\u00a0na segunda-feira (15).<\/p>\n\n\n\n<p>Segundo a jovem, que prefere n\u00e3o revelar a identidade por medo, ela foi criticada por usar um colar de contas do candombl\u00e9.<\/p>\n\n\n\n<p>A estudante estava sentada em uma das poltronas do metr\u00f4 quando come\u00e7ou a ouvir gritos intolerantes feito pelo suspeito.<\/p>\n\n\n\n<blockquote class=\"wp-block-quote is-layout-flow wp-block-quote-is-layout-flow\">\n<p>&#8220;Ele come\u00e7ou a gritar, falava que n\u00e3o suporta pessoas de candombl\u00e9 e que precisariam morrer. Ele acha que s\u00e3o todos endemoniados, que buscam uma verdade que n\u00e3o existe&#8221;, contou a estudante.<\/p>\n\n\n<div class=\"wp-block-image\">\n<figure class=\"aligncenter size-full\"><img data-recalc-dims=\"1\" fetchpriority=\"high\" decoding=\"async\" width=\"800\" height=\"437\" src=\"https:\/\/i0.wp.com\/minutobahia24h.com.br\/wp-content\/uploads\/2024\/01\/Sem-titulo-207.jpg?resize=800%2C437&#038;ssl=1\" alt=\"\" class=\"wp-image-6798\" srcset=\"https:\/\/i0.wp.com\/minutobahia24h.com.br\/wp-content\/uploads\/2024\/01\/Sem-titulo-207.jpg?w=984&amp;ssl=1 984w, https:\/\/i0.wp.com\/minutobahia24h.com.br\/wp-content\/uploads\/2024\/01\/Sem-titulo-207.jpg?resize=300%2C164&amp;ssl=1 300w, https:\/\/i0.wp.com\/minutobahia24h.com.br\/wp-content\/uploads\/2024\/01\/Sem-titulo-207.jpg?resize=768%2C420&amp;ssl=1 768w, https:\/\/i0.wp.com\/minutobahia24h.com.br\/wp-content\/uploads\/2024\/01\/Sem-titulo-207.jpg?resize=750%2C410&amp;ssl=1 750w\" sizes=\"(max-width: 800px) 100vw, 800px\" \/><figcaption class=\"wp-element-caption\">Suspeito cometeu atos de intoler\u00e2ncia religiosa no metr\u00f4 \u2014 Foto: Reprodu\u00e7\u00e3o\/TV Bahia<br><\/figcaption><\/figure>\n<\/div>\n\n\n<p>A estudante decidiu levantar e olhar para o homem, que passou a encar\u00e1-la e proferir insultos direto para ela. &#8220;Fui para a frente dele, tirei o fio de contas de dentro da minha roupa e fiquei encarando ele. Ele me encarou de volta e come\u00e7ou a falar: &#8216;Voc\u00ea saiu de onde voc\u00ea estava para vir aqui me infernizar'&#8221;, relatou.<\/p>\n<cite>A estudante afirmou que perguntou ao homem se ele j\u00e1 tinha visto ela no metr\u00f4, j\u00e1 que era a \u00fanica com colar de contas no pesco\u00e7o. O suspeito teria dito que as falas dele se tratavam de liberdade de express\u00e3o.<br><\/cite><\/blockquote>\n\n\n\n<p><strong>&#8220;Eu disse que intoler\u00e2ncia religiosa n\u00e3o \u00e9 liberdade para ele ter \u00f3dio no cora\u00e7\u00e3o. \u00c9 para voc\u00ea se expressar de acordo com a lei&#8221;, pontuou a jovem.<\/strong><\/p>\n\n\n\n<p>A resposta, conforme a jovem, fez com que o homem ficasse ainda mais irritado. Ele se levantou e come\u00e7ou a gritar que queria que pessoas adeptas ao candombl\u00e9 morressem.<\/p>\n\n\n\n<blockquote class=\"wp-block-quote is-layout-flow wp-block-quote-is-layout-flow\">\n<p>&#8220;A lateral da boca dele espumava de tanto \u00f3dio e as pessoas em volta ficaram em sil\u00eancio. Comecei a me afastar porque fiquei com medo dele vir para cima de mim e me bater&#8221;.<\/p>\n<\/blockquote>\n\n\n\n<p>Parte da discuss\u00e3o foi gravada pela jovem. O v\u00eddeo foi feito ap\u00f3s ela ser orientada por uma idosa que estava no metr\u00f4. Na imagem, \u00e9 poss\u00edvel ver o momento que o homem grita:\u00a0&#8220;Voc\u00ea est\u00e1 indo para o caminho das trevas. Se voc\u00ea acredita que o caminho que voc\u00ea est\u00e1 seguindo \u00e9 bom, se jogue de cabe\u00e7a&#8221;.<\/p>\n\n\n\n<p>A confus\u00e3o s\u00f3 terminou quando a estudante deixou o local e o homem continuou no vag\u00e3o.<\/p>\n\n\n\n<p>&#8220;Quando sa\u00ed do metr\u00f4, uma mo\u00e7a me abra\u00e7ou e me acompanhou at\u00e9 os seguran\u00e7as. Um deles me falou que tinha um seguran\u00e7a esperando ele na pr\u00f3xima esta\u00e7\u00e3o, mas ficou por isso mesmo. N\u00e3o fizeram nada&#8221;, relatou.<\/p>\n\n\n\n<figure class=\"wp-block-image\"><img data-recalc-dims=\"1\" decoding=\"async\" src=\"https:\/\/i0.wp.com\/s2-g1.glbimg.com\/qO-Z9imitrf9zcdPJ9xOnBv08h8%3D\/0x0%3A800x471\/984x0\/smart\/filters%3Astrip_icc%28%29\/i.s3.glbimg.com\/v1\/AUTH_59edd422c0c84a879bd37670ae4f538a\/internal_photos\/bs\/2024\/a\/n\/CLYW8MQMOXZrfV4DnmHg\/whatsapp-image-2024-01-16-at-13.28.31.jpg?w=800&#038;ssl=1\" alt=\"Estudante estava com um colar de contas \u2014 Foto: Reprodu\u00e7\u00e3o\/TV Bahia\"\/><\/figure>\n\n\n\n<p>Estudante estava com um colar de contas \u2014 Foto: Reprodu\u00e7\u00e3o\/TV Bahia<\/p>\n\n\n\n<p>Em nota, a CCR Metr\u00f4, empresa que administra o transporte, afirmou que a seguran\u00e7a n\u00e3o foi acionada e que repudia qualquer pr\u00e1tica de intoler\u00e2ncia e desrespeito. A concession\u00e1ria disse ainda que a\u00a0equipe de agentes est\u00e1 dispon\u00edvel para prestar atendimento e orienta que todo caso de intoler\u00e2ncia ou agress\u00e3o\u00a0seja registrado para tomada das devidas provid\u00eancias.<\/p>\n\n\n\n<h2 class=\"wp-block-heading\">Entidades se manifestaram<\/h2>\n\n\n\n<figure class=\"wp-block-image\"><img data-recalc-dims=\"1\" decoding=\"async\" src=\"https:\/\/i0.wp.com\/s2-g1.glbimg.com\/B0kMSzepZDR6gCcnKs1wgnx3GzQ%3D\/0x0%3A1600x900\/984x0\/smart\/filters%3Astrip_icc%28%29\/i.s3.glbimg.com\/v1\/AUTH_59edd422c0c84a879bd37670ae4f538a\/internal_photos\/bs\/2024\/B\/A\/nhVmMEQWqjrr15ttYiDw\/whatsapp-image-2024-01-16-at-08.26.23.jpeg?w=800&#038;ssl=1\" alt=\"Confus\u00e3o \u00e9 registrada dentro de metr\u00f4 na Bahia por causa de intoler\u00e2ncia religiosa \u2014 Foto: Reprodu\u00e7\u00e3o\/TV Bahia\"\/><\/figure>\n\n\n\n<p>Confus\u00e3o \u00e9 registrada dentro de metr\u00f4 na Bahia por causa de intoler\u00e2ncia religiosa \u2014 Foto: Reprodu\u00e7\u00e3o\/TV Bahia<\/p>\n\n\n\n<p>Ap\u00f3s o v\u00eddeo da estudante viralizar nas redes sociais, entidades anti-intoler\u00e2ncia religiosa repudiaram o caso e contaram que est\u00e3o dando assist\u00eancia \u00e0 v\u00edtima. O advogado dela, Bruno Moura, afirmou que conseguiu a identifica\u00e7\u00e3o do suspeito e que encaminhou dados dele para a pol\u00edcia. Tamb\u00e9m em nota, a Secretaria de Promo\u00e7\u00e3o da Igualdade Racial e dos Povos e Comunidades Tradicionais (Sepromi) repudiou o caso de intoler\u00e2ncia religiosa.<\/p>\n\n\n\n<p>Conforme a Sepromi, a Rede de Combate ao Racismo e \u00e0 Intoler\u00e2ncia Religiosa foi acionada e o advogado da mulher recebeu suporte por meio do Centro de Refer\u00eancia de Combate ao Racismo e \u00e0 Intoler\u00e2ncia Religiosa Nelson Mandela.<\/p>\n\n\n\n<p>Ainda de acordo com a secretaria, representantes da Rede de Combate ao Racismo v\u00e3o acompanhar a mulher nesta ter\u00e7a-feira (16) at\u00e9 a Coordena\u00e7\u00e3o Especializada de Repress\u00e3o aos Crimes de Intoler\u00e2ncia e Discrimina\u00e7\u00e3o (Coercid), quando ser\u00e1 feita a den\u00fancia do crime.<\/p>\n\n\n\n<p>A Associa\u00e7\u00e3o de Terreiros da Bahia tamb\u00e9m repudiou o ato de intoler\u00e2ncia religiosa e disse que \u00e9 inaceit\u00e1vel que uma mulher tenha sido hostilizada simplesmente por expressar sua f\u00e9, utilizando um fio de conta associado \u00e0 sua cren\u00e7a de matriz africana.<\/p>\n\n\n\n<figure class=\"wp-block-image\"><img data-recalc-dims=\"1\" decoding=\"async\" src=\"https:\/\/i0.wp.com\/s2-g1.glbimg.com\/H8F5E2tf9XNjP7HV1s8r5As0f3A%3D\/0x0%3A1600x900\/984x0\/smart\/filters%3Astrip_icc%28%29\/i.s3.glbimg.com\/v1\/AUTH_59edd422c0c84a879bd37670ae4f538a\/internal_photos\/bs\/2024\/8\/T\/fLBAdARbeEqlfXtY3yaQ\/whatsapp-image-2024-01-16-at-08.26.24.jpeg?w=800&#038;ssl=1\" alt=\"Confus\u00e3o \u00e9 registrada dentro de metr\u00f4 na Bahia por causa de intoler\u00e2ncia religiosa \u2014 Foto: Reprodu\u00e7\u00e3o\/TV Bahia\"\/><\/figure>\n\n\n\n<p>Confus\u00e3o \u00e9 registrada dentro de metr\u00f4 na Bahia por causa de intoler\u00e2ncia religiosa \u2014 Foto: Reprodu\u00e7\u00e3o\/TV Bahia<\/p>\n","protected":false},"excerpt":{"rendered":"<p>&#8220;Ele falou que n\u00e3o suporta pessoas de candombl\u00e9, que eu estava com o dem\u00f4nio no corpo e que quando eu fosse arrebatada, teria que ir na Pentecostal&#8221;.\u00a0Esse \u00e9 o relato da\u00a0estudante que foi alvo de intoler\u00e2ncia religiosa\u00a0dentro do metr\u00f4 de\u00a0Salvador\u00a0na segunda-feira (15). Segundo a jovem, que prefere n\u00e3o revelar a identidade por medo, ela foi [&hellip;]<\/p>\n","protected":false},"author":2,"featured_media":6798,"comment_status":"open","ping_status":"open","sticky":false,"template":"","format":"standard","meta":{"_jetpack_memberships_contains_paid_content":false,"footnotes":""},"categories":[21],"tags":[],"class_list":["post-6796","post","type-post","status-publish","format-standard","has-post-thumbnail","hentry","category-bahia"],"aioseo_notices":[],"jetpack_featured_media_url":"https:\/\/i0.wp.com\/minutobahia24h.com.br\/wp-content\/uploads\/2024\/01\/Sem-titulo-207.jpg?fit=984%2C538&ssl=1","jetpack_sharing_enabled":true,"_links":{"self":[{"href":"https:\/\/minutobahia24h.com.br\/index.php?rest_route=\/wp\/v2\/posts\/6796","targetHints":{"allow":["GET"]}}],"collection":[{"href":"https:\/\/minutobahia24h.com.br\/index.php?rest_route=\/wp\/v2\/posts"}],"about":[{"href":"https:\/\/minutobahia24h.com.br\/index.php?rest_route=\/wp\/v2\/types\/post"}],"author":[{"embeddable":true,"href":"https:\/\/minutobahia24h.com.br\/index.php?rest_route=\/wp\/v2\/users\/2"}],"replies":[{"embeddable":true,"href":"https:\/\/minutobahia24h.com.br\/index.php?rest_route=%2Fwp%2Fv2%2Fcomments&post=6796"}],"version-history":[{"count":1,"href":"https:\/\/minutobahia24h.com.br\/index.php?rest_route=\/wp\/v2\/posts\/6796\/revisions"}],"predecessor-version":[{"id":6799,"href":"https:\/\/minutobahia24h.com.br\/index.php?rest_route=\/wp\/v2\/posts\/6796\/revisions\/6799"}],"wp:featuredmedia":[{"embeddable":true,"href":"https:\/\/minutobahia24h.com.br\/index.php?rest_route=\/wp\/v2\/media\/6798"}],"wp:attachment":[{"href":"https:\/\/minutobahia24h.com.br\/index.php?rest_route=%2Fwp%2Fv2%2Fmedia&parent=6796"}],"wp:term":[{"taxonomy":"category","embeddable":true,"href":"https:\/\/minutobahia24h.com.br\/index.php?rest_route=%2Fwp%2Fv2%2Fcategories&post=6796"},{"taxonomy":"post_tag","embeddable":true,"href":"https:\/\/minutobahia24h.com.br\/index.php?rest_route=%2Fwp%2Fv2%2Ftags&post=6796"}],"curies":[{"name":"wp","href":"https:\/\/api.w.org\/{rel}","templated":true}]}}