{"id":6792,"date":"2024-01-16T17:07:49","date_gmt":"2024-01-16T20:07:49","guid":{"rendered":"https:\/\/minutobahia24h.com.br\/?p=6792"},"modified":"2024-01-16T17:07:50","modified_gmt":"2024-01-16T20:07:50","slug":"baiana-de-20-anos-e-uma-das-60-pessoas-a-tirar-nota-mil-na-redacao-do-enem-2023","status":"publish","type":"post","link":"https:\/\/minutobahia24h.com.br\/?p=6792","title":{"rendered":"Baiana de 20 anos \u00e9 uma das 60 pessoas a tirar nota mil na reda\u00e7\u00e3o do Enem 2023"},"content":{"rendered":"<div class=\"wp-block-image\">\n<figure class=\"aligncenter size-full\"><img data-recalc-dims=\"1\" fetchpriority=\"high\" decoding=\"async\" width=\"800\" height=\"577\" src=\"https:\/\/i0.wp.com\/minutobahia24h.com.br\/wp-content\/uploads\/2024\/01\/Sem-titulo-206.jpg?resize=800%2C577&#038;ssl=1\" alt=\"\" class=\"wp-image-6794\" srcset=\"https:\/\/i0.wp.com\/minutobahia24h.com.br\/wp-content\/uploads\/2024\/01\/Sem-titulo-206.jpg?w=984&amp;ssl=1 984w, https:\/\/i0.wp.com\/minutobahia24h.com.br\/wp-content\/uploads\/2024\/01\/Sem-titulo-206.jpg?resize=300%2C216&amp;ssl=1 300w, https:\/\/i0.wp.com\/minutobahia24h.com.br\/wp-content\/uploads\/2024\/01\/Sem-titulo-206.jpg?resize=768%2C554&amp;ssl=1 768w, https:\/\/i0.wp.com\/minutobahia24h.com.br\/wp-content\/uploads\/2024\/01\/Sem-titulo-206.jpg?resize=120%2C86&amp;ssl=1 120w, https:\/\/i0.wp.com\/minutobahia24h.com.br\/wp-content\/uploads\/2024\/01\/Sem-titulo-206.jpg?resize=750%2C541&amp;ssl=1 750w\" sizes=\"(max-width: 800px) 100vw, 800px\" \/><figcaption class=\"wp-element-caption\">Beatriz \u00e9 uma das quatro pessoas na Bahia a atingir a nota m\u00e1xima na reda\u00e7\u00e3o do Enem 2023 \u2014 Foto: Arquivo pessoal<br><\/figcaption><\/figure>\n<\/div>\n\n\n<p>A baiana Beatriz Medeiros dos Santos Tudella, de 20 anos, se surpreendeu ao olhar a nota do Exame Nacional do Ensino M\u00e9dio (Enem) nesta ter\u00e7a-feira (16). Moradora de\u00a0<a class=\"\" href=\"https:\/\/g1.globo.com\/ba\/bahia\/cidade\/salvador\/\">Salvador<\/a>, ela foi uma das quatro pessoas na Bahia a conseguir a nota m\u00e1xima na disciplina.<\/p>\n\n\n\n<blockquote class=\"wp-block-quote is-layout-flow wp-block-quote-is-layout-flow\">\n<p>&#8220;Nunca tive muita dificuldade em reda\u00e7\u00e3o e treinei bastante ano passado. Eu esperava 900, mas mil foi realmente uma surpresa. Fiquei muito feliz&#8221;, comemorou a estudante.<\/p>\n<\/blockquote>\n\n\n\n<figure class=\"wp-block-image\"><img data-recalc-dims=\"1\" decoding=\"async\" src=\"https:\/\/i0.wp.com\/s2-g1.glbimg.com\/YF73iHzr6f3a4OZcuGWWTX90XEA%3D\/0x0%3A2000x1253\/984x0\/smart\/filters%3Astrip_icc%28%29\/i.s3.glbimg.com\/v1\/AUTH_59edd422c0c84a879bd37670ae4f538a\/internal_photos\/bs\/2023\/B\/Q\/XOBANPRXWbBMUeo7s9dw\/dsc-1800.jpg?w=800&#038;ssl=1\" alt=\"Prova do Enem foi aplicada em 2023 \u2014 Foto: \u00c9rico Andrade\/g1\"\/><\/figure>\n\n\n\n<p>Prova do Enem foi aplicada em 2023 \u2014 Foto: \u00c9rico Andrade\/g1<\/p>\n\n\n\n<p>Na Bahia, todas as notas m\u00e1ximas vieram de estudantes de institui\u00e7\u00f5es particulares, como Beatriz, que fez cursinho pr\u00e9-vestibular por dois anos no Bernoulli, localizado no bairro da Pituba. No Brasil, a quantidade de pessoas que atingiram a nota m\u00e1xima \u00e9 de 60 pessoas e apenas quatro s\u00e3o estudantes de unidades p\u00fablicas de ensino.<\/p>\n\n\n\n<p>Com o objetivo de cursar medicina na Universidade Federal da Bahia (Ufba), a nota m\u00e1xima na reda\u00e7\u00e3o coloca Beatriz ainda mais pr\u00f3xima do curso, que tem nota de corte para ampla concorr\u00eancia superior a 780 pontos.<\/p>\n\n\n\n<p>Para ela, a medicina \u00e9 um sonho que surgiu aos 14 anos e que significa cuidado com o outro. Apesar de alguns &#8220;n\u00e3os&#8221; pelo caminho, a baiana disse que n\u00e3o conseguiu desistir do curso.<\/p>\n\n\n\n<blockquote class=\"wp-block-quote is-layout-flow wp-block-quote-is-layout-flow\">\n<p>&#8220;Cada nota que n\u00e3o vinha como o esperado, eu pensava em faze outro curso. Mas eu sempre desisti de desistir, porque n\u00e3o tem nada que eu queria mais do que medicina&#8221;.<\/p>\n<cite>Seis anos de treino<br><br>Beatriz come\u00e7ou a fazer as provas do Enem em 2018, quando ainda cursava o 9\u00ba ano do ensino fundamental na escola. Foram seis anos de provas, em que ela adquiriu n\u00e3o s\u00f3 experi\u00eancia sobre os formatos das quest\u00f5es, mas tamb\u00e9m confian\u00e7a.<\/cite><\/blockquote>\n\n\n\n<p>Em 2021, quando estava na 3\u00aa s\u00e9rie do ensino m\u00e9dio, a baiana conseguiu 940 pontos na reda\u00e7\u00e3o. Em 2022, no primeiro ano de cursinho pr\u00e9-vestibular, a nota caiu um pouco e ficou em 900.<\/p>\n\n\n\n<blockquote class=\"wp-block-quote is-layout-flow wp-block-quote-is-layout-flow\">\n<p>&#8220;Eu n\u00e3o treinei tanto quanto deveria, pois j\u00e1 tinha ido muito bem no ano anterior. Isso foi uma das coisas que mudei em 2023, passei a fazer duas reda\u00e7\u00f5es por semana, porque isso faz com que voc\u00ea tenha repert\u00f3rio para escrever sobre qualquer tema&#8221;, disse.<\/p>\n<cite>Para Beatriz, outra dica importante para quem quer mandar bem na reda\u00e7\u00e3o \u00e9 ler bastante sobre as atualidades, pois isso pode ajudar na reda\u00e7\u00e3o e nas provas de geografia e hist\u00f3ria. &#8220;\u00c9 preciso saber o que est\u00e1 acontecendo no mundo, principalmente nas \u00e1reas de meio ambiente e sa\u00fade, que costumam cair bastante na reda\u00e7\u00e3o&#8221;, afirmou.<br><br>Ap\u00f3s a comemora\u00e7\u00e3o da nota mil, a baiana vai esperar o Sistema de Sele\u00e7\u00e3o Unificada (Sisu) abrir as inscri\u00e7\u00f5es na segunda-feira (22) e j\u00e1 colocar a sua nota de corte. Al\u00e9m da primeira op\u00e7\u00e3o de medicina na Ufba, a baiana vai acompanhar as notas das outras institui\u00e7\u00f5es p\u00fablicas que oferecem o curso para escolher uma segunda op\u00e7\u00e3o.<\/cite><\/blockquote>\n","protected":false},"excerpt":{"rendered":"<p>A baiana Beatriz Medeiros dos Santos Tudella, de 20 anos, se surpreendeu ao olhar a nota do Exame Nacional do Ensino M\u00e9dio (Enem) nesta ter\u00e7a-feira (16). Moradora de\u00a0Salvador, ela foi uma das quatro pessoas na Bahia a conseguir a nota m\u00e1xima na disciplina. &#8220;Nunca tive muita dificuldade em reda\u00e7\u00e3o e treinei bastante ano passado. Eu [&hellip;]<\/p>\n","protected":false},"author":2,"featured_media":6794,"comment_status":"open","ping_status":"open","sticky":false,"template":"","format":"standard","meta":{"_jetpack_memberships_contains_paid_content":false,"footnotes":""},"categories":[34],"tags":[],"class_list":["post-6792","post","type-post","status-publish","format-standard","has-post-thumbnail","hentry","category-educacao"],"aioseo_notices":[],"jetpack_featured_media_url":"https:\/\/i0.wp.com\/minutobahia24h.com.br\/wp-content\/uploads\/2024\/01\/Sem-titulo-206.jpg?fit=984%2C710&ssl=1","jetpack_sharing_enabled":true,"_links":{"self":[{"href":"https:\/\/minutobahia24h.com.br\/index.php?rest_route=\/wp\/v2\/posts\/6792","targetHints":{"allow":["GET"]}}],"collection":[{"href":"https:\/\/minutobahia24h.com.br\/index.php?rest_route=\/wp\/v2\/posts"}],"about":[{"href":"https:\/\/minutobahia24h.com.br\/index.php?rest_route=\/wp\/v2\/types\/post"}],"author":[{"embeddable":true,"href":"https:\/\/minutobahia24h.com.br\/index.php?rest_route=\/wp\/v2\/users\/2"}],"replies":[{"embeddable":true,"href":"https:\/\/minutobahia24h.com.br\/index.php?rest_route=%2Fwp%2Fv2%2Fcomments&post=6792"}],"version-history":[{"count":1,"href":"https:\/\/minutobahia24h.com.br\/index.php?rest_route=\/wp\/v2\/posts\/6792\/revisions"}],"predecessor-version":[{"id":6795,"href":"https:\/\/minutobahia24h.com.br\/index.php?rest_route=\/wp\/v2\/posts\/6792\/revisions\/6795"}],"wp:featuredmedia":[{"embeddable":true,"href":"https:\/\/minutobahia24h.com.br\/index.php?rest_route=\/wp\/v2\/media\/6794"}],"wp:attachment":[{"href":"https:\/\/minutobahia24h.com.br\/index.php?rest_route=%2Fwp%2Fv2%2Fmedia&parent=6792"}],"wp:term":[{"taxonomy":"category","embeddable":true,"href":"https:\/\/minutobahia24h.com.br\/index.php?rest_route=%2Fwp%2Fv2%2Fcategories&post=6792"},{"taxonomy":"post_tag","embeddable":true,"href":"https:\/\/minutobahia24h.com.br\/index.php?rest_route=%2Fwp%2Fv2%2Ftags&post=6792"}],"curies":[{"name":"wp","href":"https:\/\/api.w.org\/{rel}","templated":true}]}}