{"id":6768,"date":"2024-01-16T07:27:14","date_gmt":"2024-01-16T10:27:14","guid":{"rendered":"https:\/\/minutobahia24h.com.br\/?p=6768"},"modified":"2024-01-16T07:27:15","modified_gmt":"2024-01-16T10:27:15","slug":"governo-federal-resiste-e-pretende-negar-reajuste-a-servidores-em-2024","status":"publish","type":"post","link":"https:\/\/minutobahia24h.com.br\/?p=6768","title":{"rendered":"Governo federal resiste e pretende negar reajuste a servidores em 2024"},"content":{"rendered":"<div class=\"wp-block-image\">\n<figure class=\"aligncenter size-full\"><img data-recalc-dims=\"1\" fetchpriority=\"high\" decoding=\"async\" width=\"601\" height=\"418\" src=\"https:\/\/i0.wp.com\/minutobahia24h.com.br\/wp-content\/uploads\/2024\/01\/Sem-titulo-201.jpg?resize=601%2C418&#038;ssl=1\" alt=\"\" class=\"wp-image-6770\" srcset=\"https:\/\/i0.wp.com\/minutobahia24h.com.br\/wp-content\/uploads\/2024\/01\/Sem-titulo-201.jpg?w=601&amp;ssl=1 601w, https:\/\/i0.wp.com\/minutobahia24h.com.br\/wp-content\/uploads\/2024\/01\/Sem-titulo-201.jpg?resize=300%2C209&amp;ssl=1 300w\" sizes=\"(max-width: 601px) 100vw, 601px\" \/><figcaption class=\"wp-element-caption\">Foto: Fabio Rodrigues Pozzebom\/ Ag\u00eancia Brasil<br><\/figcaption><\/figure>\n<\/div>\n\n\n<p>Apesar da press\u00e3o que vem sendo exercida pelos servidores p\u00fablicos, o governo de Luiz In\u00e1cio Lula da Silva (PT) n\u00e3o pretende ceder reajuste a eles em 2024. Na semana passada, entidades representativas dos servidores do Poder Executivo federal, que comp\u00f5em o F\u00f3rum Nacional Permanente das Carreiras T\u00edpicas de Estado (Fonacate), apresentaram ao governo a contraproposta de reajuste salarial, exigindo corre\u00e7\u00f5es j\u00e1 neste ano. A ordem na equipe econ\u00f4mica, por\u00e9m, \u00e9 resistir.<\/p>\n\n\n\n<p>Em of\u00edcio enviado ao Minist\u00e9rio da Gest\u00e3o e da Inova\u00e7\u00e3o em Servi\u00e7os P\u00fablicos (MGI) no dia 10 de janeiro, conforme o Metrop\u00f3les, as entidades propuseram a recomposi\u00e7\u00e3o salarial em tr\u00eas parcelas: a primeira de 9%, e a segunda e a terceira de 7,5%, a serem implementadas, respectivamente, nos meses de maio de 2024, 2025 e 2026.<\/p>\n\n\n\n<p>Essa contraproposta \u00e9 uma resposta, conforme as entidades, \u00e0quilo que foi apresentado pelo governo federal no fim de 2023. Na pr\u00e1tica, a proposta oficial congela os sal\u00e1rios dos servidores federais neste ano e promete reajuste apenas em 2025 e 2026, oferecendo aumento apenas em aux\u00edlios para 2024 (veja detalhes abaixo).<\/p>\n\n\n\n<p>Fontes do Minist\u00e9rio da Fazenda ouvidas pelo Metr\u00f3poles, no entanto, sustentam que n\u00e3o haver\u00e1 reajuste neste ano, em fun\u00e7\u00e3o da restri\u00e7\u00e3o or\u00e7ament\u00e1ria. A equipe econ\u00f4mica tem empreendido esfor\u00e7os para cumprir a meta de zerar o d\u00e9ficit fiscal. Para tanto, o Minist\u00e9rio do Planejamento e Or\u00e7amento calcula serem necess\u00e1rios R$ 168 bilh\u00f5es em receitas adicionais.<\/p>\n\n\n\n<p>Um reajuste a servidores do Executivo neste exerc\u00edcio financeiro, justificam, acarretaria em mais despesas e prejudicaria os planos do governo em dire\u00e7\u00e3o \u00e0 meta zero, compromisso assumido e reiterado pelo ministro Fernando Haddad.<\/p>\n\n\n\n<p>A n\u00e3o concess\u00e3o de reajuste em 2024 \u00e9 encarada ainda como uma forma de o governo mostrar compromisso com o corte de gastos, principalmente em um momento em que o Congresso cobra fortemente por uma reforma administrativa.<\/p>\n\n\n\n<p>As demandas de servidores \u2014 sejam elas de car\u00e1ter remunerat\u00f3rio ou n\u00e3o \u2014 s\u00e3o analisadas em reuni\u00f5es peri\u00f3dicas da Mesa Nacional de Negocia\u00e7\u00e3o Permanente, retomada no ano passado. Ainda n\u00e3o foi agendada a primeira reuni\u00e3o dessa Mesa no corrente ano.<\/p>\n\n\n\n<p>O governo tem convocado algumas mesas espec\u00edficas, mas a expectativa \u00e9 de que a Mesa geral s\u00f3 ocorra na segunda quinzena de fevereiro, ap\u00f3s o Carnaval. A Mesa \u00e9 coordenada pelo secret\u00e1rio de Rela\u00e7\u00f5es de Trabalho do MGI, Jos\u00e9 Lopez Feij\u00f3o, auxiliar da ministra Esther Dweck.<\/p>\n\n\n\n<p>Bahia.ba<\/p>\n","protected":false},"excerpt":{"rendered":"<p>Apesar da press\u00e3o que vem sendo exercida pelos servidores p\u00fablicos, o governo de Luiz In\u00e1cio Lula da Silva (PT) n\u00e3o pretende ceder reajuste a eles em 2024. Na semana passada, entidades representativas dos servidores do Poder Executivo federal, que comp\u00f5em o F\u00f3rum Nacional Permanente das Carreiras T\u00edpicas de Estado (Fonacate), apresentaram ao governo a contraproposta [&hellip;]<\/p>\n","protected":false},"author":2,"featured_media":6770,"comment_status":"open","ping_status":"open","sticky":false,"template":"","format":"standard","meta":{"_jetpack_memberships_contains_paid_content":false,"footnotes":""},"categories":[19],"tags":[],"class_list":["post-6768","post","type-post","status-publish","format-standard","has-post-thumbnail","hentry","category-economia"],"aioseo_notices":[],"jetpack_featured_media_url":"https:\/\/i0.wp.com\/minutobahia24h.com.br\/wp-content\/uploads\/2024\/01\/Sem-titulo-201.jpg?fit=601%2C418&ssl=1","jetpack_sharing_enabled":true,"_links":{"self":[{"href":"https:\/\/minutobahia24h.com.br\/index.php?rest_route=\/wp\/v2\/posts\/6768","targetHints":{"allow":["GET"]}}],"collection":[{"href":"https:\/\/minutobahia24h.com.br\/index.php?rest_route=\/wp\/v2\/posts"}],"about":[{"href":"https:\/\/minutobahia24h.com.br\/index.php?rest_route=\/wp\/v2\/types\/post"}],"author":[{"embeddable":true,"href":"https:\/\/minutobahia24h.com.br\/index.php?rest_route=\/wp\/v2\/users\/2"}],"replies":[{"embeddable":true,"href":"https:\/\/minutobahia24h.com.br\/index.php?rest_route=%2Fwp%2Fv2%2Fcomments&post=6768"}],"version-history":[{"count":1,"href":"https:\/\/minutobahia24h.com.br\/index.php?rest_route=\/wp\/v2\/posts\/6768\/revisions"}],"predecessor-version":[{"id":6771,"href":"https:\/\/minutobahia24h.com.br\/index.php?rest_route=\/wp\/v2\/posts\/6768\/revisions\/6771"}],"wp:featuredmedia":[{"embeddable":true,"href":"https:\/\/minutobahia24h.com.br\/index.php?rest_route=\/wp\/v2\/media\/6770"}],"wp:attachment":[{"href":"https:\/\/minutobahia24h.com.br\/index.php?rest_route=%2Fwp%2Fv2%2Fmedia&parent=6768"}],"wp:term":[{"taxonomy":"category","embeddable":true,"href":"https:\/\/minutobahia24h.com.br\/index.php?rest_route=%2Fwp%2Fv2%2Fcategories&post=6768"},{"taxonomy":"post_tag","embeddable":true,"href":"https:\/\/minutobahia24h.com.br\/index.php?rest_route=%2Fwp%2Fv2%2Ftags&post=6768"}],"curies":[{"name":"wp","href":"https:\/\/api.w.org\/{rel}","templated":true}]}}