{"id":6752,"date":"2024-01-16T07:20:06","date_gmt":"2024-01-16T10:20:06","guid":{"rendered":"https:\/\/minutobahia24h.com.br\/?p=6752"},"modified":"2024-01-16T07:20:08","modified_gmt":"2024-01-16T10:20:08","slug":"estiagem-pode-reduzir-area-plantada-de-feijao-na-bahia-aponta-conab","status":"publish","type":"post","link":"https:\/\/minutobahia24h.com.br\/?p=6752","title":{"rendered":"Estiagem pode reduzir \u00e1rea plantada de feij\u00e3o na Bahia, aponta Conab"},"content":{"rendered":"<div class=\"wp-block-image\">\n<figure class=\"aligncenter size-full\"><img data-recalc-dims=\"1\" fetchpriority=\"high\" decoding=\"async\" width=\"600\" height=\"418\" src=\"https:\/\/i0.wp.com\/minutobahia24h.com.br\/wp-content\/uploads\/2024\/01\/Sem-titulo-197.jpg?resize=600%2C418&#038;ssl=1\" alt=\"\" class=\"wp-image-6754\" srcset=\"https:\/\/i0.wp.com\/minutobahia24h.com.br\/wp-content\/uploads\/2024\/01\/Sem-titulo-197.jpg?w=600&amp;ssl=1 600w, https:\/\/i0.wp.com\/minutobahia24h.com.br\/wp-content\/uploads\/2024\/01\/Sem-titulo-197.jpg?resize=300%2C209&amp;ssl=1 300w\" sizes=\"(max-width: 600px) 100vw, 600px\" \/><figcaption class=\"wp-element-caption\">Foto: Divulga\u00e7\u00e3o\/Seagri<br><\/figcaption><\/figure>\n<\/div>\n\n\n<p>As condi\u00e7\u00f5es de restri\u00e7\u00e3o h\u00eddrica e altas temperaturas, principalmente nas regi\u00f5es produtoras do centro-sul e centro-norte do estado, est\u00e3o dificultando o cultivo das lavouras do feij\u00e3o-comum e gerando uma perspectiva de redu\u00e7\u00e3o na \u00e1rea estimada para o plantio, aponta a Companhia Nacional de Abastecimento (Conab).<\/p>\n\n\n\n<p>A \u00e1rea dedicada ao feij\u00e3o deve recuar 5%, de 214,1 mil hectares, em 2022\/23, para 203,8 mil na atual safra. A produ\u00e7\u00e3o deve sofrer um baque pr\u00f3ximo de 11%, saindo de 109 mil toneladas para 97,4 mil no per\u00edodo 2023\/2024 No centro-norte, as chuvas foram pouco significativas no fim de 2023, o que inviabiliza a evolu\u00e7\u00e3o do plantio e prejudica as lavouras em desenvolvimento vegetativo.<\/p>\n\n\n\n<p>Com a expectativa de chuvas para o fim de dezembro, os produtores realizaram o plantio em solo seco, visando n\u00e3o perder a umidade dispon\u00edvel para a lavoura. As \u00e1reas semeadas no fim de outubro e in\u00edcio de novembro ser\u00e3o replantadas.<\/p>\n\n\n\n<p>Assis Pinheiro Filho, engenheiro agr\u00f4nomo da Secretaria da Agricultura, Pecu\u00e1ria, Irriga\u00e7\u00e3o, Pesca e Aquicultura da Bahia (Seagri) ressalta que a necessidade de \u00e1gua do feijoeiro varia entre 300 e 500 mm para obten\u00e7\u00e3o de alta produtividade. \u201cA falta de \u00e1gua na hora certa reduz a capacidade de desenvolvimento da planta, o que refor\u00e7a a necessidade de chuvas regulares desde a semeadura at\u00e9 o desenvolvimento da planta\u201d, pontua Assis.<\/p>\n\n\n\n<p>Por outro lado, no centro-sul, devido \u00e0 forte estiagem, a maior parte das lavouras implantadas em novembro foram perdidas, e o plantio foi interrompido. A escassez de chuvas, altas temperaturas e a falta de \u00e1gua no solo inviabilizaram o desenvolvimento das plantas e paralisaram a semeadura. No entanto, os agricultores apenas aguardam o retorno das chuvas para reiniciar o plantio.<\/p>\n\n\n\n<p>Na regi\u00e3o do oeste baiano, as lavouras dedicadas a feij\u00e3o fradinho seguem com bom desenvolvimento (em monocultivo ou consorciado com milho), conduzido por pequenos produtores. N\u00e3o h\u00e1 relatos de perdas fitossanit\u00e1rias, informa a Conab.<\/p>\n\n\n\n<p>As condi\u00e7\u00f5es de restri\u00e7\u00e3o h\u00eddrica e altas temperaturas, sobretudo nas regi\u00f5es produtoras do centro-sul e centro-norte do estado, est\u00e3o impossibilitando o cultivo das lavouras e gerando perspectiva de redu\u00e7\u00e3o na \u00e1rea estimada para o plantio. Isso tamb\u00e9m vem diminuindo a janela ideal de plantio e o desenvolvimento inicial das plantas.<\/p>\n\n\n\n<p><strong>Tr\u00eas safras \u2013<\/strong>&nbsp;Por seu apelo alimentar, mercadol\u00f3gico e agron\u00f4mico, a cultura do feij\u00e3o tem grande relev\u00e2ncia na agricultura nacional. Nesse \u00faltimo quesito, tem papel fundamental no planejamento de calend\u00e1rio agr\u00edcola, justamente por possuir um ciclo fenol\u00f3gico considerado adequado ao seu plantio em uma janela menor, sem ter que abrir m\u00e3o da produ\u00e7\u00e3o de outros gr\u00e3os ainda no mesmo ano-safra.<\/p>\n\n\n\n<p>Nesse cen\u00e1rio, o Brasil possui tr\u00eas \u00e9pocas distintas de plantio de feij\u00e3o, favorecendo assim uma oferta constante do produto ao longo do ano. Dessa forma, tem-se o feij\u00e3o de primeira safra, semeado entre agosto e dezembro, o de segunda safra, cultivado entre janeiro e abril, e o de terceira safra, semeado de maio a julho.<\/p>\n\n\n\n<p>Bahia.ba<\/p>\n","protected":false},"excerpt":{"rendered":"<p>As condi\u00e7\u00f5es de restri\u00e7\u00e3o h\u00eddrica e altas temperaturas, principalmente nas regi\u00f5es produtoras do centro-sul e centro-norte do estado, est\u00e3o dificultando o cultivo das lavouras do feij\u00e3o-comum e gerando uma perspectiva de redu\u00e7\u00e3o na \u00e1rea estimada para o plantio, aponta a Companhia Nacional de Abastecimento (Conab). A \u00e1rea dedicada ao feij\u00e3o deve recuar 5%, de 214,1 [&hellip;]<\/p>\n","protected":false},"author":2,"featured_media":6754,"comment_status":"open","ping_status":"open","sticky":false,"template":"","format":"standard","meta":{"_jetpack_memberships_contains_paid_content":false,"footnotes":""},"categories":[19],"tags":[],"class_list":["post-6752","post","type-post","status-publish","format-standard","has-post-thumbnail","hentry","category-economia"],"aioseo_notices":[],"jetpack_featured_media_url":"https:\/\/i0.wp.com\/minutobahia24h.com.br\/wp-content\/uploads\/2024\/01\/Sem-titulo-197.jpg?fit=600%2C418&ssl=1","jetpack_sharing_enabled":true,"_links":{"self":[{"href":"https:\/\/minutobahia24h.com.br\/index.php?rest_route=\/wp\/v2\/posts\/6752","targetHints":{"allow":["GET"]}}],"collection":[{"href":"https:\/\/minutobahia24h.com.br\/index.php?rest_route=\/wp\/v2\/posts"}],"about":[{"href":"https:\/\/minutobahia24h.com.br\/index.php?rest_route=\/wp\/v2\/types\/post"}],"author":[{"embeddable":true,"href":"https:\/\/minutobahia24h.com.br\/index.php?rest_route=\/wp\/v2\/users\/2"}],"replies":[{"embeddable":true,"href":"https:\/\/minutobahia24h.com.br\/index.php?rest_route=%2Fwp%2Fv2%2Fcomments&post=6752"}],"version-history":[{"count":1,"href":"https:\/\/minutobahia24h.com.br\/index.php?rest_route=\/wp\/v2\/posts\/6752\/revisions"}],"predecessor-version":[{"id":6755,"href":"https:\/\/minutobahia24h.com.br\/index.php?rest_route=\/wp\/v2\/posts\/6752\/revisions\/6755"}],"wp:featuredmedia":[{"embeddable":true,"href":"https:\/\/minutobahia24h.com.br\/index.php?rest_route=\/wp\/v2\/media\/6754"}],"wp:attachment":[{"href":"https:\/\/minutobahia24h.com.br\/index.php?rest_route=%2Fwp%2Fv2%2Fmedia&parent=6752"}],"wp:term":[{"taxonomy":"category","embeddable":true,"href":"https:\/\/minutobahia24h.com.br\/index.php?rest_route=%2Fwp%2Fv2%2Fcategories&post=6752"},{"taxonomy":"post_tag","embeddable":true,"href":"https:\/\/minutobahia24h.com.br\/index.php?rest_route=%2Fwp%2Fv2%2Ftags&post=6752"}],"curies":[{"name":"wp","href":"https:\/\/api.w.org\/{rel}","templated":true}]}}