{"id":670,"date":"2023-09-14T11:47:29","date_gmt":"2023-09-14T14:47:29","guid":{"rendered":"https:\/\/minutobahia24h.com.br\/?p=670"},"modified":"2023-09-14T18:35:10","modified_gmt":"2023-09-14T21:35:10","slug":"mec-quer-retomar-oferta-de-vagas-nao-preenchidas-no-fies","status":"publish","type":"post","link":"https:\/\/minutobahia24h.com.br\/?p=670","title":{"rendered":"MEC quer retomar oferta de vagas n\u00e3o preenchidas no Fies"},"content":{"rendered":"\n<p class=\"wp-block-paragraph\"><a href=\"https:\/\/www.campoformosonoticias.com.br\/v5\/2023\/09\/mec-quer-retomar-oferta-de-vagas-nao-preenchidas-no-fies\/\"><\/a><\/p>\n\n\n<div class=\"wp-block-image\">\n<figure class=\"aligncenter size-full\"><img data-recalc-dims=\"1\" fetchpriority=\"high\" decoding=\"async\" width=\"630\" height=\"350\" src=\"https:\/\/i0.wp.com\/minutobahia24h.com.br\/wp-content\/uploads\/2023\/09\/enem_vac_abr_28112143111.jpg?resize=630%2C350&#038;ssl=1\" alt=\"\" class=\"wp-image-672\" srcset=\"https:\/\/i0.wp.com\/minutobahia24h.com.br\/wp-content\/uploads\/2023\/09\/enem_vac_abr_28112143111.jpg?w=630&amp;ssl=1 630w, https:\/\/i0.wp.com\/minutobahia24h.com.br\/wp-content\/uploads\/2023\/09\/enem_vac_abr_28112143111.jpg?resize=300%2C167&amp;ssl=1 300w\" sizes=\"(max-width: 630px) 100vw, 630px\" \/><figcaption class=\"wp-element-caption\">Participantes do Exame Nacional do Ensino M\u00e9dio (Enem) 2021 fazem, neste domingo (28), segundo dia de avalia\u00e7\u00e3o, provas de matem\u00e1tica e de ci\u00eancia da natureza.<\/figcaption><\/figure>\n<\/div>\n\n\n<p class=\"wp-block-paragraph\">O Minist\u00e9rio da Educa\u00e7\u00e3o (MEC) ofertar\u00e1, ainda este ano, as vagas que n\u00e3o foram preenchidas no Fundo de Financiamento Estudantil (Fies). A medida faz parte de uma s\u00e9rie de mudan\u00e7as em discuss\u00e3o pela pasta em um grupo de trabalho que busca retomar o car\u00e1ter social do programa.<\/p>\n\n\n\n<p class=\"wp-block-paragraph\">O an\u00fancio foi feito pelo diretor de Pol\u00edticas e Programas de Educa\u00e7\u00e3o Superior do Minist\u00e9rio da Educa\u00e7\u00e3o, Alexandre Fonseca, no semin\u00e1rio Di\u00e1logo sobre a reconstru\u00e7\u00e3o do Fies, promovido pela Associa\u00e7\u00e3o Brasileira de Mantenedoras de Ensino Superior (Abmes).<\/p>\n\n\n\n<p class=\"wp-block-paragraph\">\u201cA gente vai retomar as vagas remanescentes. A gente est\u00e1 preenchendo cerca de metade das vagas nos \u00faltimos 3, 4 anos. Descontinuaram a abertura de vagas remanescentes. A gente est\u00e1 trabalhando para abrir o Fies agora em setembro, no mais tardar no in\u00edcio de outubro\u201d, disse.<\/p>\n\n\n\n<p class=\"wp-block-paragraph\">A nova chamada, segundo Fonseca, dever\u00e1 ser destinada a alunos j\u00e1 matriculados em institui\u00e7\u00f5es de ensino superior.<\/p>\n\n\n\n<p class=\"wp-block-paragraph\">As chamadas vagas remanescentes s\u00e3o aquelas que n\u00e3o foram ocupadas no decorrer do processo seletivo regular, por desist\u00eancia dos candidatos pr\u00e9-selecionados ou falta de documenta\u00e7\u00e3o na contrata\u00e7\u00e3o do financiamento, por exemplo.<\/p>\n\n\n\n<p class=\"wp-block-paragraph\">Fonseca ressaltou que o Fies precisa ser pensado em conjunto com outras pol\u00edticas do MEC de acesso ao ensino superior, como o Sistema de Sele\u00e7\u00e3o Unificada (Sisu), que oferece vagas em institui\u00e7\u00f5es p\u00fablicas de ensino, e o Programa Universidade para Todos (ProUni), que oferece bolsas de estudo a estudantes de baixa renda em institui\u00e7\u00f5es privadas. Em todos esses programas foram constatadas quedas tanto nos inscritos quanto no percentual de vagas ocupadas.<\/p>\n\n\n\n<p class=\"wp-block-paragraph\">\u201cQuando a gente pensa em acesso ao ensino superior, a gente pensa em ocupa\u00e7\u00e3o das vagas que est\u00e3o sendo oferecidas, a gente tem que ampliar o acesso, mas ampliar estabelecendo, primeiro, diagn\u00f3sticos de por que h\u00e1 essa diminui\u00e7\u00e3o. A gente tem explica\u00e7\u00f5es para isso, teve a pandemia, que n\u00e3o \u00e9 algo menor, e tem per\u00edodo que o governo federal considerou a universidade como inimiga\u201d, disse.<\/p>\n\n\n\n<p class=\"wp-block-paragraph\">O Fies \u00e9 um programa de gest\u00e3o compartilhada, com a participa\u00e7\u00e3o, por exemplo, da Caixa Econ\u00f4mica Federal. O MEC \u00e9 o respons\u00e1vel pelo processo seletivo.<\/p>\n\n\n\n<p class=\"wp-block-paragraph\">Em nota, a pasta informa que os prazos e detalhamento das vagas remanescentes que ser\u00e3o ofertadas ser\u00e3o anunciados \u201ct\u00e3o logo sejam consolidadas todas as informa\u00e7\u00f5es sobre esse novo processo de convoca\u00e7\u00e3o para ocupa\u00e7\u00e3o de vagas do Fies\u201d.<\/p>\n\n\n\n<p class=\"wp-block-paragraph\">Reconstru\u00e7\u00e3o<br>O MEC discute atualmente uma reconstru\u00e7\u00e3o do Fies. O programa foi criado em 1999 e oferece financiamento a estudantes em institui\u00e7\u00f5es particulares de ensino a condi\u00e7\u00f5es mais favor\u00e1veis que as de mercado. O programa, que chegou a firmar, em 2014, mais de 732 mil contratos, sofreu, desde 2015, uma s\u00e9rie de mudan\u00e7as e enxugamentos.<\/p>\n\n\n\n<p class=\"wp-block-paragraph\">Um dos principais motivos para as mudan\u00e7as nas regras do Fies, de acordo com gest\u00f5es anteriores do Minist\u00e9rio da Educa\u00e7\u00e3o, foi a alta inadimpl\u00eancia, ou seja, estudantes que contratam o financiamento e n\u00e3o conseguem quitar as d\u00edvidas.<\/p>\n\n\n\n<p class=\"wp-block-paragraph\">O MEC pretende retomar o car\u00e1ter social do programa. A pasta dever\u00e1 lan\u00e7ar, em breve, o Fies Social, que cobrir\u00e1 100% dos custos das mensalidades em institui\u00e7\u00f5es privadas de ensino superior.<\/p>\n\n\n\n<p class=\"wp-block-paragraph\">.<\/p>\n\n\n\n<p class=\"wp-block-paragraph\">Ag\u00eancia Brasil \/ Foto: Valter Campanato<\/p>\n","protected":false},"excerpt":{"rendered":"<p>O Minist\u00e9rio da Educa\u00e7\u00e3o (MEC) ofertar\u00e1, ainda este ano, as vagas que n\u00e3o foram preenchidas no Fundo de Financiamento Estudantil (Fies). A medida faz parte de uma s\u00e9rie de mudan\u00e7as em discuss\u00e3o pela pasta em um grupo de trabalho que busca retomar o car\u00e1ter social do programa. O an\u00fancio foi feito pelo diretor de Pol\u00edticas [&hellip;]<\/p>\n","protected":false},"author":2,"featured_media":672,"comment_status":"open","ping_status":"open","sticky":false,"template":"","format":"standard","meta":{"_jetpack_newsletter_access":"","_jetpack_dont_email_post_to_subs":false,"_jetpack_newsletter_tier_id":0,"_jetpack_memberships_contains_paywalled_content":false,"_jetpack_feature_clip_id":0,"_jetpack_memberships_contains_paid_content":false,"footnotes":"","jetpack_post_was_ever_published":false},"categories":[34],"tags":[],"class_list":["post-670","post","type-post","status-publish","format-standard","has-post-thumbnail","hentry","category-educacao"],"aioseo_notices":[],"aioseo_head":"\n\t\t<!-- All in One SEO 5.0.1.1 - aioseo.com -->\n\t<meta name=\"description\" content=\"O Minist\u00e9rio da Educa\u00e7\u00e3o (MEC) ofertar\u00e1, ainda este ano, as vagas que n\u00e3o foram preenchidas no Fundo de Financiamento Estudantil (Fies). A medida faz parte de uma s\u00e9rie de mudan\u00e7as em discuss\u00e3o pela pasta em um grupo de trabalho que busca retomar o car\u00e1ter social do programa. O an\u00fancio foi feito pelo diretor de Pol\u00edticas\" \/>\n\t<meta name=\"robots\" content=\"max-image-preview:large\" \/>\n\t<meta name=\"author\" content=\"andre\"\/>\n\t<link rel=\"canonical\" href=\"https:\/\/minutobahia24h.com.br\/?p=670\" \/>\n\t<meta name=\"generator\" content=\"All in One SEO (AIOSEO) 5.0.1.1\" \/>\n\t\t<meta property=\"og:locale\" content=\"pt_BR\" \/>\n\t\t<meta property=\"og:site_name\" content=\"Minuto Bahia 24h - O seu portal de not\u00edcias\" \/>\n\t\t<meta property=\"og:type\" content=\"article\" \/>\n\t\t<meta property=\"og:title\" content=\"MEC quer retomar oferta de vagas n\u00e3o preenchidas no Fies - Minuto Bahia 24h\" \/>\n\t\t<meta property=\"og:description\" content=\"O Minist\u00e9rio da Educa\u00e7\u00e3o (MEC) ofertar\u00e1, ainda este ano, as vagas que n\u00e3o foram preenchidas no Fundo de Financiamento Estudantil (Fies). A medida faz parte de uma s\u00e9rie de mudan\u00e7as em discuss\u00e3o pela pasta em um grupo de trabalho que busca retomar o car\u00e1ter social do programa. O an\u00fancio foi feito pelo diretor de Pol\u00edticas\" \/>\n\t\t<meta property=\"og:url\" content=\"https:\/\/minutobahia24h.com.br\/?p=670\" \/>\n\t\t<meta property=\"og:image\" content=\"https:\/\/minutobahia24h.com.br\/wp-content\/uploads\/2023\/09\/enem_vac_abr_28112143111.jpg\" \/>\n\t\t<meta property=\"og:image:secure_url\" content=\"https:\/\/minutobahia24h.com.br\/wp-content\/uploads\/2023\/09\/enem_vac_abr_28112143111.jpg\" \/>\n\t\t<meta property=\"og:image:width\" content=\"630\" \/>\n\t\t<meta property=\"og:image:height\" content=\"350\" \/>\n\t\t<meta property=\"article:published_time\" content=\"2023-09-14T14:47:29+00:00\" \/>\n\t\t<meta property=\"article:modified_time\" content=\"2023-09-14T21:35:10+00:00\" \/>\n\t\t<meta name=\"twitter:card\" content=\"summary_large_image\" \/>\n\t\t<meta name=\"twitter:title\" content=\"MEC quer retomar oferta de vagas n\u00e3o preenchidas no Fies - Minuto Bahia 24h\" \/>\n\t\t<meta name=\"twitter:description\" content=\"O Minist\u00e9rio da Educa\u00e7\u00e3o (MEC) ofertar\u00e1, ainda este ano, as vagas que n\u00e3o foram preenchidas no Fundo de Financiamento Estudantil (Fies). A medida faz parte de uma s\u00e9rie de mudan\u00e7as em discuss\u00e3o pela pasta em um grupo de trabalho que busca retomar o car\u00e1ter social do programa. O an\u00fancio foi feito pelo diretor de Pol\u00edticas\" \/>\n\t\t<meta name=\"twitter:image\" content=\"https:\/\/minutobahia24h.com.br\/wp-content\/uploads\/2023\/09\/enem_vac_abr_28112143111.jpg\" \/>\n\t\t<script type=\"application\/ld+json\" class=\"aioseo-schema\">\n\t\t\t{\"@context\":\"https:\\\/\\\/schema.org\",\"@graph\":[{\"@type\":\"BlogPosting\",\"@id\":\"https:\\\/\\\/minutobahia24h.com.br\\\/?p=670#blogposting\",\"name\":\"MEC quer retomar oferta de vagas n\\u00e3o preenchidas no Fies - Minuto Bahia 24h\",\"headline\":\"MEC quer retomar oferta de vagas n\\u00e3o preenchidas no Fies\",\"author\":{\"@id\":\"https:\\\/\\\/minutobahia24h.com.br\\\/?author=2#author\"},\"publisher\":{\"@id\":\"https:\\\/\\\/minutobahia24h.com.br\\\/#organization\"},\"image\":{\"@type\":\"ImageObject\",\"url\":\"https:\\\/\\\/i0.wp.com\\\/minutobahia24h.com.br\\\/wp-content\\\/uploads\\\/2023\\\/09\\\/enem_vac_abr_28112143111.jpg?fit=630%2C350&ssl=1\",\"width\":630,\"height\":350,\"caption\":\"Participantes do Exame Nacional do Ensino M\\u00e9dio (Enem) 2021 fazem, neste domingo (28), segundo dia de avalia\\u00e7\\u00e3o, provas de matem\\u00e1tica e de ci\\u00eancia da natureza.\"},\"datePublished\":\"2023-09-14T11:47:29-03:00\",\"dateModified\":\"2023-09-14T18:35:10-03:00\",\"inLanguage\":\"pt-BR\",\"mainEntityOfPage\":{\"@id\":\"https:\\\/\\\/minutobahia24h.com.br\\\/?p=670#webpage\"},\"isPartOf\":{\"@id\":\"https:\\\/\\\/minutobahia24h.com.br\\\/?p=670#webpage\"},\"articleSection\":\"Educa\\u00e7\\u00e3o\"},{\"@type\":\"BreadcrumbList\",\"@id\":\"https:\\\/\\\/minutobahia24h.com.br\\\/?p=670#breadcrumblist\",\"itemListElement\":[{\"@type\":\"ListItem\",\"@id\":\"https:\\\/\\\/minutobahia24h.com.br#listItem\",\"position\":1,\"name\":\"In\\u00edcio\",\"item\":\"https:\\\/\\\/minutobahia24h.com.br\",\"nextItem\":{\"@type\":\"ListItem\",\"@id\":\"https:\\\/\\\/minutobahia24h.com.br\\\/?cat=34#listItem\",\"name\":\"Educa\\u00e7\\u00e3o\"}},{\"@type\":\"ListItem\",\"@id\":\"https:\\\/\\\/minutobahia24h.com.br\\\/?cat=34#listItem\",\"position\":2,\"name\":\"Educa\\u00e7\\u00e3o\",\"item\":\"https:\\\/\\\/minutobahia24h.com.br\\\/?cat=34\",\"nextItem\":{\"@type\":\"ListItem\",\"@id\":\"https:\\\/\\\/minutobahia24h.com.br\\\/?p=670#listItem\",\"name\":\"MEC quer retomar oferta de vagas n\\u00e3o preenchidas no Fies\"},\"previousItem\":{\"@type\":\"ListItem\",\"@id\":\"https:\\\/\\\/minutobahia24h.com.br#listItem\",\"name\":\"In\\u00edcio\"}},{\"@type\":\"ListItem\",\"@id\":\"https:\\\/\\\/minutobahia24h.com.br\\\/?p=670#listItem\",\"position\":3,\"name\":\"MEC quer retomar oferta de vagas n\\u00e3o preenchidas no Fies\",\"previousItem\":{\"@type\":\"ListItem\",\"@id\":\"https:\\\/\\\/minutobahia24h.com.br\\\/?cat=34#listItem\",\"name\":\"Educa\\u00e7\\u00e3o\"}}]},{\"@type\":\"Organization\",\"@id\":\"https:\\\/\\\/minutobahia24h.com.br\\\/#organization\",\"name\":\"Minuto Bahia 24h\",\"description\":\"O seu portal de not\\u00edcias\",\"url\":\"https:\\\/\\\/minutobahia24h.com.br\\\/\",\"logo\":{\"@type\":\"ImageObject\",\"url\":\"https:\\\/\\\/i0.wp.com\\\/minutobahia24h.com.br\\\/wp-content\\\/uploads\\\/2023\\\/09\\\/cropped-minutoba.png?fit=457%2C119&ssl=1\",\"@id\":\"https:\\\/\\\/minutobahia24h.com.br\\\/?p=670\\\/#organizationLogo\",\"width\":457,\"height\":119},\"image\":{\"@id\":\"https:\\\/\\\/minutobahia24h.com.br\\\/?p=670\\\/#organizationLogo\"}},{\"@type\":\"Person\",\"@id\":\"https:\\\/\\\/minutobahia24h.com.br\\\/?author=2#author\",\"url\":\"https:\\\/\\\/minutobahia24h.com.br\\\/?author=2\",\"name\":\"andre\",\"image\":{\"@type\":\"ImageObject\",\"@id\":\"https:\\\/\\\/minutobahia24h.com.br\\\/?p=670#authorImage\",\"url\":\"https:\\\/\\\/secure.gravatar.com\\\/avatar\\\/0ec5eafed5f3925c321625d79a680d589901b94bca787ae396a35f6c4a960922?s=96&d=mm&r=g\",\"width\":96,\"height\":96,\"caption\":\"andre\"}},{\"@type\":\"WebPage\",\"@id\":\"https:\\\/\\\/minutobahia24h.com.br\\\/?p=670#webpage\",\"url\":\"https:\\\/\\\/minutobahia24h.com.br\\\/?p=670\",\"name\":\"MEC quer retomar oferta de vagas n\\u00e3o preenchidas no Fies - Minuto Bahia 24h\",\"description\":\"O Minist\\u00e9rio da Educa\\u00e7\\u00e3o (MEC) ofertar\\u00e1, ainda este ano, as vagas que n\\u00e3o foram preenchidas no Fundo de Financiamento Estudantil (Fies). A medida faz parte de uma s\\u00e9rie de mudan\\u00e7as em discuss\\u00e3o pela pasta em um grupo de trabalho que busca retomar o car\\u00e1ter social do programa. O an\\u00fancio foi feito pelo diretor de Pol\\u00edticas\",\"inLanguage\":\"pt-BR\",\"isPartOf\":{\"@id\":\"https:\\\/\\\/minutobahia24h.com.br\\\/#website\"},\"breadcrumb\":{\"@id\":\"https:\\\/\\\/minutobahia24h.com.br\\\/?p=670#breadcrumblist\"},\"author\":{\"@id\":\"https:\\\/\\\/minutobahia24h.com.br\\\/?author=2#author\"},\"creator\":{\"@id\":\"https:\\\/\\\/minutobahia24h.com.br\\\/?author=2#author\"},\"image\":{\"@type\":\"ImageObject\",\"url\":\"https:\\\/\\\/i0.wp.com\\\/minutobahia24h.com.br\\\/wp-content\\\/uploads\\\/2023\\\/09\\\/enem_vac_abr_28112143111.jpg?fit=630%2C350&ssl=1\",\"@id\":\"https:\\\/\\\/minutobahia24h.com.br\\\/?p=670\\\/#mainImage\",\"width\":630,\"height\":350,\"caption\":\"Participantes do Exame Nacional do Ensino M\\u00e9dio (Enem) 2021 fazem, neste domingo (28), segundo dia de avalia\\u00e7\\u00e3o, provas de matem\\u00e1tica e de ci\\u00eancia da natureza.\"},\"primaryImageOfPage\":{\"@id\":\"https:\\\/\\\/minutobahia24h.com.br\\\/?p=670#mainImage\"},\"datePublished\":\"2023-09-14T11:47:29-03:00\",\"dateModified\":\"2023-09-14T18:35:10-03:00\"},{\"@type\":\"WebSite\",\"@id\":\"https:\\\/\\\/minutobahia24h.com.br\\\/#website\",\"url\":\"https:\\\/\\\/minutobahia24h.com.br\\\/\",\"name\":\"Minuto Bahia 24h\",\"description\":\"O seu portal de not\\u00edcias\",\"inLanguage\":\"pt-BR\",\"publisher\":{\"@id\":\"https:\\\/\\\/minutobahia24h.com.br\\\/#organization\"}}]}\n\t\t<\/script>\n\t\t<!-- All in One SEO -->\n\n","aioseo_head_json":{"title":"MEC quer retomar oferta de vagas n\u00e3o preenchidas no Fies - Minuto Bahia 24h","description":"O Minist\u00e9rio da Educa\u00e7\u00e3o (MEC) ofertar\u00e1, ainda este ano, as vagas que n\u00e3o foram preenchidas no Fundo de Financiamento Estudantil (Fies). A medida faz parte de uma s\u00e9rie de mudan\u00e7as em discuss\u00e3o pela pasta em um grupo de trabalho que busca retomar o car\u00e1ter social do programa. O an\u00fancio foi feito pelo diretor de Pol\u00edticas","canonical_url":"https:\/\/minutobahia24h.com.br\/?p=670","robots":"max-image-preview:large","keywords":"","webmasterTools":{"miscellaneous":""},"schema":{"@context":"https:\/\/schema.org","@graph":[{"@type":"BlogPosting","@id":"https:\/\/minutobahia24h.com.br\/?p=670#blogposting","name":"MEC quer retomar oferta de vagas n\u00e3o preenchidas no Fies - Minuto Bahia 24h","headline":"MEC quer retomar oferta de vagas n\u00e3o preenchidas no Fies","author":{"@id":"https:\/\/minutobahia24h.com.br\/?author=2#author"},"publisher":{"@id":"https:\/\/minutobahia24h.com.br\/#organization"},"image":{"@type":"ImageObject","url":"https:\/\/i0.wp.com\/minutobahia24h.com.br\/wp-content\/uploads\/2023\/09\/enem_vac_abr_28112143111.jpg?fit=630%2C350&ssl=1","width":630,"height":350,"caption":"Participantes do Exame Nacional do Ensino M\u00e9dio (Enem) 2021 fazem, neste domingo (28), segundo dia de avalia\u00e7\u00e3o, provas de matem\u00e1tica e de ci\u00eancia da natureza."},"datePublished":"2023-09-14T11:47:29-03:00","dateModified":"2023-09-14T18:35:10-03:00","inLanguage":"pt-BR","mainEntityOfPage":{"@id":"https:\/\/minutobahia24h.com.br\/?p=670#webpage"},"isPartOf":{"@id":"https:\/\/minutobahia24h.com.br\/?p=670#webpage"},"articleSection":"Educa\u00e7\u00e3o"},{"@type":"BreadcrumbList","@id":"https:\/\/minutobahia24h.com.br\/?p=670#breadcrumblist","itemListElement":[{"@type":"ListItem","@id":"https:\/\/minutobahia24h.com.br#listItem","position":1,"name":"In\u00edcio","item":"https:\/\/minutobahia24h.com.br","nextItem":{"@type":"ListItem","@id":"https:\/\/minutobahia24h.com.br\/?cat=34#listItem","name":"Educa\u00e7\u00e3o"}},{"@type":"ListItem","@id":"https:\/\/minutobahia24h.com.br\/?cat=34#listItem","position":2,"name":"Educa\u00e7\u00e3o","item":"https:\/\/minutobahia24h.com.br\/?cat=34","nextItem":{"@type":"ListItem","@id":"https:\/\/minutobahia24h.com.br\/?p=670#listItem","name":"MEC quer retomar oferta de vagas n\u00e3o preenchidas no Fies"},"previousItem":{"@type":"ListItem","@id":"https:\/\/minutobahia24h.com.br#listItem","name":"In\u00edcio"}},{"@type":"ListItem","@id":"https:\/\/minutobahia24h.com.br\/?p=670#listItem","position":3,"name":"MEC quer retomar oferta de vagas n\u00e3o preenchidas no Fies","previousItem":{"@type":"ListItem","@id":"https:\/\/minutobahia24h.com.br\/?cat=34#listItem","name":"Educa\u00e7\u00e3o"}}]},{"@type":"Organization","@id":"https:\/\/minutobahia24h.com.br\/#organization","name":"Minuto Bahia 24h","description":"O seu portal de not\u00edcias","url":"https:\/\/minutobahia24h.com.br\/","logo":{"@type":"ImageObject","url":"https:\/\/i0.wp.com\/minutobahia24h.com.br\/wp-content\/uploads\/2023\/09\/cropped-minutoba.png?fit=457%2C119&ssl=1","@id":"https:\/\/minutobahia24h.com.br\/?p=670\/#organizationLogo","width":457,"height":119},"image":{"@id":"https:\/\/minutobahia24h.com.br\/?p=670\/#organizationLogo"}},{"@type":"Person","@id":"https:\/\/minutobahia24h.com.br\/?author=2#author","url":"https:\/\/minutobahia24h.com.br\/?author=2","name":"andre","image":{"@type":"ImageObject","@id":"https:\/\/minutobahia24h.com.br\/?p=670#authorImage","url":"https:\/\/secure.gravatar.com\/avatar\/0ec5eafed5f3925c321625d79a680d589901b94bca787ae396a35f6c4a960922?s=96&d=mm&r=g","width":96,"height":96,"caption":"andre"}},{"@type":"WebPage","@id":"https:\/\/minutobahia24h.com.br\/?p=670#webpage","url":"https:\/\/minutobahia24h.com.br\/?p=670","name":"MEC quer retomar oferta de vagas n\u00e3o preenchidas no Fies - Minuto Bahia 24h","description":"O Minist\u00e9rio da Educa\u00e7\u00e3o (MEC) ofertar\u00e1, ainda este ano, as vagas que n\u00e3o foram preenchidas no Fundo de Financiamento Estudantil (Fies). A medida faz parte de uma s\u00e9rie de mudan\u00e7as em discuss\u00e3o pela pasta em um grupo de trabalho que busca retomar o car\u00e1ter social do programa. O an\u00fancio foi feito pelo diretor de Pol\u00edticas","inLanguage":"pt-BR","isPartOf":{"@id":"https:\/\/minutobahia24h.com.br\/#website"},"breadcrumb":{"@id":"https:\/\/minutobahia24h.com.br\/?p=670#breadcrumblist"},"author":{"@id":"https:\/\/minutobahia24h.com.br\/?author=2#author"},"creator":{"@id":"https:\/\/minutobahia24h.com.br\/?author=2#author"},"image":{"@type":"ImageObject","url":"https:\/\/i0.wp.com\/minutobahia24h.com.br\/wp-content\/uploads\/2023\/09\/enem_vac_abr_28112143111.jpg?fit=630%2C350&ssl=1","@id":"https:\/\/minutobahia24h.com.br\/?p=670\/#mainImage","width":630,"height":350,"caption":"Participantes do Exame Nacional do Ensino M\u00e9dio (Enem) 2021 fazem, neste domingo (28), segundo dia de avalia\u00e7\u00e3o, provas de matem\u00e1tica e de ci\u00eancia da natureza."},"primaryImageOfPage":{"@id":"https:\/\/minutobahia24h.com.br\/?p=670#mainImage"},"datePublished":"2023-09-14T11:47:29-03:00","dateModified":"2023-09-14T18:35:10-03:00"},{"@type":"WebSite","@id":"https:\/\/minutobahia24h.com.br\/#website","url":"https:\/\/minutobahia24h.com.br\/","name":"Minuto Bahia 24h","description":"O seu portal de not\u00edcias","inLanguage":"pt-BR","publisher":{"@id":"https:\/\/minutobahia24h.com.br\/#organization"}}]},"og:locale":"pt_BR","og:site_name":"Minuto Bahia 24h - O seu portal de not\u00edcias","og:type":"article","og:title":"MEC quer retomar oferta de vagas n\u00e3o preenchidas no Fies - Minuto Bahia 24h","og:description":"O Minist\u00e9rio da Educa\u00e7\u00e3o (MEC) ofertar\u00e1, ainda este ano, as vagas que n\u00e3o foram preenchidas no Fundo de Financiamento Estudantil (Fies). A medida faz parte de uma s\u00e9rie de mudan\u00e7as em discuss\u00e3o pela pasta em um grupo de trabalho que busca retomar o car\u00e1ter social do programa. O an\u00fancio foi feito pelo diretor de Pol\u00edticas","og:url":"https:\/\/minutobahia24h.com.br\/?p=670","og:image":"https:\/\/minutobahia24h.com.br\/wp-content\/uploads\/2023\/09\/enem_vac_abr_28112143111.jpg","og:image:secure_url":"https:\/\/minutobahia24h.com.br\/wp-content\/uploads\/2023\/09\/enem_vac_abr_28112143111.jpg","og:image:width":630,"og:image:height":350,"article:published_time":"2023-09-14T14:47:29+00:00","article:modified_time":"2023-09-14T21:35:10+00:00","twitter:card":"summary_large_image","twitter:title":"MEC quer retomar oferta de vagas n\u00e3o preenchidas no Fies - Minuto Bahia 24h","twitter:description":"O Minist\u00e9rio da Educa\u00e7\u00e3o (MEC) ofertar\u00e1, ainda este ano, as vagas que n\u00e3o foram preenchidas no Fundo de Financiamento Estudantil (Fies). A medida faz parte de uma s\u00e9rie de mudan\u00e7as em discuss\u00e3o pela pasta em um grupo de trabalho que busca retomar o car\u00e1ter social do programa. O an\u00fancio foi feito pelo diretor de Pol\u00edticas","twitter:image":"https:\/\/minutobahia24h.com.br\/wp-content\/uploads\/2023\/09\/enem_vac_abr_28112143111.jpg"},"aioseo_meta_data":{"post_id":"670","title":null,"description":null,"keywords":null,"keyphrases":null,"primary_term":null,"canonical_url":null,"og_title":null,"og_description":null,"og_object_type":"default","og_image_type":"default","og_image_url":null,"og_image_width":null,"og_image_height":null,"og_image_custom_url":null,"og_image_custom_fields":null,"og_video":null,"og_custom_url":null,"og_article_section":null,"og_article_tags":null,"twitter_use_og":true,"twitter_card":"default","twitter_image_type":"default","twitter_image_url":null,"twitter_image_custom_url":null,"twitter_image_custom_fields":null,"twitter_title":null,"twitter_description":null,"schema":{"blockGraphs":[],"customGraphs":[],"default":{"data":{"Article":[],"Course":[],"Dataset":[],"FAQPage":[],"Movie":[],"Person":[],"Product":[],"ProductReview":[],"Car":[],"Recipe":[],"Service":[],"SoftwareApplication":[],"WebPage":[]},"graphName":"","isEnabled":true},"graphs":[]},"schema_type":"default","schema_type_options":null,"pillar_content":false,"robots_default":true,"robots_noindex":false,"robots_noarchive":false,"robots_nosnippet":false,"robots_nofollow":false,"robots_noimageindex":false,"robots_noodp":false,"robots_notranslate":false,"robots_max_snippet":null,"robots_max_videopreview":null,"robots_max_imagepreview":"large","priority":null,"frequency":null,"local_seo":null,"breadcrumb_settings":null,"limit_modified_date":false,"ai":null,"created":"2023-09-21 12:00:32","updated":"2025-06-04 05:30:16","seo_analyzer_scan_date":null,"focus_keyword":null,"additional_keywords":null,"truseo_locale":null},"aioseo_breadcrumb":"<div class=\"aioseo-breadcrumbs\"><span class=\"aioseo-breadcrumb\">\n\t\t\t<a href=\"https:\/\/minutobahia24h.com.br\" title=\"In\u00edcio\">In\u00edcio<\/a>\n\t\t<\/span><span class=\"aioseo-breadcrumb-separator\">&raquo;<\/span><span class=\"aioseo-breadcrumb\">\n\t\t\t<a href=\"https:\/\/minutobahia24h.com.br\/?cat=34\" title=\"Educa\u00e7\u00e3o\">Educa\u00e7\u00e3o<\/a>\n\t\t<\/span><span class=\"aioseo-breadcrumb-separator\">&raquo;<\/span><span class=\"aioseo-breadcrumb\">\n\t\t\tMEC quer retomar oferta de vagas n\u00e3o preenchidas no Fies\n\t\t<\/span><\/div>","aioseo_breadcrumb_json":[{"label":"In\u00edcio","link":"https:\/\/minutobahia24h.com.br"},{"label":"Educa\u00e7\u00e3o","link":"https:\/\/minutobahia24h.com.br\/?cat=34"},{"label":"MEC quer retomar oferta de vagas n\u00e3o preenchidas no Fies","link":"https:\/\/minutobahia24h.com.br\/?p=670"}],"jetpack_sharing_enabled":true,"jetpack_featured_media_url":"https:\/\/i0.wp.com\/minutobahia24h.com.br\/wp-content\/uploads\/2023\/09\/enem_vac_abr_28112143111.jpg?fit=630%2C350&ssl=1","_links":{"self":[{"href":"https:\/\/minutobahia24h.com.br\/index.php?rest_route=\/wp\/v2\/posts\/670","targetHints":{"allow":["GET"]}}],"collection":[{"href":"https:\/\/minutobahia24h.com.br\/index.php?rest_route=\/wp\/v2\/posts"}],"about":[{"href":"https:\/\/minutobahia24h.com.br\/index.php?rest_route=\/wp\/v2\/types\/post"}],"author":[{"embeddable":true,"href":"https:\/\/minutobahia24h.com.br\/index.php?rest_route=\/wp\/v2\/users\/2"}],"replies":[{"embeddable":true,"href":"https:\/\/minutobahia24h.com.br\/index.php?rest_route=%2Fwp%2Fv2%2Fcomments&post=670"}],"version-history":[{"count":1,"href":"https:\/\/minutobahia24h.com.br\/index.php?rest_route=\/wp\/v2\/posts\/670\/revisions"}],"predecessor-version":[{"id":673,"href":"https:\/\/minutobahia24h.com.br\/index.php?rest_route=\/wp\/v2\/posts\/670\/revisions\/673"}],"wp:featuredmedia":[{"embeddable":true,"href":"https:\/\/minutobahia24h.com.br\/index.php?rest_route=\/wp\/v2\/media\/672"}],"wp:attachment":[{"href":"https:\/\/minutobahia24h.com.br\/index.php?rest_route=%2Fwp%2Fv2%2Fmedia&parent=670"}],"wp:term":[{"taxonomy":"category","embeddable":true,"href":"https:\/\/minutobahia24h.com.br\/index.php?rest_route=%2Fwp%2Fv2%2Fcategories&post=670"},{"taxonomy":"post_tag","embeddable":true,"href":"https:\/\/minutobahia24h.com.br\/index.php?rest_route=%2Fwp%2Fv2%2Ftags&post=670"}],"curies":[{"name":"wp","href":"https:\/\/api.w.org\/{rel}","templated":true}]}}