{"id":662,"date":"2023-09-14T11:44:19","date_gmt":"2023-09-14T14:44:19","guid":{"rendered":"https:\/\/minutobahia24h.com.br\/?p=662"},"modified":"2023-09-14T11:44:19","modified_gmt":"2023-09-14T14:44:19","slug":"camara-aprova-texto-base-de-reforma-eleitoral-que-afrouxa-legislacao","status":"publish","type":"post","link":"https:\/\/minutobahia24h.com.br\/?p=662","title":{"rendered":"C\u00e2mara aprova texto-base de reforma eleitoral que afrouxa legisla\u00e7\u00e3o"},"content":{"rendered":"<div class=\"wp-block-image\">\n<figure class=\"aligncenter size-full\"><img data-recalc-dims=\"1\" fetchpriority=\"high\" decoding=\"async\" width=\"800\" height=\"531\" src=\"https:\/\/i0.wp.com\/minutobahia24h.com.br\/wp-content\/uploads\/2023\/09\/Sem-titulo-15.jpg?resize=800%2C531&#038;ssl=1\" alt=\"\" class=\"wp-image-664\" srcset=\"https:\/\/i0.wp.com\/minutobahia24h.com.br\/wp-content\/uploads\/2023\/09\/Sem-titulo-15.jpg?w=849&amp;ssl=1 849w, https:\/\/i0.wp.com\/minutobahia24h.com.br\/wp-content\/uploads\/2023\/09\/Sem-titulo-15.jpg?resize=300%2C199&amp;ssl=1 300w, https:\/\/i0.wp.com\/minutobahia24h.com.br\/wp-content\/uploads\/2023\/09\/Sem-titulo-15.jpg?resize=768%2C510&amp;ssl=1 768w, https:\/\/i0.wp.com\/minutobahia24h.com.br\/wp-content\/uploads\/2023\/09\/Sem-titulo-15.jpg?resize=750%2C498&amp;ssl=1 750w\" sizes=\"(max-width: 800px) 100vw, 800px\" \/><figcaption class=\"wp-element-caption\"><sub>Plen\u00e1rio da C\u00e2mara dos Deputados durante sess\u00e3o deliberativa nesta quarta-feira (13) \u2013 Foto: Zeca Ribeiro\/Divulga\u00e7\u00e3o C\u00e2mara dos Deputados<\/sub><br><\/figcaption><\/figure>\n<\/div>\n\n\n<p class=\"wp-block-paragraph\">A C\u00e2mara dos Deputados aprovou na noite desta quarta-feira (13) o texto-base da chamada minirreforma eleitoral, parte de um pacote que visa afrouxar a legisla\u00e7\u00e3o e beneficiar partidos e pol\u00edticos.<\/p>\n\n\n\n<p class=\"wp-block-paragraph\">A proposta geral avan\u00e7ou por 367 votos a favor e 86 contra, mas destaques que ainda podem alterar pontos do texto ser\u00e3o avaliados nesta quinta-feira (14), quando haver\u00e1 vota\u00e7\u00e3o de um projeto complementar que faz parte da minirreforma.<\/p>\n\n\n\n<p class=\"wp-block-paragraph\">Depois da C\u00e2mara, ela ainda ter\u00e1 que passar pelo Senado antes de ser submetida \u00e0 san\u00e7\u00e3o do presidente Lula (PT).<\/p>\n\n\n\n<p class=\"wp-block-paragraph\">Os dois projetos que comp\u00f5em a minirreforma tiveram a urg\u00eancia (forma de acelerar a tramita\u00e7\u00e3o) aprovada por 366 votos a favor e 60 contra e 384 a favor e 51 contra, respectivamente. S\u00f3 PSOL e Novo orientaram suas bancadas a votar contra.<\/p>\n\n\n\n<p class=\"wp-block-paragraph\">Eles fazem parte de uma ofensiva mais ampla de mudan\u00e7as eleitorais, com apoio na direita, esquerda e centr\u00e3o, e que inclui tamb\u00e9m as PECs (Proposta de Emenda \u00e0 Constitui\u00e7\u00e3o) da Anistia e das Mulheres.<\/p>\n\n\n\n<p class=\"wp-block-paragraph\">Impulsionadas pelo presidente da Casa, Arthur Lira (PP-AL), as propostas flexibilizam as leis de cota para negros e mulheres, enfraquecem as leis da Ficha Limpa e a da Improbidade e enxugam o tempo de inelegibilidade de candidatos, al\u00e9m de reduzir a transpar\u00eancia do processo eleitoral, entre outros pontos.<\/p>\n\n\n\n<p class=\"wp-block-paragraph\">Para que as mudan\u00e7as passem a valer j\u00e1 nas elei\u00e7\u00f5es municipais de 2024, \u00e9 preciso que, ap\u00f3s passar pelo Senado, sejam promulgadas ou sancionadas at\u00e9 5 de outubro deste ano.<\/p>\n\n\n\n<p class=\"wp-block-paragraph\">A minirreforma define que \u00e9 necess\u00e1ria comprova\u00e7\u00e3o de culpa para aplica\u00e7\u00e3o da Lei de Improbidade Administrativa.<\/p>\n\n\n\n<p class=\"wp-block-paragraph\">\u201cO mero exerc\u00edcio da fun\u00e7\u00e3o ou desempenho de compet\u00eancias p\u00fablicas, sem comprova\u00e7\u00e3o de ato doloso com fim il\u00edcito, afasta a responsabilidade por ato de improbidade administrativa\u201d, diz a proposta.<\/p>\n\n\n\n<p class=\"wp-block-paragraph\">Neste mesmo dispositivo, a proposta exclui do rol dos atos que podem levar \u00e0 inelegibilidade aqueles que \u201ccontra os princ\u00edpios da administra\u00e7\u00e3o p\u00fablica a a\u00e7\u00e3o ou omiss\u00e3o dolosa que viole os deveres de honestidade, de imparcialidade e de legalidade\u201d, atingindo diretamente a \u00faltima reforma da Lei da Ficha Limpa, de 2021.<\/p>\n\n\n\n<p class=\"wp-block-paragraph\">Dentro dessa categoria, se encontram, dentre outros casos, as pr\u00e1ticas de revelar segredo de Estado, frustrar licita\u00e7\u00e3o ou concurso p\u00fablico em benef\u00edcio pr\u00f3prio, deixar de prestar contas, desrespeitar a Lei de Acesso \u00e0 Informa\u00e7\u00e3o, vazar informa\u00e7\u00e3o privilegiada e at\u00e9 nomear familiares, mesmo que indiretos, para cargos de confian\u00e7a.<\/p>\n\n\n\n<p class=\"wp-block-paragraph\">\u201cCondena\u00e7\u00f5es com base em atos de improbidade que atentem contra os princ\u00edpios da administra\u00e7\u00e3o p\u00fablica n\u00e3o causariam inelegibilidade,\u201d diz Guilherme France, da Transpar\u00eancia Internacional.<\/p>\n\n\n\n<p class=\"wp-block-paragraph\">Parlamentares ouvidos pela reportagem sob reserva tamb\u00e9m veem que nesse ponto podem ser enquadrados, por exemplo, viola\u00e7\u00f5es contra os m\u00ednimos constitucionais de destina\u00e7\u00e3o de verbas p\u00fablicas para sa\u00fade e educa\u00e7\u00e3o e que tamb\u00e9m passariam a n\u00e3o causar inelegibilidade.<\/p>\n\n\n\n<p class=\"wp-block-paragraph\">Dentre os casos que levariam \u00e0 inelegibilidade est\u00e3o os de les\u00e3o ao er\u00e1rio e enriquecimento il\u00edcito. Mas a reda\u00e7\u00e3o atual do texto diz que isso s\u00f3 pode acontecer em caso de ato \u201cil\u00edcito tipificado exclusiva e cumulativamente\u201d.<\/p>\n\n\n\n<p class=\"wp-block-paragraph\">\u201cEnt\u00e3o, se uma pessoa for condenada s\u00f3 por danos ao er\u00e1rio ou enriquecimento il\u00edcito, isso n\u00e3o seria suficiente para gerar o efeito da inelegibilidade, porque acrescentam a cumulatividade de ambos\u201d, diz France.<\/p>\n\n\n\n<p class=\"wp-block-paragraph\">Ele critica a previs\u00e3o de que a inelegibilidade passe a valer a partir de uma decis\u00e3o colegiada, e n\u00e3o apenas ap\u00f3s o tr\u00e2nsito em julgado.<\/p>\n\n\n\n<p class=\"wp-block-paragraph\">\u201cSe um candidato recorrer dessa decis\u00e3o e conseguir um efeito suspensivo, ele fica livre para concorrer e, se depois perder o recurso, o tempo em que esteve concorrendo conta no prazo total da inelegibilidade\u201d, completa.<\/p>\n\n\n\n<p class=\"wp-block-paragraph\">A proposta tamb\u00e9m traz um artigo com o intuito de barrar decis\u00f5es como a tomada pelo presidente do TSE (Tribunal Superior Eleitoral), Alexandre de Moraes, logo ap\u00f3s a derrota de Jair Bolsonaro (PL) nas elei\u00e7\u00f5es de 2022.<\/p>\n\n\n\n<p class=\"wp-block-paragraph\">Em 22 de novembro, o ministro negou a\u00e7\u00e3o do PL que visava invalidar votos do segundo turno das elei\u00e7\u00f5es, apesar de n\u00e3o ter havido qualquer ind\u00edcio de fraude. Al\u00e9m disso, determinou multa de R$ 22.991.544,60 por litig\u00e2ncia de m\u00e1-f\u00e9 e o bloqueio do repasse do fundo partid\u00e1rio at\u00e9 o pagamento da penalidade.<\/p>\n\n\n\n<p class=\"wp-block-paragraph\">A multa aplicada pelo ministro ao partido representava 46% de tudo o que a legenda havia recebido de fundo partid\u00e1rio nos primeiros dez meses de 2022.<\/p>\n\n\n\n<p class=\"wp-block-paragraph\">A reforma estabelece que no segundo semestre dos anos eleitorais n\u00e3o ser\u00e3o aplicadas quaisquer san\u00e7\u00f5es que impliquem suspens\u00e3o de repasse dos fundos eleitoral ou partid\u00e1rio, que s\u00f3 em 2022 distribu\u00edram R$ 6 bilh\u00f5es aos partidos pol\u00edticos.<\/p>\n\n\n\n<p class=\"wp-block-paragraph\">O projeto tamb\u00e9m ganhou um artigo que estabelece a obrigatoriedade do passe livre do transporte p\u00fablico no dia das elei\u00e7\u00f5es. Atualmente, prefeitos e governadores podem adotar a medida opcionalmente.<\/p>\n\n\n\n<p class=\"wp-block-paragraph\">Nas elei\u00e7\u00f5es de 2022 o passe livre no dia da vota\u00e7\u00e3o foi tema de pol\u00eamica e chegou ao Supremo Tribunal Federal.<\/p>\n\n\n\n<p class=\"wp-block-paragraph\">O ministro Lu\u00eds Roberto Barroso liberou prefeituras e empresas concession\u00e1rias a oferecer transporte p\u00fablico de forma gratuita para a popula\u00e7\u00e3o no dia do segundo turno das elei\u00e7\u00f5es, sem que elas, com isso, corressem o risco de serem acusadas de crime eleitoral ou de improbidade.<\/p>\n\n\n\n<p class=\"wp-block-paragraph\">A decis\u00e3o foi estendida posteriormente aos governos estaduais.<\/p>\n\n\n\n<p class=\"wp-block-paragraph\">A ideia geral da medida \u00e9 garantir \u00e0s pessoas condi\u00e7\u00f5es para que exer\u00e7am o direito de votar \u2014 que, no Brasil, \u00e9 tamb\u00e9m uma obriga\u00e7\u00e3o. A absten\u00e7\u00e3o no pa\u00eds \u00e9 historicamente maior entre pessoas de menor renda e escolaridade, o que \u00e9 creditado \u00e0s dificuldades que elas enfrentam para chegarem aos locais de vota\u00e7\u00e3o.<\/p>\n","protected":false},"excerpt":{"rendered":"<p>A C\u00e2mara dos Deputados aprovou na noite desta quarta-feira (13) o texto-base da chamada minirreforma eleitoral, parte de um pacote que visa afrouxar a legisla\u00e7\u00e3o e beneficiar partidos e pol\u00edticos. A proposta geral avan\u00e7ou por 367 votos a favor e 86 contra, mas destaques que ainda podem alterar pontos do texto ser\u00e3o avaliados nesta quinta-feira [&hellip;]<\/p>\n","protected":false},"author":2,"featured_media":664,"comment_status":"open","ping_status":"open","sticky":false,"template":"","format":"standard","meta":{"_jetpack_newsletter_access":"","_jetpack_dont_email_post_to_subs":false,"_jetpack_newsletter_tier_id":0,"_jetpack_memberships_contains_paywalled_content":false,"_jetpack_feature_clip_id":0,"_jetpack_memberships_contains_paid_content":false,"footnotes":"","jetpack_post_was_ever_published":false},"categories":[2],"tags":[],"class_list":["post-662","post","type-post","status-publish","format-standard","has-post-thumbnail","hentry","category-nacional"],"aioseo_notices":[],"aioseo_head":"\n\t\t<!-- All in One SEO 5.0.1.1 - aioseo.com -->\n\t<meta name=\"description\" content=\"A C\u00e2mara dos Deputados aprovou na noite desta quarta-feira (13) o texto-base da chamada minirreforma eleitoral, parte de um pacote que visa afrouxar a legisla\u00e7\u00e3o e beneficiar partidos e pol\u00edticos. A proposta geral avan\u00e7ou por 367 votos a favor e 86 contra, mas destaques que ainda podem alterar pontos do texto ser\u00e3o avaliados nesta quinta-feira\" \/>\n\t<meta name=\"robots\" content=\"max-image-preview:large\" \/>\n\t<meta name=\"author\" content=\"andre\"\/>\n\t<link rel=\"canonical\" href=\"https:\/\/minutobahia24h.com.br\/?p=662\" \/>\n\t<meta name=\"generator\" content=\"All in One SEO (AIOSEO) 5.0.1.1\" \/>\n\t\t<meta property=\"og:locale\" content=\"pt_BR\" \/>\n\t\t<meta property=\"og:site_name\" content=\"Minuto Bahia 24h - O seu portal de not\u00edcias\" \/>\n\t\t<meta property=\"og:type\" content=\"article\" \/>\n\t\t<meta property=\"og:title\" content=\"C\u00e2mara aprova texto-base de reforma eleitoral que afrouxa legisla\u00e7\u00e3o - Minuto Bahia 24h\" \/>\n\t\t<meta property=\"og:description\" content=\"A C\u00e2mara dos Deputados aprovou na noite desta quarta-feira (13) o texto-base da chamada minirreforma eleitoral, parte de um pacote que visa afrouxar a legisla\u00e7\u00e3o e beneficiar partidos e pol\u00edticos. A proposta geral avan\u00e7ou por 367 votos a favor e 86 contra, mas destaques que ainda podem alterar pontos do texto ser\u00e3o avaliados nesta quinta-feira\" \/>\n\t\t<meta property=\"og:url\" content=\"https:\/\/minutobahia24h.com.br\/?p=662\" \/>\n\t\t<meta property=\"og:image\" content=\"https:\/\/minutobahia24h.com.br\/wp-content\/uploads\/2023\/09\/Sem-titulo-15.jpg\" \/>\n\t\t<meta property=\"og:image:secure_url\" content=\"https:\/\/minutobahia24h.com.br\/wp-content\/uploads\/2023\/09\/Sem-titulo-15.jpg\" \/>\n\t\t<meta property=\"og:image:width\" content=\"849\" \/>\n\t\t<meta property=\"og:image:height\" content=\"564\" \/>\n\t\t<meta property=\"article:published_time\" content=\"2023-09-14T14:44:19+00:00\" \/>\n\t\t<meta property=\"article:modified_time\" content=\"2023-09-14T14:44:19+00:00\" \/>\n\t\t<meta name=\"twitter:card\" content=\"summary_large_image\" \/>\n\t\t<meta name=\"twitter:title\" content=\"C\u00e2mara aprova texto-base de reforma eleitoral que afrouxa legisla\u00e7\u00e3o - Minuto Bahia 24h\" \/>\n\t\t<meta name=\"twitter:description\" content=\"A C\u00e2mara dos Deputados aprovou na noite desta quarta-feira (13) o texto-base da chamada minirreforma eleitoral, parte de um pacote que visa afrouxar a legisla\u00e7\u00e3o e beneficiar partidos e pol\u00edticos. A proposta geral avan\u00e7ou por 367 votos a favor e 86 contra, mas destaques que ainda podem alterar pontos do texto ser\u00e3o avaliados nesta quinta-feira\" \/>\n\t\t<meta name=\"twitter:image\" content=\"https:\/\/minutobahia24h.com.br\/wp-content\/uploads\/2023\/09\/Sem-titulo-15.jpg\" \/>\n\t\t<script type=\"application\/ld+json\" class=\"aioseo-schema\">\n\t\t\t{\"@context\":\"https:\\\/\\\/schema.org\",\"@graph\":[{\"@type\":\"BlogPosting\",\"@id\":\"https:\\\/\\\/minutobahia24h.com.br\\\/?p=662#blogposting\",\"name\":\"C\\u00e2mara aprova texto-base de reforma eleitoral que afrouxa legisla\\u00e7\\u00e3o - Minuto Bahia 24h\",\"headline\":\"C\\u00e2mara aprova texto-base de reforma eleitoral que afrouxa legisla\\u00e7\\u00e3o\",\"author\":{\"@id\":\"https:\\\/\\\/minutobahia24h.com.br\\\/?author=2#author\"},\"publisher\":{\"@id\":\"https:\\\/\\\/minutobahia24h.com.br\\\/#organization\"},\"image\":{\"@type\":\"ImageObject\",\"url\":\"https:\\\/\\\/i0.wp.com\\\/minutobahia24h.com.br\\\/wp-content\\\/uploads\\\/2023\\\/09\\\/Sem-titulo-15.jpg?fit=849%2C564&ssl=1\",\"width\":849,\"height\":564},\"datePublished\":\"2023-09-14T11:44:19-03:00\",\"dateModified\":\"2023-09-14T11:44:19-03:00\",\"inLanguage\":\"pt-BR\",\"mainEntityOfPage\":{\"@id\":\"https:\\\/\\\/minutobahia24h.com.br\\\/?p=662#webpage\"},\"isPartOf\":{\"@id\":\"https:\\\/\\\/minutobahia24h.com.br\\\/?p=662#webpage\"},\"articleSection\":\"Nacional\"},{\"@type\":\"BreadcrumbList\",\"@id\":\"https:\\\/\\\/minutobahia24h.com.br\\\/?p=662#breadcrumblist\",\"itemListElement\":[{\"@type\":\"ListItem\",\"@id\":\"https:\\\/\\\/minutobahia24h.com.br#listItem\",\"position\":1,\"name\":\"In\\u00edcio\",\"item\":\"https:\\\/\\\/minutobahia24h.com.br\",\"nextItem\":{\"@type\":\"ListItem\",\"@id\":\"https:\\\/\\\/minutobahia24h.com.br\\\/?cat=2#listItem\",\"name\":\"Nacional\"}},{\"@type\":\"ListItem\",\"@id\":\"https:\\\/\\\/minutobahia24h.com.br\\\/?cat=2#listItem\",\"position\":2,\"name\":\"Nacional\",\"item\":\"https:\\\/\\\/minutobahia24h.com.br\\\/?cat=2\",\"nextItem\":{\"@type\":\"ListItem\",\"@id\":\"https:\\\/\\\/minutobahia24h.com.br\\\/?p=662#listItem\",\"name\":\"C\\u00e2mara aprova texto-base de reforma eleitoral que afrouxa legisla\\u00e7\\u00e3o\"},\"previousItem\":{\"@type\":\"ListItem\",\"@id\":\"https:\\\/\\\/minutobahia24h.com.br#listItem\",\"name\":\"In\\u00edcio\"}},{\"@type\":\"ListItem\",\"@id\":\"https:\\\/\\\/minutobahia24h.com.br\\\/?p=662#listItem\",\"position\":3,\"name\":\"C\\u00e2mara aprova texto-base de reforma eleitoral que afrouxa legisla\\u00e7\\u00e3o\",\"previousItem\":{\"@type\":\"ListItem\",\"@id\":\"https:\\\/\\\/minutobahia24h.com.br\\\/?cat=2#listItem\",\"name\":\"Nacional\"}}]},{\"@type\":\"Organization\",\"@id\":\"https:\\\/\\\/minutobahia24h.com.br\\\/#organization\",\"name\":\"Minuto Bahia 24h\",\"description\":\"O seu portal de not\\u00edcias\",\"url\":\"https:\\\/\\\/minutobahia24h.com.br\\\/\",\"logo\":{\"@type\":\"ImageObject\",\"url\":\"https:\\\/\\\/i0.wp.com\\\/minutobahia24h.com.br\\\/wp-content\\\/uploads\\\/2023\\\/09\\\/cropped-minutoba.png?fit=457%2C119&ssl=1\",\"@id\":\"https:\\\/\\\/minutobahia24h.com.br\\\/?p=662\\\/#organizationLogo\",\"width\":457,\"height\":119},\"image\":{\"@id\":\"https:\\\/\\\/minutobahia24h.com.br\\\/?p=662\\\/#organizationLogo\"}},{\"@type\":\"Person\",\"@id\":\"https:\\\/\\\/minutobahia24h.com.br\\\/?author=2#author\",\"url\":\"https:\\\/\\\/minutobahia24h.com.br\\\/?author=2\",\"name\":\"andre\",\"image\":{\"@type\":\"ImageObject\",\"@id\":\"https:\\\/\\\/minutobahia24h.com.br\\\/?p=662#authorImage\",\"url\":\"https:\\\/\\\/secure.gravatar.com\\\/avatar\\\/0ec5eafed5f3925c321625d79a680d589901b94bca787ae396a35f6c4a960922?s=96&d=mm&r=g\",\"width\":96,\"height\":96,\"caption\":\"andre\"}},{\"@type\":\"WebPage\",\"@id\":\"https:\\\/\\\/minutobahia24h.com.br\\\/?p=662#webpage\",\"url\":\"https:\\\/\\\/minutobahia24h.com.br\\\/?p=662\",\"name\":\"C\\u00e2mara aprova texto-base de reforma eleitoral que afrouxa legisla\\u00e7\\u00e3o - Minuto Bahia 24h\",\"description\":\"A C\\u00e2mara dos Deputados aprovou na noite desta quarta-feira (13) o texto-base da chamada minirreforma eleitoral, parte de um pacote que visa afrouxar a legisla\\u00e7\\u00e3o e beneficiar partidos e pol\\u00edticos. A proposta geral avan\\u00e7ou por 367 votos a favor e 86 contra, mas destaques que ainda podem alterar pontos do texto ser\\u00e3o avaliados nesta quinta-feira\",\"inLanguage\":\"pt-BR\",\"isPartOf\":{\"@id\":\"https:\\\/\\\/minutobahia24h.com.br\\\/#website\"},\"breadcrumb\":{\"@id\":\"https:\\\/\\\/minutobahia24h.com.br\\\/?p=662#breadcrumblist\"},\"author\":{\"@id\":\"https:\\\/\\\/minutobahia24h.com.br\\\/?author=2#author\"},\"creator\":{\"@id\":\"https:\\\/\\\/minutobahia24h.com.br\\\/?author=2#author\"},\"image\":{\"@type\":\"ImageObject\",\"url\":\"https:\\\/\\\/i0.wp.com\\\/minutobahia24h.com.br\\\/wp-content\\\/uploads\\\/2023\\\/09\\\/Sem-titulo-15.jpg?fit=849%2C564&ssl=1\",\"@id\":\"https:\\\/\\\/minutobahia24h.com.br\\\/?p=662\\\/#mainImage\",\"width\":849,\"height\":564},\"primaryImageOfPage\":{\"@id\":\"https:\\\/\\\/minutobahia24h.com.br\\\/?p=662#mainImage\"},\"datePublished\":\"2023-09-14T11:44:19-03:00\",\"dateModified\":\"2023-09-14T11:44:19-03:00\"},{\"@type\":\"WebSite\",\"@id\":\"https:\\\/\\\/minutobahia24h.com.br\\\/#website\",\"url\":\"https:\\\/\\\/minutobahia24h.com.br\\\/\",\"name\":\"Minuto Bahia 24h\",\"description\":\"O seu portal de not\\u00edcias\",\"inLanguage\":\"pt-BR\",\"publisher\":{\"@id\":\"https:\\\/\\\/minutobahia24h.com.br\\\/#organization\"}}]}\n\t\t<\/script>\n\t\t<!-- All in One SEO -->\n\n","aioseo_head_json":{"title":"C\u00e2mara aprova texto-base de reforma eleitoral que afrouxa legisla\u00e7\u00e3o - Minuto Bahia 24h","description":"A C\u00e2mara dos Deputados aprovou na noite desta quarta-feira (13) o texto-base da chamada minirreforma eleitoral, parte de um pacote que visa afrouxar a legisla\u00e7\u00e3o e beneficiar partidos e pol\u00edticos. A proposta geral avan\u00e7ou por 367 votos a favor e 86 contra, mas destaques que ainda podem alterar pontos do texto ser\u00e3o avaliados nesta quinta-feira","canonical_url":"https:\/\/minutobahia24h.com.br\/?p=662","robots":"max-image-preview:large","keywords":"","webmasterTools":{"miscellaneous":""},"schema":{"@context":"https:\/\/schema.org","@graph":[{"@type":"BlogPosting","@id":"https:\/\/minutobahia24h.com.br\/?p=662#blogposting","name":"C\u00e2mara aprova texto-base de reforma eleitoral que afrouxa legisla\u00e7\u00e3o - Minuto Bahia 24h","headline":"C\u00e2mara aprova texto-base de reforma eleitoral que afrouxa legisla\u00e7\u00e3o","author":{"@id":"https:\/\/minutobahia24h.com.br\/?author=2#author"},"publisher":{"@id":"https:\/\/minutobahia24h.com.br\/#organization"},"image":{"@type":"ImageObject","url":"https:\/\/i0.wp.com\/minutobahia24h.com.br\/wp-content\/uploads\/2023\/09\/Sem-titulo-15.jpg?fit=849%2C564&ssl=1","width":849,"height":564},"datePublished":"2023-09-14T11:44:19-03:00","dateModified":"2023-09-14T11:44:19-03:00","inLanguage":"pt-BR","mainEntityOfPage":{"@id":"https:\/\/minutobahia24h.com.br\/?p=662#webpage"},"isPartOf":{"@id":"https:\/\/minutobahia24h.com.br\/?p=662#webpage"},"articleSection":"Nacional"},{"@type":"BreadcrumbList","@id":"https:\/\/minutobahia24h.com.br\/?p=662#breadcrumblist","itemListElement":[{"@type":"ListItem","@id":"https:\/\/minutobahia24h.com.br#listItem","position":1,"name":"In\u00edcio","item":"https:\/\/minutobahia24h.com.br","nextItem":{"@type":"ListItem","@id":"https:\/\/minutobahia24h.com.br\/?cat=2#listItem","name":"Nacional"}},{"@type":"ListItem","@id":"https:\/\/minutobahia24h.com.br\/?cat=2#listItem","position":2,"name":"Nacional","item":"https:\/\/minutobahia24h.com.br\/?cat=2","nextItem":{"@type":"ListItem","@id":"https:\/\/minutobahia24h.com.br\/?p=662#listItem","name":"C\u00e2mara aprova texto-base de reforma eleitoral que afrouxa legisla\u00e7\u00e3o"},"previousItem":{"@type":"ListItem","@id":"https:\/\/minutobahia24h.com.br#listItem","name":"In\u00edcio"}},{"@type":"ListItem","@id":"https:\/\/minutobahia24h.com.br\/?p=662#listItem","position":3,"name":"C\u00e2mara aprova texto-base de reforma eleitoral que afrouxa legisla\u00e7\u00e3o","previousItem":{"@type":"ListItem","@id":"https:\/\/minutobahia24h.com.br\/?cat=2#listItem","name":"Nacional"}}]},{"@type":"Organization","@id":"https:\/\/minutobahia24h.com.br\/#organization","name":"Minuto Bahia 24h","description":"O seu portal de not\u00edcias","url":"https:\/\/minutobahia24h.com.br\/","logo":{"@type":"ImageObject","url":"https:\/\/i0.wp.com\/minutobahia24h.com.br\/wp-content\/uploads\/2023\/09\/cropped-minutoba.png?fit=457%2C119&ssl=1","@id":"https:\/\/minutobahia24h.com.br\/?p=662\/#organizationLogo","width":457,"height":119},"image":{"@id":"https:\/\/minutobahia24h.com.br\/?p=662\/#organizationLogo"}},{"@type":"Person","@id":"https:\/\/minutobahia24h.com.br\/?author=2#author","url":"https:\/\/minutobahia24h.com.br\/?author=2","name":"andre","image":{"@type":"ImageObject","@id":"https:\/\/minutobahia24h.com.br\/?p=662#authorImage","url":"https:\/\/secure.gravatar.com\/avatar\/0ec5eafed5f3925c321625d79a680d589901b94bca787ae396a35f6c4a960922?s=96&d=mm&r=g","width":96,"height":96,"caption":"andre"}},{"@type":"WebPage","@id":"https:\/\/minutobahia24h.com.br\/?p=662#webpage","url":"https:\/\/minutobahia24h.com.br\/?p=662","name":"C\u00e2mara aprova texto-base de reforma eleitoral que afrouxa legisla\u00e7\u00e3o - Minuto Bahia 24h","description":"A C\u00e2mara dos Deputados aprovou na noite desta quarta-feira (13) o texto-base da chamada minirreforma eleitoral, parte de um pacote que visa afrouxar a legisla\u00e7\u00e3o e beneficiar partidos e pol\u00edticos. A proposta geral avan\u00e7ou por 367 votos a favor e 86 contra, mas destaques que ainda podem alterar pontos do texto ser\u00e3o avaliados nesta quinta-feira","inLanguage":"pt-BR","isPartOf":{"@id":"https:\/\/minutobahia24h.com.br\/#website"},"breadcrumb":{"@id":"https:\/\/minutobahia24h.com.br\/?p=662#breadcrumblist"},"author":{"@id":"https:\/\/minutobahia24h.com.br\/?author=2#author"},"creator":{"@id":"https:\/\/minutobahia24h.com.br\/?author=2#author"},"image":{"@type":"ImageObject","url":"https:\/\/i0.wp.com\/minutobahia24h.com.br\/wp-content\/uploads\/2023\/09\/Sem-titulo-15.jpg?fit=849%2C564&ssl=1","@id":"https:\/\/minutobahia24h.com.br\/?p=662\/#mainImage","width":849,"height":564},"primaryImageOfPage":{"@id":"https:\/\/minutobahia24h.com.br\/?p=662#mainImage"},"datePublished":"2023-09-14T11:44:19-03:00","dateModified":"2023-09-14T11:44:19-03:00"},{"@type":"WebSite","@id":"https:\/\/minutobahia24h.com.br\/#website","url":"https:\/\/minutobahia24h.com.br\/","name":"Minuto Bahia 24h","description":"O seu portal de not\u00edcias","inLanguage":"pt-BR","publisher":{"@id":"https:\/\/minutobahia24h.com.br\/#organization"}}]},"og:locale":"pt_BR","og:site_name":"Minuto Bahia 24h - O seu portal de not\u00edcias","og:type":"article","og:title":"C\u00e2mara aprova texto-base de reforma eleitoral que afrouxa legisla\u00e7\u00e3o - Minuto Bahia 24h","og:description":"A C\u00e2mara dos Deputados aprovou na noite desta quarta-feira (13) o texto-base da chamada minirreforma eleitoral, parte de um pacote que visa afrouxar a legisla\u00e7\u00e3o e beneficiar partidos e pol\u00edticos. A proposta geral avan\u00e7ou por 367 votos a favor e 86 contra, mas destaques que ainda podem alterar pontos do texto ser\u00e3o avaliados nesta quinta-feira","og:url":"https:\/\/minutobahia24h.com.br\/?p=662","og:image":"https:\/\/minutobahia24h.com.br\/wp-content\/uploads\/2023\/09\/Sem-titulo-15.jpg","og:image:secure_url":"https:\/\/minutobahia24h.com.br\/wp-content\/uploads\/2023\/09\/Sem-titulo-15.jpg","og:image:width":849,"og:image:height":564,"article:published_time":"2023-09-14T14:44:19+00:00","article:modified_time":"2023-09-14T14:44:19+00:00","twitter:card":"summary_large_image","twitter:title":"C\u00e2mara aprova texto-base de reforma eleitoral que afrouxa legisla\u00e7\u00e3o - Minuto Bahia 24h","twitter:description":"A C\u00e2mara dos Deputados aprovou na noite desta quarta-feira (13) o texto-base da chamada minirreforma eleitoral, parte de um pacote que visa afrouxar a legisla\u00e7\u00e3o e beneficiar partidos e pol\u00edticos. A proposta geral avan\u00e7ou por 367 votos a favor e 86 contra, mas destaques que ainda podem alterar pontos do texto ser\u00e3o avaliados nesta quinta-feira","twitter:image":"https:\/\/minutobahia24h.com.br\/wp-content\/uploads\/2023\/09\/Sem-titulo-15.jpg"},"aioseo_meta_data":{"post_id":"662","title":null,"description":null,"keywords":null,"keyphrases":null,"primary_term":null,"canonical_url":null,"og_title":null,"og_description":null,"og_object_type":"default","og_image_type":"default","og_image_url":null,"og_image_width":null,"og_image_height":null,"og_image_custom_url":null,"og_image_custom_fields":null,"og_video":null,"og_custom_url":null,"og_article_section":null,"og_article_tags":null,"twitter_use_og":true,"twitter_card":"default","twitter_image_type":"default","twitter_image_url":null,"twitter_image_custom_url":null,"twitter_image_custom_fields":null,"twitter_title":null,"twitter_description":null,"schema":{"blockGraphs":[],"customGraphs":[],"default":{"data":{"Article":[],"Course":[],"Dataset":[],"FAQPage":[],"Movie":[],"Person":[],"Product":[],"ProductReview":[],"Car":[],"Recipe":[],"Service":[],"SoftwareApplication":[],"WebPage":[]},"graphName":"","isEnabled":true},"graphs":[]},"schema_type":"default","schema_type_options":null,"pillar_content":false,"robots_default":true,"robots_noindex":false,"robots_noarchive":false,"robots_nosnippet":false,"robots_nofollow":false,"robots_noimageindex":false,"robots_noodp":false,"robots_notranslate":false,"robots_max_snippet":null,"robots_max_videopreview":null,"robots_max_imagepreview":"large","priority":null,"frequency":null,"local_seo":null,"breadcrumb_settings":null,"limit_modified_date":false,"ai":null,"created":"2023-09-21 11:58:56","updated":"2025-06-04 05:29:11","seo_analyzer_scan_date":null,"focus_keyword":null,"additional_keywords":null,"truseo_locale":null},"aioseo_breadcrumb":"<div class=\"aioseo-breadcrumbs\"><span class=\"aioseo-breadcrumb\">\n\t\t\t<a href=\"https:\/\/minutobahia24h.com.br\" title=\"In\u00edcio\">In\u00edcio<\/a>\n\t\t<\/span><span class=\"aioseo-breadcrumb-separator\">&raquo;<\/span><span class=\"aioseo-breadcrumb\">\n\t\t\t<a href=\"https:\/\/minutobahia24h.com.br\/?cat=2\" title=\"Nacional\">Nacional<\/a>\n\t\t<\/span><span class=\"aioseo-breadcrumb-separator\">&raquo;<\/span><span class=\"aioseo-breadcrumb\">\n\t\t\tC\u00e2mara aprova texto-base de reforma eleitoral que afrouxa legisla\u00e7\u00e3o\n\t\t<\/span><\/div>","aioseo_breadcrumb_json":[{"label":"In\u00edcio","link":"https:\/\/minutobahia24h.com.br"},{"label":"Nacional","link":"https:\/\/minutobahia24h.com.br\/?cat=2"},{"label":"C\u00e2mara aprova texto-base de reforma eleitoral que afrouxa legisla\u00e7\u00e3o","link":"https:\/\/minutobahia24h.com.br\/?p=662"}],"jetpack_sharing_enabled":true,"jetpack_featured_media_url":"https:\/\/i0.wp.com\/minutobahia24h.com.br\/wp-content\/uploads\/2023\/09\/Sem-titulo-15.jpg?fit=849%2C564&ssl=1","_links":{"self":[{"href":"https:\/\/minutobahia24h.com.br\/index.php?rest_route=\/wp\/v2\/posts\/662","targetHints":{"allow":["GET"]}}],"collection":[{"href":"https:\/\/minutobahia24h.com.br\/index.php?rest_route=\/wp\/v2\/posts"}],"about":[{"href":"https:\/\/minutobahia24h.com.br\/index.php?rest_route=\/wp\/v2\/types\/post"}],"author":[{"embeddable":true,"href":"https:\/\/minutobahia24h.com.br\/index.php?rest_route=\/wp\/v2\/users\/2"}],"replies":[{"embeddable":true,"href":"https:\/\/minutobahia24h.com.br\/index.php?rest_route=%2Fwp%2Fv2%2Fcomments&post=662"}],"version-history":[{"count":1,"href":"https:\/\/minutobahia24h.com.br\/index.php?rest_route=\/wp\/v2\/posts\/662\/revisions"}],"predecessor-version":[{"id":665,"href":"https:\/\/minutobahia24h.com.br\/index.php?rest_route=\/wp\/v2\/posts\/662\/revisions\/665"}],"wp:featuredmedia":[{"embeddable":true,"href":"https:\/\/minutobahia24h.com.br\/index.php?rest_route=\/wp\/v2\/media\/664"}],"wp:attachment":[{"href":"https:\/\/minutobahia24h.com.br\/index.php?rest_route=%2Fwp%2Fv2%2Fmedia&parent=662"}],"wp:term":[{"taxonomy":"category","embeddable":true,"href":"https:\/\/minutobahia24h.com.br\/index.php?rest_route=%2Fwp%2Fv2%2Fcategories&post=662"},{"taxonomy":"post_tag","embeddable":true,"href":"https:\/\/minutobahia24h.com.br\/index.php?rest_route=%2Fwp%2Fv2%2Ftags&post=662"}],"curies":[{"name":"wp","href":"https:\/\/api.w.org\/{rel}","templated":true}]}}