{"id":658,"date":"2023-09-14T11:42:24","date_gmt":"2023-09-14T14:42:24","guid":{"rendered":"https:\/\/minutobahia24h.com.br\/?p=658"},"modified":"2023-09-14T11:42:24","modified_gmt":"2023-09-14T14:42:24","slug":"governador-jeronimo-estara-na-regiao-de-juazeiro-e-curaca-neste-fim-de-semana","status":"publish","type":"post","link":"https:\/\/minutobahia24h.com.br\/?p=658","title":{"rendered":"Governador Jer\u00f4nimo estar\u00e1 na regi\u00e3o de Juazeiro e Cura\u00e7\u00e1 neste fim de semana"},"content":{"rendered":"<div class=\"wp-block-image\">\n<figure class=\"aligncenter size-full\"><img data-recalc-dims=\"1\" fetchpriority=\"high\" decoding=\"async\" width=\"640\" height=\"427\" src=\"https:\/\/i0.wp.com\/minutobahia24h.com.br\/wp-content\/uploads\/2023\/09\/j.jpeg?resize=640%2C427&#038;ssl=1\" alt=\"\" class=\"wp-image-660\" srcset=\"https:\/\/i0.wp.com\/minutobahia24h.com.br\/wp-content\/uploads\/2023\/09\/j.jpeg?w=640&amp;ssl=1 640w, https:\/\/i0.wp.com\/minutobahia24h.com.br\/wp-content\/uploads\/2023\/09\/j.jpeg?resize=300%2C200&amp;ssl=1 300w\" sizes=\"(max-width: 640px) 100vw, 640px\" \/><\/figure>\n<\/div>\n\n\n<p class=\"wp-block-paragraph\">Ele faz maratona de entregas e programa com ida a cinco munic\u00edpios em um dia. A\u00e7\u00f5es de seguran\u00e7a p\u00fablica, infraestrutura, educa\u00e7\u00e3o, desenvolvimento rural e para impulsionar a economia baiana fazem parte da agenda do governador Jer\u00f4nimo Rodrigues nos pr\u00f3ximos dias.<\/p>\n\n\n\n<p class=\"wp-block-paragraph\">Os compromissos, que seguem intensos at\u00e9 mesmo nos finais de semana, ocorrem em diferentes regi\u00f5es do estado. Nesta quinta-feira (14), \u00e0s 14h, o governador participa da posse da nova reitoria da Universidade Federal do Rec\u00f4ncavo da Bahia (UFRB), no munic\u00edpio de Cruz das Almas.<\/p>\n\n\n\n<p class=\"wp-block-paragraph\">Na sexta-feira (15), ser\u00e3o visitados cinco munic\u00edpios. Jer\u00f4nimo inicia os trabalhos \u00e0s 7h da manh\u00e3, com a entrega de novas viaturas em Feira de Santana. Por volta das 9h o governador estar\u00e1 em Santo Estev\u00e3o, onde assinar\u00e1 ordens de servi\u00e7o para implanta\u00e7\u00e3o de Sistema de Esgotamento Sanit\u00e1rio e pavimenta\u00e7\u00e3o no Acesso \u00e0 BR-116, na regi\u00e3o do povoado de V\u00e1rzea da Casa. Em Amargosa, \u00e0s 11h, o governador autoriza a constru\u00e7\u00e3o de uma nova Unidade Escolar de Tempo Integral. J\u00e1 pela tarde, a partir das 14h30, em Rafael Jambeiro, ser\u00e3o entregues equipamentos de infraestrutura e a pavimenta\u00e7\u00e3o do acesso \u00e0 comunidade de S\u00e3o Roque.<\/p>\n\n\n\n<p class=\"wp-block-paragraph\">Ainda na sexta, \u00e0s 19h, o governador se re\u00fane com produtores e exportadores do Vale do S\u00e3o Francisco, em Juazeiro. As a\u00e7\u00f5es prosseguem no final de semana, com a inaugura\u00e7\u00e3o de uma Escola de Tempo Integral, no s\u00e1bado, \u00e0s 8h30, no munic\u00edpio de Cura\u00e7\u00e1. J\u00e1 \u00e0s 16h, em Igrapi\u00fana, o governador entrega a pavimenta\u00e7\u00e3o em paralelep\u00edpedo, obras de drenagem e a reforma do Mercado Municipal.<\/p>\n\n\n\n<p class=\"wp-block-paragraph\">Fechando os trabalhos da semana, no domingo (17), \u00e0s 11h, o governador entregar\u00e1 a reforma do Aer\u00f3dromo e far\u00e1 a inaugura\u00e7\u00e3o do Complexo Poliesportivo Educacional de Itapetinga. Na pr\u00f3xima segunda-feira (18), os trabalhos continuam em Euclides da Cunha, onde o governador inaugura a nova sede do Centro Territorial de Educa\u00e7\u00e3o Profissional Sert\u00e3o Forte. No mesmo dia, Jer\u00f4nimo apresenta o programa Agroind\u00fastria Familiar da Bahia, em Salvador, \u00e0s 16h.<\/p>\n\n\n\n<p class=\"wp-block-paragraph\">14h \u2013 Cruz das Amas<\/p>\n\n\n\n<p class=\"wp-block-paragraph\">7h \u2013 Feira de Santana<\/p>\n\n\n\n<p class=\"wp-block-paragraph\">9h \u2013 Santo Estev\u00e3o<\/p>\n\n\n\n<p class=\"wp-block-paragraph\">11h \u2013 Amargosa<\/p>\n\n\n\n<p class=\"wp-block-paragraph\">14h30 \u2013 Rafael Jambeiro<\/p>\n\n\n\n<p class=\"wp-block-paragraph\">19h \u2013 Juazeiro<\/p>\n\n\n\n<p class=\"wp-block-paragraph\">8h30 \u2013 Cura\u00e7\u00e1<\/p>\n\n\n\n<p class=\"wp-block-paragraph\">16h \u2013 Igrapi\u00fana<\/p>\n\n\n\n<p class=\"wp-block-paragraph\">11h \u2013 Itapetinga<\/p>\n\n\n\n<p class=\"wp-block-paragraph\">7h30 \u2013 Euclides da Cunha<\/p>\n\n\n\n<p class=\"wp-block-paragraph\">16h \u2013 Salvador<\/p>\n\n\n\n<p class=\"wp-block-paragraph\">uaua<\/p>\n","protected":false},"excerpt":{"rendered":"<p>Ele faz maratona de entregas e programa com ida a cinco munic\u00edpios em um dia. A\u00e7\u00f5es de seguran\u00e7a p\u00fablica, infraestrutura, educa\u00e7\u00e3o, desenvolvimento rural e para impulsionar a economia baiana fazem parte da agenda do governador Jer\u00f4nimo Rodrigues nos pr\u00f3ximos dias. Os compromissos, que seguem intensos at\u00e9 mesmo nos finais de semana, ocorrem em diferentes regi\u00f5es [&hellip;]<\/p>\n","protected":false},"author":2,"featured_media":660,"comment_status":"open","ping_status":"open","sticky":false,"template":"","format":"standard","meta":{"_jetpack_newsletter_access":"","_jetpack_dont_email_post_to_subs":false,"_jetpack_newsletter_tier_id":0,"_jetpack_memberships_contains_paywalled_content":false,"_jetpack_feature_clip_id":0,"_jetpack_memberships_contains_paid_content":false,"footnotes":"","jetpack_post_was_ever_published":false},"categories":[3],"tags":[],"class_list":["post-658","post","type-post","status-publish","format-standard","has-post-thumbnail","hentry","category-regional"],"aioseo_notices":[],"aioseo_head":"\n\t\t<!-- All in One SEO 5.0.1.1 - aioseo.com -->\n\t<meta name=\"description\" content=\"Ele faz maratona de entregas e programa com ida a cinco munic\u00edpios em um dia. A\u00e7\u00f5es de seguran\u00e7a p\u00fablica, infraestrutura, educa\u00e7\u00e3o, desenvolvimento rural e para impulsionar a economia baiana fazem parte da agenda do governador Jer\u00f4nimo Rodrigues nos pr\u00f3ximos dias. Os compromissos, que seguem intensos at\u00e9 mesmo nos finais de semana, ocorrem em diferentes regi\u00f5es\" \/>\n\t<meta name=\"robots\" content=\"max-image-preview:large\" \/>\n\t<meta name=\"author\" content=\"andre\"\/>\n\t<link rel=\"canonical\" href=\"https:\/\/minutobahia24h.com.br\/?p=658\" \/>\n\t<meta name=\"generator\" content=\"All in One SEO (AIOSEO) 5.0.1.1\" \/>\n\t\t<meta property=\"og:locale\" content=\"pt_BR\" \/>\n\t\t<meta property=\"og:site_name\" content=\"Minuto Bahia 24h - O seu portal de not\u00edcias\" \/>\n\t\t<meta property=\"og:type\" content=\"article\" \/>\n\t\t<meta property=\"og:title\" content=\"Governador Jer\u00f4nimo estar\u00e1 na regi\u00e3o de Juazeiro e Cura\u00e7\u00e1 neste fim de semana - Minuto Bahia 24h\" \/>\n\t\t<meta property=\"og:description\" content=\"Ele faz maratona de entregas e programa com ida a cinco munic\u00edpios em um dia. A\u00e7\u00f5es de seguran\u00e7a p\u00fablica, infraestrutura, educa\u00e7\u00e3o, desenvolvimento rural e para impulsionar a economia baiana fazem parte da agenda do governador Jer\u00f4nimo Rodrigues nos pr\u00f3ximos dias. Os compromissos, que seguem intensos at\u00e9 mesmo nos finais de semana, ocorrem em diferentes regi\u00f5es\" \/>\n\t\t<meta property=\"og:url\" content=\"https:\/\/minutobahia24h.com.br\/?p=658\" \/>\n\t\t<meta property=\"og:image\" content=\"https:\/\/minutobahia24h.com.br\/wp-content\/uploads\/2023\/09\/j.jpeg\" \/>\n\t\t<meta property=\"og:image:secure_url\" content=\"https:\/\/minutobahia24h.com.br\/wp-content\/uploads\/2023\/09\/j.jpeg\" \/>\n\t\t<meta property=\"og:image:width\" content=\"640\" \/>\n\t\t<meta property=\"og:image:height\" content=\"427\" \/>\n\t\t<meta property=\"article:published_time\" content=\"2023-09-14T14:42:24+00:00\" \/>\n\t\t<meta property=\"article:modified_time\" content=\"2023-09-14T14:42:24+00:00\" \/>\n\t\t<meta name=\"twitter:card\" content=\"summary_large_image\" \/>\n\t\t<meta name=\"twitter:title\" content=\"Governador Jer\u00f4nimo estar\u00e1 na regi\u00e3o de Juazeiro e Cura\u00e7\u00e1 neste fim de semana - Minuto Bahia 24h\" \/>\n\t\t<meta name=\"twitter:description\" content=\"Ele faz maratona de entregas e programa com ida a cinco munic\u00edpios em um dia. A\u00e7\u00f5es de seguran\u00e7a p\u00fablica, infraestrutura, educa\u00e7\u00e3o, desenvolvimento rural e para impulsionar a economia baiana fazem parte da agenda do governador Jer\u00f4nimo Rodrigues nos pr\u00f3ximos dias. Os compromissos, que seguem intensos at\u00e9 mesmo nos finais de semana, ocorrem em diferentes regi\u00f5es\" \/>\n\t\t<meta name=\"twitter:image\" content=\"https:\/\/minutobahia24h.com.br\/wp-content\/uploads\/2023\/09\/j.jpeg\" \/>\n\t\t<script type=\"application\/ld+json\" class=\"aioseo-schema\">\n\t\t\t{\"@context\":\"https:\\\/\\\/schema.org\",\"@graph\":[{\"@type\":\"BlogPosting\",\"@id\":\"https:\\\/\\\/minutobahia24h.com.br\\\/?p=658#blogposting\",\"name\":\"Governador Jer\\u00f4nimo estar\\u00e1 na regi\\u00e3o de Juazeiro e Cura\\u00e7\\u00e1 neste fim de semana - Minuto Bahia 24h\",\"headline\":\"Governador Jer\\u00f4nimo estar\\u00e1 na regi\\u00e3o de Juazeiro e Cura\\u00e7\\u00e1 neste fim de semana\",\"author\":{\"@id\":\"https:\\\/\\\/minutobahia24h.com.br\\\/?author=2#author\"},\"publisher\":{\"@id\":\"https:\\\/\\\/minutobahia24h.com.br\\\/#organization\"},\"image\":{\"@type\":\"ImageObject\",\"url\":\"https:\\\/\\\/i0.wp.com\\\/minutobahia24h.com.br\\\/wp-content\\\/uploads\\\/2023\\\/09\\\/j.jpeg?fit=640%2C427&ssl=1\",\"width\":640,\"height\":427},\"datePublished\":\"2023-09-14T11:42:24-03:00\",\"dateModified\":\"2023-09-14T11:42:24-03:00\",\"inLanguage\":\"pt-BR\",\"mainEntityOfPage\":{\"@id\":\"https:\\\/\\\/minutobahia24h.com.br\\\/?p=658#webpage\"},\"isPartOf\":{\"@id\":\"https:\\\/\\\/minutobahia24h.com.br\\\/?p=658#webpage\"},\"articleSection\":\"Regional\"},{\"@type\":\"BreadcrumbList\",\"@id\":\"https:\\\/\\\/minutobahia24h.com.br\\\/?p=658#breadcrumblist\",\"itemListElement\":[{\"@type\":\"ListItem\",\"@id\":\"https:\\\/\\\/minutobahia24h.com.br#listItem\",\"position\":1,\"name\":\"In\\u00edcio\",\"item\":\"https:\\\/\\\/minutobahia24h.com.br\",\"nextItem\":{\"@type\":\"ListItem\",\"@id\":\"https:\\\/\\\/minutobahia24h.com.br\\\/?cat=3#listItem\",\"name\":\"Regional\"}},{\"@type\":\"ListItem\",\"@id\":\"https:\\\/\\\/minutobahia24h.com.br\\\/?cat=3#listItem\",\"position\":2,\"name\":\"Regional\",\"item\":\"https:\\\/\\\/minutobahia24h.com.br\\\/?cat=3\",\"nextItem\":{\"@type\":\"ListItem\",\"@id\":\"https:\\\/\\\/minutobahia24h.com.br\\\/?p=658#listItem\",\"name\":\"Governador Jer\\u00f4nimo estar\\u00e1 na regi\\u00e3o de Juazeiro e Cura\\u00e7\\u00e1 neste fim de semana\"},\"previousItem\":{\"@type\":\"ListItem\",\"@id\":\"https:\\\/\\\/minutobahia24h.com.br#listItem\",\"name\":\"In\\u00edcio\"}},{\"@type\":\"ListItem\",\"@id\":\"https:\\\/\\\/minutobahia24h.com.br\\\/?p=658#listItem\",\"position\":3,\"name\":\"Governador Jer\\u00f4nimo estar\\u00e1 na regi\\u00e3o de Juazeiro e Cura\\u00e7\\u00e1 neste fim de semana\",\"previousItem\":{\"@type\":\"ListItem\",\"@id\":\"https:\\\/\\\/minutobahia24h.com.br\\\/?cat=3#listItem\",\"name\":\"Regional\"}}]},{\"@type\":\"Organization\",\"@id\":\"https:\\\/\\\/minutobahia24h.com.br\\\/#organization\",\"name\":\"Minuto Bahia 24h\",\"description\":\"O seu portal de not\\u00edcias\",\"url\":\"https:\\\/\\\/minutobahia24h.com.br\\\/\",\"logo\":{\"@type\":\"ImageObject\",\"url\":\"https:\\\/\\\/i0.wp.com\\\/minutobahia24h.com.br\\\/wp-content\\\/uploads\\\/2023\\\/09\\\/cropped-minutoba.png?fit=457%2C119&ssl=1\",\"@id\":\"https:\\\/\\\/minutobahia24h.com.br\\\/?p=658\\\/#organizationLogo\",\"width\":457,\"height\":119},\"image\":{\"@id\":\"https:\\\/\\\/minutobahia24h.com.br\\\/?p=658\\\/#organizationLogo\"}},{\"@type\":\"Person\",\"@id\":\"https:\\\/\\\/minutobahia24h.com.br\\\/?author=2#author\",\"url\":\"https:\\\/\\\/minutobahia24h.com.br\\\/?author=2\",\"name\":\"andre\",\"image\":{\"@type\":\"ImageObject\",\"@id\":\"https:\\\/\\\/minutobahia24h.com.br\\\/?p=658#authorImage\",\"url\":\"https:\\\/\\\/secure.gravatar.com\\\/avatar\\\/0ec5eafed5f3925c321625d79a680d589901b94bca787ae396a35f6c4a960922?s=96&d=mm&r=g\",\"width\":96,\"height\":96,\"caption\":\"andre\"}},{\"@type\":\"WebPage\",\"@id\":\"https:\\\/\\\/minutobahia24h.com.br\\\/?p=658#webpage\",\"url\":\"https:\\\/\\\/minutobahia24h.com.br\\\/?p=658\",\"name\":\"Governador Jer\\u00f4nimo estar\\u00e1 na regi\\u00e3o de Juazeiro e Cura\\u00e7\\u00e1 neste fim de semana - Minuto Bahia 24h\",\"description\":\"Ele faz maratona de entregas e programa com ida a cinco munic\\u00edpios em um dia. A\\u00e7\\u00f5es de seguran\\u00e7a p\\u00fablica, infraestrutura, educa\\u00e7\\u00e3o, desenvolvimento rural e para impulsionar a economia baiana fazem parte da agenda do governador Jer\\u00f4nimo Rodrigues nos pr\\u00f3ximos dias. Os compromissos, que seguem intensos at\\u00e9 mesmo nos finais de semana, ocorrem em diferentes regi\\u00f5es\",\"inLanguage\":\"pt-BR\",\"isPartOf\":{\"@id\":\"https:\\\/\\\/minutobahia24h.com.br\\\/#website\"},\"breadcrumb\":{\"@id\":\"https:\\\/\\\/minutobahia24h.com.br\\\/?p=658#breadcrumblist\"},\"author\":{\"@id\":\"https:\\\/\\\/minutobahia24h.com.br\\\/?author=2#author\"},\"creator\":{\"@id\":\"https:\\\/\\\/minutobahia24h.com.br\\\/?author=2#author\"},\"image\":{\"@type\":\"ImageObject\",\"url\":\"https:\\\/\\\/i0.wp.com\\\/minutobahia24h.com.br\\\/wp-content\\\/uploads\\\/2023\\\/09\\\/j.jpeg?fit=640%2C427&ssl=1\",\"@id\":\"https:\\\/\\\/minutobahia24h.com.br\\\/?p=658\\\/#mainImage\",\"width\":640,\"height\":427},\"primaryImageOfPage\":{\"@id\":\"https:\\\/\\\/minutobahia24h.com.br\\\/?p=658#mainImage\"},\"datePublished\":\"2023-09-14T11:42:24-03:00\",\"dateModified\":\"2023-09-14T11:42:24-03:00\"},{\"@type\":\"WebSite\",\"@id\":\"https:\\\/\\\/minutobahia24h.com.br\\\/#website\",\"url\":\"https:\\\/\\\/minutobahia24h.com.br\\\/\",\"name\":\"Minuto Bahia 24h\",\"description\":\"O seu portal de not\\u00edcias\",\"inLanguage\":\"pt-BR\",\"publisher\":{\"@id\":\"https:\\\/\\\/minutobahia24h.com.br\\\/#organization\"}}]}\n\t\t<\/script>\n\t\t<!-- All in One SEO -->\n\n","aioseo_head_json":{"title":"Governador Jer\u00f4nimo estar\u00e1 na regi\u00e3o de Juazeiro e Cura\u00e7\u00e1 neste fim de semana - Minuto Bahia 24h","description":"Ele faz maratona de entregas e programa com ida a cinco munic\u00edpios em um dia. A\u00e7\u00f5es de seguran\u00e7a p\u00fablica, infraestrutura, educa\u00e7\u00e3o, desenvolvimento rural e para impulsionar a economia baiana fazem parte da agenda do governador Jer\u00f4nimo Rodrigues nos pr\u00f3ximos dias. Os compromissos, que seguem intensos at\u00e9 mesmo nos finais de semana, ocorrem em diferentes regi\u00f5es","canonical_url":"https:\/\/minutobahia24h.com.br\/?p=658","robots":"max-image-preview:large","keywords":"","webmasterTools":{"miscellaneous":""},"schema":{"@context":"https:\/\/schema.org","@graph":[{"@type":"BlogPosting","@id":"https:\/\/minutobahia24h.com.br\/?p=658#blogposting","name":"Governador Jer\u00f4nimo estar\u00e1 na regi\u00e3o de Juazeiro e Cura\u00e7\u00e1 neste fim de semana - Minuto Bahia 24h","headline":"Governador Jer\u00f4nimo estar\u00e1 na regi\u00e3o de Juazeiro e Cura\u00e7\u00e1 neste fim de semana","author":{"@id":"https:\/\/minutobahia24h.com.br\/?author=2#author"},"publisher":{"@id":"https:\/\/minutobahia24h.com.br\/#organization"},"image":{"@type":"ImageObject","url":"https:\/\/i0.wp.com\/minutobahia24h.com.br\/wp-content\/uploads\/2023\/09\/j.jpeg?fit=640%2C427&ssl=1","width":640,"height":427},"datePublished":"2023-09-14T11:42:24-03:00","dateModified":"2023-09-14T11:42:24-03:00","inLanguage":"pt-BR","mainEntityOfPage":{"@id":"https:\/\/minutobahia24h.com.br\/?p=658#webpage"},"isPartOf":{"@id":"https:\/\/minutobahia24h.com.br\/?p=658#webpage"},"articleSection":"Regional"},{"@type":"BreadcrumbList","@id":"https:\/\/minutobahia24h.com.br\/?p=658#breadcrumblist","itemListElement":[{"@type":"ListItem","@id":"https:\/\/minutobahia24h.com.br#listItem","position":1,"name":"In\u00edcio","item":"https:\/\/minutobahia24h.com.br","nextItem":{"@type":"ListItem","@id":"https:\/\/minutobahia24h.com.br\/?cat=3#listItem","name":"Regional"}},{"@type":"ListItem","@id":"https:\/\/minutobahia24h.com.br\/?cat=3#listItem","position":2,"name":"Regional","item":"https:\/\/minutobahia24h.com.br\/?cat=3","nextItem":{"@type":"ListItem","@id":"https:\/\/minutobahia24h.com.br\/?p=658#listItem","name":"Governador Jer\u00f4nimo estar\u00e1 na regi\u00e3o de Juazeiro e Cura\u00e7\u00e1 neste fim de semana"},"previousItem":{"@type":"ListItem","@id":"https:\/\/minutobahia24h.com.br#listItem","name":"In\u00edcio"}},{"@type":"ListItem","@id":"https:\/\/minutobahia24h.com.br\/?p=658#listItem","position":3,"name":"Governador Jer\u00f4nimo estar\u00e1 na regi\u00e3o de Juazeiro e Cura\u00e7\u00e1 neste fim de semana","previousItem":{"@type":"ListItem","@id":"https:\/\/minutobahia24h.com.br\/?cat=3#listItem","name":"Regional"}}]},{"@type":"Organization","@id":"https:\/\/minutobahia24h.com.br\/#organization","name":"Minuto Bahia 24h","description":"O seu portal de not\u00edcias","url":"https:\/\/minutobahia24h.com.br\/","logo":{"@type":"ImageObject","url":"https:\/\/i0.wp.com\/minutobahia24h.com.br\/wp-content\/uploads\/2023\/09\/cropped-minutoba.png?fit=457%2C119&ssl=1","@id":"https:\/\/minutobahia24h.com.br\/?p=658\/#organizationLogo","width":457,"height":119},"image":{"@id":"https:\/\/minutobahia24h.com.br\/?p=658\/#organizationLogo"}},{"@type":"Person","@id":"https:\/\/minutobahia24h.com.br\/?author=2#author","url":"https:\/\/minutobahia24h.com.br\/?author=2","name":"andre","image":{"@type":"ImageObject","@id":"https:\/\/minutobahia24h.com.br\/?p=658#authorImage","url":"https:\/\/secure.gravatar.com\/avatar\/0ec5eafed5f3925c321625d79a680d589901b94bca787ae396a35f6c4a960922?s=96&d=mm&r=g","width":96,"height":96,"caption":"andre"}},{"@type":"WebPage","@id":"https:\/\/minutobahia24h.com.br\/?p=658#webpage","url":"https:\/\/minutobahia24h.com.br\/?p=658","name":"Governador Jer\u00f4nimo estar\u00e1 na regi\u00e3o de Juazeiro e Cura\u00e7\u00e1 neste fim de semana - Minuto Bahia 24h","description":"Ele faz maratona de entregas e programa com ida a cinco munic\u00edpios em um dia. A\u00e7\u00f5es de seguran\u00e7a p\u00fablica, infraestrutura, educa\u00e7\u00e3o, desenvolvimento rural e para impulsionar a economia baiana fazem parte da agenda do governador Jer\u00f4nimo Rodrigues nos pr\u00f3ximos dias. Os compromissos, que seguem intensos at\u00e9 mesmo nos finais de semana, ocorrem em diferentes regi\u00f5es","inLanguage":"pt-BR","isPartOf":{"@id":"https:\/\/minutobahia24h.com.br\/#website"},"breadcrumb":{"@id":"https:\/\/minutobahia24h.com.br\/?p=658#breadcrumblist"},"author":{"@id":"https:\/\/minutobahia24h.com.br\/?author=2#author"},"creator":{"@id":"https:\/\/minutobahia24h.com.br\/?author=2#author"},"image":{"@type":"ImageObject","url":"https:\/\/i0.wp.com\/minutobahia24h.com.br\/wp-content\/uploads\/2023\/09\/j.jpeg?fit=640%2C427&ssl=1","@id":"https:\/\/minutobahia24h.com.br\/?p=658\/#mainImage","width":640,"height":427},"primaryImageOfPage":{"@id":"https:\/\/minutobahia24h.com.br\/?p=658#mainImage"},"datePublished":"2023-09-14T11:42:24-03:00","dateModified":"2023-09-14T11:42:24-03:00"},{"@type":"WebSite","@id":"https:\/\/minutobahia24h.com.br\/#website","url":"https:\/\/minutobahia24h.com.br\/","name":"Minuto Bahia 24h","description":"O seu portal de not\u00edcias","inLanguage":"pt-BR","publisher":{"@id":"https:\/\/minutobahia24h.com.br\/#organization"}}]},"og:locale":"pt_BR","og:site_name":"Minuto Bahia 24h - O seu portal de not\u00edcias","og:type":"article","og:title":"Governador Jer\u00f4nimo estar\u00e1 na regi\u00e3o de Juazeiro e Cura\u00e7\u00e1 neste fim de semana - Minuto Bahia 24h","og:description":"Ele faz maratona de entregas e programa com ida a cinco munic\u00edpios em um dia. A\u00e7\u00f5es de seguran\u00e7a p\u00fablica, infraestrutura, educa\u00e7\u00e3o, desenvolvimento rural e para impulsionar a economia baiana fazem parte da agenda do governador Jer\u00f4nimo Rodrigues nos pr\u00f3ximos dias. Os compromissos, que seguem intensos at\u00e9 mesmo nos finais de semana, ocorrem em diferentes regi\u00f5es","og:url":"https:\/\/minutobahia24h.com.br\/?p=658","og:image":"https:\/\/minutobahia24h.com.br\/wp-content\/uploads\/2023\/09\/j.jpeg","og:image:secure_url":"https:\/\/minutobahia24h.com.br\/wp-content\/uploads\/2023\/09\/j.jpeg","og:image:width":640,"og:image:height":427,"article:published_time":"2023-09-14T14:42:24+00:00","article:modified_time":"2023-09-14T14:42:24+00:00","twitter:card":"summary_large_image","twitter:title":"Governador Jer\u00f4nimo estar\u00e1 na regi\u00e3o de Juazeiro e Cura\u00e7\u00e1 neste fim de semana - Minuto Bahia 24h","twitter:description":"Ele faz maratona de entregas e programa com ida a cinco munic\u00edpios em um dia. A\u00e7\u00f5es de seguran\u00e7a p\u00fablica, infraestrutura, educa\u00e7\u00e3o, desenvolvimento rural e para impulsionar a economia baiana fazem parte da agenda do governador Jer\u00f4nimo Rodrigues nos pr\u00f3ximos dias. Os compromissos, que seguem intensos at\u00e9 mesmo nos finais de semana, ocorrem em diferentes regi\u00f5es","twitter:image":"https:\/\/minutobahia24h.com.br\/wp-content\/uploads\/2023\/09\/j.jpeg"},"aioseo_meta_data":{"post_id":"658","title":null,"description":null,"keywords":null,"keyphrases":null,"primary_term":null,"canonical_url":null,"og_title":null,"og_description":null,"og_object_type":"default","og_image_type":"default","og_image_url":null,"og_image_width":null,"og_image_height":null,"og_image_custom_url":null,"og_image_custom_fields":null,"og_video":null,"og_custom_url":null,"og_article_section":null,"og_article_tags":null,"twitter_use_og":true,"twitter_card":"default","twitter_image_type":"default","twitter_image_url":null,"twitter_image_custom_url":null,"twitter_image_custom_fields":null,"twitter_title":null,"twitter_description":null,"schema":{"blockGraphs":[],"customGraphs":[],"default":{"data":{"Article":[],"Course":[],"Dataset":[],"FAQPage":[],"Movie":[],"Person":[],"Product":[],"ProductReview":[],"Car":[],"Recipe":[],"Service":[],"SoftwareApplication":[],"WebPage":[]},"graphName":"","isEnabled":true},"graphs":[]},"schema_type":"default","schema_type_options":null,"pillar_content":false,"robots_default":true,"robots_noindex":false,"robots_noarchive":false,"robots_nosnippet":false,"robots_nofollow":false,"robots_noimageindex":false,"robots_noodp":false,"robots_notranslate":false,"robots_max_snippet":null,"robots_max_videopreview":null,"robots_max_imagepreview":"large","priority":null,"frequency":null,"local_seo":null,"breadcrumb_settings":null,"limit_modified_date":false,"ai":null,"created":"2023-09-21 11:58:56","updated":"2025-06-04 05:29:11","seo_analyzer_scan_date":null,"focus_keyword":null,"additional_keywords":null,"truseo_locale":null},"aioseo_breadcrumb":"<div class=\"aioseo-breadcrumbs\"><span class=\"aioseo-breadcrumb\">\n\t\t\t<a href=\"https:\/\/minutobahia24h.com.br\" title=\"In\u00edcio\">In\u00edcio<\/a>\n\t\t<\/span><span class=\"aioseo-breadcrumb-separator\">&raquo;<\/span><span class=\"aioseo-breadcrumb\">\n\t\t\t<a href=\"https:\/\/minutobahia24h.com.br\/?cat=3\" title=\"Regional\">Regional<\/a>\n\t\t<\/span><span class=\"aioseo-breadcrumb-separator\">&raquo;<\/span><span class=\"aioseo-breadcrumb\">\n\t\t\tGovernador Jer\u00f4nimo estar\u00e1 na regi\u00e3o de Juazeiro e Cura\u00e7\u00e1 neste fim de semana\n\t\t<\/span><\/div>","aioseo_breadcrumb_json":[{"label":"In\u00edcio","link":"https:\/\/minutobahia24h.com.br"},{"label":"Regional","link":"https:\/\/minutobahia24h.com.br\/?cat=3"},{"label":"Governador Jer\u00f4nimo estar\u00e1 na regi\u00e3o de Juazeiro e Cura\u00e7\u00e1 neste fim de semana","link":"https:\/\/minutobahia24h.com.br\/?p=658"}],"jetpack_sharing_enabled":true,"jetpack_featured_media_url":"https:\/\/i0.wp.com\/minutobahia24h.com.br\/wp-content\/uploads\/2023\/09\/j.jpeg?fit=640%2C427&ssl=1","_links":{"self":[{"href":"https:\/\/minutobahia24h.com.br\/index.php?rest_route=\/wp\/v2\/posts\/658","targetHints":{"allow":["GET"]}}],"collection":[{"href":"https:\/\/minutobahia24h.com.br\/index.php?rest_route=\/wp\/v2\/posts"}],"about":[{"href":"https:\/\/minutobahia24h.com.br\/index.php?rest_route=\/wp\/v2\/types\/post"}],"author":[{"embeddable":true,"href":"https:\/\/minutobahia24h.com.br\/index.php?rest_route=\/wp\/v2\/users\/2"}],"replies":[{"embeddable":true,"href":"https:\/\/minutobahia24h.com.br\/index.php?rest_route=%2Fwp%2Fv2%2Fcomments&post=658"}],"version-history":[{"count":1,"href":"https:\/\/minutobahia24h.com.br\/index.php?rest_route=\/wp\/v2\/posts\/658\/revisions"}],"predecessor-version":[{"id":661,"href":"https:\/\/minutobahia24h.com.br\/index.php?rest_route=\/wp\/v2\/posts\/658\/revisions\/661"}],"wp:featuredmedia":[{"embeddable":true,"href":"https:\/\/minutobahia24h.com.br\/index.php?rest_route=\/wp\/v2\/media\/660"}],"wp:attachment":[{"href":"https:\/\/minutobahia24h.com.br\/index.php?rest_route=%2Fwp%2Fv2%2Fmedia&parent=658"}],"wp:term":[{"taxonomy":"category","embeddable":true,"href":"https:\/\/minutobahia24h.com.br\/index.php?rest_route=%2Fwp%2Fv2%2Fcategories&post=658"},{"taxonomy":"post_tag","embeddable":true,"href":"https:\/\/minutobahia24h.com.br\/index.php?rest_route=%2Fwp%2Fv2%2Ftags&post=658"}],"curies":[{"name":"wp","href":"https:\/\/api.w.org\/{rel}","templated":true}]}}