{"id":6445,"date":"2024-01-11T07:54:38","date_gmt":"2024-01-11T10:54:38","guid":{"rendered":"https:\/\/minutobahia24h.com.br\/?p=6445"},"modified":"2024-01-11T07:54:40","modified_gmt":"2024-01-11T10:54:40","slug":"lewandowski-aceita-convite-e-sera-o-novo-ministro-da-justica","status":"publish","type":"post","link":"https:\/\/minutobahia24h.com.br\/?p=6445","title":{"rendered":"Lewandowski aceita convite e ser\u00e1 o novo ministro da Justi\u00e7a"},"content":{"rendered":"<div class=\"wp-block-image\">\n<figure class=\"aligncenter size-full\"><img data-recalc-dims=\"1\" fetchpriority=\"high\" decoding=\"async\" width=\"800\" height=\"533\" src=\"https:\/\/i0.wp.com\/minutobahia24h.com.br\/wp-content\/uploads\/2024\/01\/Sem-titulo-127.jpg?resize=800%2C533&#038;ssl=1\" alt=\"\" class=\"wp-image-6447\" srcset=\"https:\/\/i0.wp.com\/minutobahia24h.com.br\/wp-content\/uploads\/2024\/01\/Sem-titulo-127.jpg?w=984&amp;ssl=1 984w, https:\/\/i0.wp.com\/minutobahia24h.com.br\/wp-content\/uploads\/2024\/01\/Sem-titulo-127.jpg?resize=300%2C200&amp;ssl=1 300w, https:\/\/i0.wp.com\/minutobahia24h.com.br\/wp-content\/uploads\/2024\/01\/Sem-titulo-127.jpg?resize=768%2C512&amp;ssl=1 768w, https:\/\/i0.wp.com\/minutobahia24h.com.br\/wp-content\/uploads\/2024\/01\/Sem-titulo-127.jpg?resize=750%2C500&amp;ssl=1 750w\" sizes=\"(max-width: 800px) 100vw, 800px\" \/><figcaption class=\"wp-element-caption\">Ricardo Lewandowski, ex-ministro do STF cotado para substituir Fl\u00e1vio Dino no Minist\u00e9rio da Justi\u00e7a do governo Lula \u2014 Foto: Gabriela Bil\u00f3\/Estad\u00e3o Conte\u00fado<br><\/figcaption><\/figure>\n<\/div>\n\n\n<p><a class=\"\" href=\"https:\/\/g1.globo.com\/tudo-sobre\/ricardo-lewandowski\/\">Ricardo Lewandowski<\/a>, ex-ministro do Supremo Tribunal Federal (STF), aceitou o convite do presidente Lula (PT) e ser\u00e1 o novo ministro da Justi\u00e7a. A informa\u00e7\u00e3o n\u00e3o foi divulgada publicamente, mas foi confirmada pelo&nbsp;<strong>blog<\/strong>. Lewandowski se reuniu com Lula e Fl\u00e1vio Dino na noite desta quarta-feira (10).<\/p>\n\n\n\n<p>O ex-ministro do STF se aposentou da Corte em abril de 2023, ap\u00f3s completar 75 anos. Ele substituir\u00e1 Fl\u00e1vio Dino no Minist\u00e9rio da Justi\u00e7a \u2014 que ir\u00e1 assumir uma cadeira no Supremo em fevereiro.<\/p>\n\n\n\n<p>A agenda oficial da Presid\u00eancia da Rep\u00fablica aponta que Lula se reunir\u00e1 com Fl\u00e1vio Dino e Lewandowski novamente na quinta-feira (11), durante a manh\u00e3. O an\u00fancio da nomea\u00e7\u00e3o dever\u00e1 ser feito logo na sequ\u00eancia.<\/p>\n\n\n\n<p>O nome de Lewandowski para o Minist\u00e9rio da Justi\u00e7a j\u00e1 vinha sendo cotado nas \u00faltimas semanas. Conforme apurou o&nbsp;<strong>blog do Oct\u00e1vio Guedes<\/strong>, o ex-ministro do STF&nbsp;<a class=\"\" href=\"https:\/\/g1.globo.com\/politica\/blog\/octavio-guedes\/post\/2024\/01\/09\/as-vesperas-de-troca-no-ministerio-da-justica-cappelli-segue-sem-destino-definido.ghtml\">ainda estava afinando os nomes de quem iria compor a equipe na pasta<\/a>, caso o convite fosse aceito.<\/p>\n\n\n\n<p>Lewandowski era o nome favorito de Lula para o minist\u00e9rio. Desde que Dino foi indicado para o STF, v\u00e1rios nomes para substitu\u00ed-lo no governo foram cotados. Entre eles estava o de Ricardo Cappelli, secret\u00e1rio-executivo do Minist\u00e9rio da Justi\u00e7a, e o de Jorge Messias, advogado-geral da Uni\u00e3o.<\/p>\n\n\n\n<p>Capelli vai se encontrar nesta quinta-feira com o Dino, \u00e0s 10h. A aliados, ele expressou que n\u00e3o tem vontade de ir para outro cargo, como a Secretaria Nacional de Seguran\u00e7a P\u00fablica.<\/p>\n\n\n\n<p>Ocorre que, atualmente, Cappelli \u00e9 secret\u00e1rio-executivo, e a tend\u00eancia \u00e9 que Lewandowski indique algu\u00e9m pr\u00f3ximo para o cargo.<\/p>\n","protected":false},"excerpt":{"rendered":"<p>Ricardo Lewandowski, ex-ministro do Supremo Tribunal Federal (STF), aceitou o convite do presidente Lula (PT) e ser\u00e1 o novo ministro da Justi\u00e7a. A informa\u00e7\u00e3o n\u00e3o foi divulgada publicamente, mas foi confirmada pelo&nbsp;blog. Lewandowski se reuniu com Lula e Fl\u00e1vio Dino na noite desta quarta-feira (10). O ex-ministro do STF se aposentou da Corte em abril [&hellip;]<\/p>\n","protected":false},"author":2,"featured_media":6447,"comment_status":"open","ping_status":"open","sticky":false,"template":"","format":"standard","meta":{"_jetpack_memberships_contains_paid_content":false,"footnotes":""},"categories":[39],"tags":[],"class_list":["post-6445","post","type-post","status-publish","format-standard","has-post-thumbnail","hentry","category-politica"],"aioseo_notices":[],"jetpack_featured_media_url":"https:\/\/i0.wp.com\/minutobahia24h.com.br\/wp-content\/uploads\/2024\/01\/Sem-titulo-127.jpg?fit=984%2C656&ssl=1","jetpack_sharing_enabled":true,"_links":{"self":[{"href":"https:\/\/minutobahia24h.com.br\/index.php?rest_route=\/wp\/v2\/posts\/6445","targetHints":{"allow":["GET"]}}],"collection":[{"href":"https:\/\/minutobahia24h.com.br\/index.php?rest_route=\/wp\/v2\/posts"}],"about":[{"href":"https:\/\/minutobahia24h.com.br\/index.php?rest_route=\/wp\/v2\/types\/post"}],"author":[{"embeddable":true,"href":"https:\/\/minutobahia24h.com.br\/index.php?rest_route=\/wp\/v2\/users\/2"}],"replies":[{"embeddable":true,"href":"https:\/\/minutobahia24h.com.br\/index.php?rest_route=%2Fwp%2Fv2%2Fcomments&post=6445"}],"version-history":[{"count":1,"href":"https:\/\/minutobahia24h.com.br\/index.php?rest_route=\/wp\/v2\/posts\/6445\/revisions"}],"predecessor-version":[{"id":6448,"href":"https:\/\/minutobahia24h.com.br\/index.php?rest_route=\/wp\/v2\/posts\/6445\/revisions\/6448"}],"wp:featuredmedia":[{"embeddable":true,"href":"https:\/\/minutobahia24h.com.br\/index.php?rest_route=\/wp\/v2\/media\/6447"}],"wp:attachment":[{"href":"https:\/\/minutobahia24h.com.br\/index.php?rest_route=%2Fwp%2Fv2%2Fmedia&parent=6445"}],"wp:term":[{"taxonomy":"category","embeddable":true,"href":"https:\/\/minutobahia24h.com.br\/index.php?rest_route=%2Fwp%2Fv2%2Fcategories&post=6445"},{"taxonomy":"post_tag","embeddable":true,"href":"https:\/\/minutobahia24h.com.br\/index.php?rest_route=%2Fwp%2Fv2%2Ftags&post=6445"}],"curies":[{"name":"wp","href":"https:\/\/api.w.org\/{rel}","templated":true}]}}