{"id":6402,"date":"2024-01-11T07:20:23","date_gmt":"2024-01-11T10:20:23","guid":{"rendered":"https:\/\/minutobahia24h.com.br\/?p=6402"},"modified":"2024-01-11T07:20:24","modified_gmt":"2024-01-11T10:20:24","slug":"governador-entregou-veiculos-para-rede-de-protecao-social-em-19-municipios","status":"publish","type":"post","link":"https:\/\/minutobahia24h.com.br\/?p=6402","title":{"rendered":"Governador entregou ve\u00edculos para rede de prote\u00e7\u00e3o social em 19 munic\u00edpios"},"content":{"rendered":"<div class=\"wp-block-image\">\n<figure class=\"aligncenter size-full\"><img data-recalc-dims=\"1\" fetchpriority=\"high\" decoding=\"async\" width=\"800\" height=\"534\" src=\"https:\/\/i0.wp.com\/minutobahia24h.com.br\/wp-content\/uploads\/2024\/01\/Sem-titulo-116.jpg?resize=800%2C534&#038;ssl=1\" alt=\"\" class=\"wp-image-6404\" srcset=\"https:\/\/i0.wp.com\/minutobahia24h.com.br\/wp-content\/uploads\/2024\/01\/Sem-titulo-116.jpg?w=1024&amp;ssl=1 1024w, https:\/\/i0.wp.com\/minutobahia24h.com.br\/wp-content\/uploads\/2024\/01\/Sem-titulo-116.jpg?resize=300%2C200&amp;ssl=1 300w, https:\/\/i0.wp.com\/minutobahia24h.com.br\/wp-content\/uploads\/2024\/01\/Sem-titulo-116.jpg?resize=768%2C512&amp;ssl=1 768w, https:\/\/i0.wp.com\/minutobahia24h.com.br\/wp-content\/uploads\/2024\/01\/Sem-titulo-116.jpg?resize=750%2C500&amp;ssl=1 750w\" sizes=\"(max-width: 800px) 100vw, 800px\" \/><\/figure>\n<\/div>\n\n\n<p>O governador Jer\u00f4nimo Rodrigues (PT) entregou, na \u00faltima ter\u00e7a-feira (9), ve\u00edculos para o fortalecimento da rede de prote\u00e7\u00e3o social em 19 munic\u00edpios baianos. A solenidade, que contou ainda com a presen\u00e7a da secret\u00e1ria Estadual de Assist\u00eancia e Desenvolvimento Social, Fabya Reis, prefeitos e representantes da assist\u00eancia social das cidades contempladas, foi realizada \u00a0no Centro Administrativo da Bahia (CAB), em Salvador.\u00a0<\/p>\n\n\n\n<p>A a\u00e7\u00e3o tem origem proveniente de emendas parlamentares, proposta pelo deputado federal Pastor Sargento Isid\u00f3rio (Avante), e conta tamb\u00e9m com parceria do Minist\u00e9rio do Desenvolvimento e Assist\u00eancia Social, Fam\u00edlia e Combate \u00e0 Fome (MDS). Al\u00e9m dos ve\u00edculos, m\u00e1quinas de lavar e secar e kits de prote\u00e7\u00e3o individual foram entregues \u00e0s Unidades de Acolhimento, para aprimorar o atendimento social \u00e0s fam\u00edlias, v\u00edtimas de viol\u00eancia ou viola\u00e7\u00e3o de direitos. O investimento totaliza R$ 1,9 milh\u00e3o, com cada unidade de assist\u00eancia recebendo recursos equivalentes a R$ 102 mil. A entrega dos ve\u00edculos contempla 12 Centros de Refer\u00eancia Especializados de Assist\u00eancia Social (Creas), de 12 munic\u00edpios e sete Unidades Regionais\/Abrigo Institucional para Crian\u00e7as e Adolescentes, coordenadas pela Secretaria de Assist\u00eancia e Desenvolvimento Social (Seades).<\/p>\n\n\n\n<p>Durante a solenidade, Jer\u00f4nimo destacou a import\u00e2ncia das entregas para proporcionar um melhor atendimento no aux\u00edlio ao trabalho social com fam\u00edlias que enfrentam situa\u00e7\u00f5es adversas e reafirmou seu compromisso com a assist\u00eancia social de outras cidades baianas. \u201cEu me comprometi a buscar or\u00e7amento para ampliar as a\u00e7\u00f5es. \u00c9 muito importante a parceria com as prefeituras, com o conselho de gestores municipais de assist\u00eancia social e tamb\u00e9m com as c\u00e2maras de vereadores e movimentos sociais do segmento. O objetivo \u00e9 fortalecer a aten\u00e7\u00e3o \u00e0s crian\u00e7as e aos adolescentes, mas tamb\u00e9m a pessoas idosas e com defici\u00eancias\u201d.<\/p>\n\n\n\n<p>Ao todo, 56 munic\u00edpios baianos foram beneficiados com a a\u00e7\u00e3o, por meio das unidades do Creas em Candeias, Sobradinho, Carinhanha, Caetit\u00e9, Nova Cana\u00e3, Dias D\u2019\u00c0vila, Jo\u00e3o Dourado, Santa B\u00e1rbara, Tanha\u00e7u, Mairi, Lauro de Freitas e Botupor\u00e3. Os Centros de Refer\u00eancia desempenham um papel crucial na oferta de servi\u00e7os especializados a indiv\u00edduos e fam\u00edlias em situa\u00e7\u00e3o de vulnerabilidade e risco social, visando \u00e0 preven\u00e7\u00e3o e enfrentamento de viola\u00e7\u00f5es de direitos. Paralelamente, outras sete Unidades de Acolhimento Regional para Crian\u00e7as e Adolescentes em Wenceslau Guimar\u00e3es, Amargosa, Nazar\u00e9, Mundo Novo, Piritiba, Seabra e Itanh\u00e9m tamb\u00e9m receberam um ve\u00edculo, cada.&nbsp;<\/p>\n\n\n\n<p>Os Creas na Bahia totalizam 255 unidades que desempenham um papel fundamental no atendimento \u00e0s fam\u00edlias e \u00e0s pessoas em situa\u00e7\u00f5es de viola\u00e7\u00f5es de direitos. J\u00e1 as Unidades de Acolhimento Regional para Crian\u00e7as e Adolescentes oferecem acolhimento provis\u00f3rio a jovens afastados do conv\u00edvio familiar, por meio de medida protetiva aplicada por autoridade judicial.<\/p>\n\n\n\n<p>ivansilvanoticia<\/p>\n","protected":false},"excerpt":{"rendered":"<p>O governador Jer\u00f4nimo Rodrigues (PT) entregou, na \u00faltima ter\u00e7a-feira (9), ve\u00edculos para o fortalecimento da rede de prote\u00e7\u00e3o social em 19 munic\u00edpios baianos. A solenidade, que contou ainda com a presen\u00e7a da secret\u00e1ria Estadual de Assist\u00eancia e Desenvolvimento Social, Fabya Reis, prefeitos e representantes da assist\u00eancia social das cidades contempladas, foi realizada \u00a0no Centro Administrativo [&hellip;]<\/p>\n","protected":false},"author":2,"featured_media":6404,"comment_status":"open","ping_status":"open","sticky":false,"template":"","format":"standard","meta":{"_jetpack_memberships_contains_paid_content":false,"footnotes":""},"categories":[46],"tags":[],"class_list":["post-6402","post","type-post","status-publish","format-standard","has-post-thumbnail","hentry","category-noticia"],"aioseo_notices":[],"jetpack_featured_media_url":"https:\/\/i0.wp.com\/minutobahia24h.com.br\/wp-content\/uploads\/2024\/01\/Sem-titulo-116.jpg?fit=1024%2C683&ssl=1","jetpack_sharing_enabled":true,"_links":{"self":[{"href":"https:\/\/minutobahia24h.com.br\/index.php?rest_route=\/wp\/v2\/posts\/6402","targetHints":{"allow":["GET"]}}],"collection":[{"href":"https:\/\/minutobahia24h.com.br\/index.php?rest_route=\/wp\/v2\/posts"}],"about":[{"href":"https:\/\/minutobahia24h.com.br\/index.php?rest_route=\/wp\/v2\/types\/post"}],"author":[{"embeddable":true,"href":"https:\/\/minutobahia24h.com.br\/index.php?rest_route=\/wp\/v2\/users\/2"}],"replies":[{"embeddable":true,"href":"https:\/\/minutobahia24h.com.br\/index.php?rest_route=%2Fwp%2Fv2%2Fcomments&post=6402"}],"version-history":[{"count":1,"href":"https:\/\/minutobahia24h.com.br\/index.php?rest_route=\/wp\/v2\/posts\/6402\/revisions"}],"predecessor-version":[{"id":6405,"href":"https:\/\/minutobahia24h.com.br\/index.php?rest_route=\/wp\/v2\/posts\/6402\/revisions\/6405"}],"wp:featuredmedia":[{"embeddable":true,"href":"https:\/\/minutobahia24h.com.br\/index.php?rest_route=\/wp\/v2\/media\/6404"}],"wp:attachment":[{"href":"https:\/\/minutobahia24h.com.br\/index.php?rest_route=%2Fwp%2Fv2%2Fmedia&parent=6402"}],"wp:term":[{"taxonomy":"category","embeddable":true,"href":"https:\/\/minutobahia24h.com.br\/index.php?rest_route=%2Fwp%2Fv2%2Fcategories&post=6402"},{"taxonomy":"post_tag","embeddable":true,"href":"https:\/\/minutobahia24h.com.br\/index.php?rest_route=%2Fwp%2Fv2%2Ftags&post=6402"}],"curies":[{"name":"wp","href":"https:\/\/api.w.org\/{rel}","templated":true}]}}