{"id":6398,"date":"2024-01-11T07:18:12","date_gmt":"2024-01-11T10:18:12","guid":{"rendered":"https:\/\/minutobahia24h.com.br\/?p=6398"},"modified":"2024-01-11T07:18:13","modified_gmt":"2024-01-11T10:18:13","slug":"posse-dos-conselheiros-tutelares-de-itiuba","status":"publish","type":"post","link":"https:\/\/minutobahia24h.com.br\/?p=6398","title":{"rendered":"Posse dos conselheiros tutelares de Iti\u00faba"},"content":{"rendered":"<div class=\"wp-block-image\">\n<figure class=\"aligncenter size-full\"><img data-recalc-dims=\"1\" fetchpriority=\"high\" decoding=\"async\" width=\"638\" height=\"423\" src=\"https:\/\/i0.wp.com\/minutobahia24h.com.br\/wp-content\/uploads\/2024\/01\/Sem-titulo-115.jpg?resize=638%2C423&#038;ssl=1\" alt=\"\" class=\"wp-image-6400\" srcset=\"https:\/\/i0.wp.com\/minutobahia24h.com.br\/wp-content\/uploads\/2024\/01\/Sem-titulo-115.jpg?w=638&amp;ssl=1 638w, https:\/\/i0.wp.com\/minutobahia24h.com.br\/wp-content\/uploads\/2024\/01\/Sem-titulo-115.jpg?resize=300%2C199&amp;ssl=1 300w\" sizes=\"(max-width: 638px) 100vw, 638px\" \/><\/figure>\n<\/div>\n\n\n<p>Na manh\u00e3 de hoje, 10 de janeiro, aconteceu a solenidade de posse dos novos conselheiros tutelares. O evento foi realizado na C\u00e2mara Municipal de Vereadores, para a oficializa\u00e7\u00e3o dos cinco novos membros que agora desempenhar\u00e3o importantes fun\u00e7\u00f5es na prote\u00e7\u00e3o e defesa dos direitos das crian\u00e7as e adolescentes no munic\u00edpio.<\/p>\n\n\n\n<p>A cerim\u00f4nia de posse contou com a presen\u00e7a do Prefeito Z\u00e9 do R\u00e1dio, que expressou seu apoio e reconhecimento \u00e0 relev\u00e2ncia do trabalho desempenhado pelos conselheiros tutelares. A Vice-prefeita Cristina Maia tamb\u00e9m marcou presen\u00e7a, refor\u00e7ando o compromisso da administra\u00e7\u00e3o municipal em fortalecer as pol\u00edticas p\u00fablicas voltadas para a inf\u00e2ncia e juventude.<\/p>\n\n\n\n<p>Al\u00e9m das autoridades do poder executivo, o evento teve a participa\u00e7\u00e3o de secret\u00e1rios e demais representantes do governo local. A presen\u00e7a de membros do legislativo evidenciou a integra\u00e7\u00e3o entre os poderes na busca por a\u00e7\u00f5es efetivas em prol do bem-estar das crian\u00e7as e adolescentes de Iti\u00faba.<\/p>\n\n\n\n<p>O comprometimento conjunto entre poder executivo, legislativo e sociedade civil destaca-se como uma base s\u00f3lida para o fortalecimento das pol\u00edticas p\u00fablicas voltadas para a inf\u00e2ncia e adolesc\u00eancia em Iti\u00faba. A posse dos novos conselheiros tutelares marca a continuidade do compromisso com comunidade local com o bem-estar das futuras gera\u00e7\u00f5es.\u00a0<\/p>\n\n\n\n<p>blogdonettomaravilha<\/p>\n","protected":false},"excerpt":{"rendered":"<p>Na manh\u00e3 de hoje, 10 de janeiro, aconteceu a solenidade de posse dos novos conselheiros tutelares. O evento foi realizado na C\u00e2mara Municipal de Vereadores, para a oficializa\u00e7\u00e3o dos cinco novos membros que agora desempenhar\u00e3o importantes fun\u00e7\u00f5es na prote\u00e7\u00e3o e defesa dos direitos das crian\u00e7as e adolescentes no munic\u00edpio. A cerim\u00f4nia de posse contou com [&hellip;]<\/p>\n","protected":false},"author":2,"featured_media":6400,"comment_status":"open","ping_status":"open","sticky":false,"template":"","format":"standard","meta":{"_jetpack_memberships_contains_paid_content":false,"footnotes":""},"categories":[37],"tags":[],"class_list":["post-6398","post","type-post","status-publish","format-standard","has-post-thumbnail","hentry","category-itiuba"],"aioseo_notices":[],"jetpack_featured_media_url":"https:\/\/i0.wp.com\/minutobahia24h.com.br\/wp-content\/uploads\/2024\/01\/Sem-titulo-115.jpg?fit=638%2C423&ssl=1","jetpack_sharing_enabled":true,"_links":{"self":[{"href":"https:\/\/minutobahia24h.com.br\/index.php?rest_route=\/wp\/v2\/posts\/6398","targetHints":{"allow":["GET"]}}],"collection":[{"href":"https:\/\/minutobahia24h.com.br\/index.php?rest_route=\/wp\/v2\/posts"}],"about":[{"href":"https:\/\/minutobahia24h.com.br\/index.php?rest_route=\/wp\/v2\/types\/post"}],"author":[{"embeddable":true,"href":"https:\/\/minutobahia24h.com.br\/index.php?rest_route=\/wp\/v2\/users\/2"}],"replies":[{"embeddable":true,"href":"https:\/\/minutobahia24h.com.br\/index.php?rest_route=%2Fwp%2Fv2%2Fcomments&post=6398"}],"version-history":[{"count":1,"href":"https:\/\/minutobahia24h.com.br\/index.php?rest_route=\/wp\/v2\/posts\/6398\/revisions"}],"predecessor-version":[{"id":6401,"href":"https:\/\/minutobahia24h.com.br\/index.php?rest_route=\/wp\/v2\/posts\/6398\/revisions\/6401"}],"wp:featuredmedia":[{"embeddable":true,"href":"https:\/\/minutobahia24h.com.br\/index.php?rest_route=\/wp\/v2\/media\/6400"}],"wp:attachment":[{"href":"https:\/\/minutobahia24h.com.br\/index.php?rest_route=%2Fwp%2Fv2%2Fmedia&parent=6398"}],"wp:term":[{"taxonomy":"category","embeddable":true,"href":"https:\/\/minutobahia24h.com.br\/index.php?rest_route=%2Fwp%2Fv2%2Fcategories&post=6398"},{"taxonomy":"post_tag","embeddable":true,"href":"https:\/\/minutobahia24h.com.br\/index.php?rest_route=%2Fwp%2Fv2%2Ftags&post=6398"}],"curies":[{"name":"wp","href":"https:\/\/api.w.org\/{rel}","templated":true}]}}