{"id":6350,"date":"2024-01-10T07:36:17","date_gmt":"2024-01-10T10:36:17","guid":{"rendered":"https:\/\/minutobahia24h.com.br\/?p=6350"},"modified":"2024-01-10T07:36:18","modified_gmt":"2024-01-10T10:36:18","slug":"desembargador-poe-em-duvida-planos-de-ataque-a-moraes-e-quer-ministro-fora-de-acoes","status":"publish","type":"post","link":"https:\/\/minutobahia24h.com.br\/?p=6350","title":{"rendered":"Desembargador p\u00f5e em d\u00favida planos de ataque a Moraes e quer ministro fora de a\u00e7\u00f5es"},"content":{"rendered":"<div class=\"wp-block-image\">\n<figure class=\"aligncenter size-full\"><img data-recalc-dims=\"1\" fetchpriority=\"high\" decoding=\"async\" width=\"784\" height=\"591\" src=\"https:\/\/i0.wp.com\/minutobahia24h.com.br\/wp-content\/uploads\/2024\/01\/Sem-titulo-103.jpg?resize=784%2C591&#038;ssl=1\" alt=\"\" class=\"wp-image-6352\" srcset=\"https:\/\/i0.wp.com\/minutobahia24h.com.br\/wp-content\/uploads\/2024\/01\/Sem-titulo-103.jpg?w=784&amp;ssl=1 784w, https:\/\/i0.wp.com\/minutobahia24h.com.br\/wp-content\/uploads\/2024\/01\/Sem-titulo-103.jpg?resize=300%2C226&amp;ssl=1 300w, https:\/\/i0.wp.com\/minutobahia24h.com.br\/wp-content\/uploads\/2024\/01\/Sem-titulo-103.jpg?resize=768%2C579&amp;ssl=1 768w, https:\/\/i0.wp.com\/minutobahia24h.com.br\/wp-content\/uploads\/2024\/01\/Sem-titulo-103.jpg?resize=750%2C565&amp;ssl=1 750w\" sizes=\"(max-width: 784px) 100vw, 784px\" \/><\/figure>\n<\/div>\n\n\n<p>O desembargador Sebasti\u00e3o Coelho, aposentado do Tribunal de Justi\u00e7a do Distrito Federal, defendeu que o ministro Alexandre de Moraes, do Supremo Tribunal Federal (STF), deixe a relatoria das investiga\u00e7\u00f5es e a\u00e7\u00f5es penais do 8 de Janeiro e amea\u00e7ou: \u201cSe n\u00e3o sair, ministro, n\u00f3s vamos lhe retirar\u201d.<\/p>\n\n\n\n<p>Sebasti\u00e3o Coelho defendeu o primeiro r\u00e9u condenado pelo STF pela invas\u00e3o e depreda\u00e7\u00e3o dos pr\u00e9dios p\u00fablicos na Pra\u00e7a dos Tr\u00eas Poderes. Ele pr\u00f3prio \u00e9 investigado pelo Conselho Nacional de Justi\u00e7a (CNJ) por suspeita de incentivar e financiar os protestos violentos.<\/p>\n\n\n\n<p>O magistrado aposentado colocou em d\u00favida as revela\u00e7\u00f5es do ministro Alexandre de Moraes sobre planos articulados pelos golpistas nas redes sociais para execut\u00e1-lo.<\/p>\n\n\n\n<p>\u201cO senhor s\u00f3 pode ser enforcado por sua pr\u00f3pria l\u00edngua, pelo que o senhor fala toda hora. O senhor vai apertando a corda no seu pesco\u00e7o pelo que o senhor fala todos os dias. Isso pode acontecer. Agora, pelas pessoas, duvido\u201d, disparou o desembargador em uma transmiss\u00e3o ao vivo nas redes sociais. \u201cIsso tem que ter consequ\u00eancia no \u00e2mbito institucional, no \u00e2mbito pol\u00edtico. Se essa afirma\u00e7\u00e3o n\u00e3o for verdadeira, o ministro perde toda a credibilidade\u201d.<\/p>\n\n\n\n<p>De acordo com Moraes, bolsonaristas radicais teriam planejado diferentes roteiros para prend\u00ea-lo e at\u00e9 mat\u00e1-lo. O ministro se tornou um dos alvos preferenciais dos apoiadores do ex-presidente Jair Bolsonaro no STF, por conduzir investiga\u00e7\u00f5es sens\u00edveis \u00e0 sua base de apoio. Moraes afirmou que at\u00e9 a Ag\u00eancia Brasileira de Intelig\u00eancia (Abin) teria sido usada para \u201cmonitorar\u201d seus passos.<\/p>\n\n\n\n<p>Sebasti\u00e3o Coelho argumentou ainda que, se as amea\u00e7as forem verdadeiras, o ministro deveria se declarar suspeito para conduzir os inqu\u00e9ritos e julgar os golpistas.<\/p>\n\n\n\n<p>\u201cSe esse fato for verdadeiro, ele \u00e9 uma v\u00edtima, ent\u00e3o ele \u00e9 parte do processo, ele n\u00e3o pode ser o julgador\u201d, argumentou. \u201cEu paro por aqui, mas com a expectativa de que o senhor Alexandre de Moraes saia do processo. Se n\u00e3o sair, ministro, n\u00f3s vamos lhe retirar. Entenda que n\u00f3s vamos lhe retirar, de uma forma\u2026 O senhor vai sair desse processo, creia nisso\u201d.<\/p>\n\n\n\n<p>Advogados dos r\u00e9us do 8 de Janeiro articulam uma ofensiva judicial para tentar anular todos os processos, justamente com base no argumento de que Moraes \u00e9 suspeito para conduzir as investiga\u00e7\u00f5es. A chance de a iniciativa prosperar no STF \u00e9 quase nula. A maioria dos ministros j\u00e1 assentou a compet\u00eancia de Alexandre de Moraes para tocar as a\u00e7\u00f5es penais.<\/p>\n\n\n\n<p>Quando ainda era desembargador, Sebasti\u00e3o Coelho criticou publicamente Alexandre de Moraes, a quem acusou de \u201cinflamar\u201d o clima pol\u00edtico do Pa\u00eds. Ele pediu aposentadoria em setembro do ano passado como uma esp\u00e9cie de protesto ao comportamento do ministro.<\/p>\n\n\n\n<p>Moraes havia rec\u00e9m-assumido a presid\u00eancia do Tribunal Superior Eleitoral (TSE) e, na posse, diante do ent\u00e3o presidente Jair Bolsonaro, fez um discurso duro em defesa da Justi\u00e7a Eleitoral, da legitimidade das urnas e da democracia. O desembargador, que estava no evento, afirmou que o ministro fez uma \u201cdeclara\u00e7\u00e3o de guerra\u201d.<\/p>\n\n\n\n<p>\u201cO que eu vi, ao meu sentir, o eminente ministro Alexandre de Moraes fez uma declara\u00e7\u00e3o de guerra ao pa\u00eds. O seu discurso \u00e9 um discurso que inflama, \u00e9 um discurso que n\u00e3o agrega, e eu n\u00e3o quero participar disso\u201d, criticou \u00e0 \u00e9poca.<\/p>\n\n\n\n<p>Em 20 de novembro do ano passado, no acampamento montado por bolsonaristas em frente ao QG do Ex\u00e9rcito, em Bras\u00edlia, ele voltou a rivalizar com o ministro. O desembargador aposentado afirmou que Moraes \u201cn\u00e3o respeita a Constitui\u00e7\u00e3o\u201d e chegou a defender sua pris\u00e3o.<\/p>\n\n\n\n<p>\u201cH\u00e1 muito ele vem cometendo crimes e a Constitui\u00e7\u00e3o Federal diz que a pris\u00e3o s\u00f3 pode ocorrer por ordem escrita de autoridade judici\u00e1ria, ou seja, de um juiz, ou em flagrante delito. Pois bem. Os crimes praticados por Alexandre de Moraes est\u00e3o sendo cometidos com as suas decis\u00f5es. No momento que as decis\u00f5es dele est\u00e3o em vigor, o crime est\u00e1 acontecendo. Portanto ele est\u00e1 em estado de flagrante delito\u201d, afirmou na ocasi\u00e3o.<\/p>\n\n\n\n<p>politicalivre<\/p>\n","protected":false},"excerpt":{"rendered":"<p>O desembargador Sebasti\u00e3o Coelho, aposentado do Tribunal de Justi\u00e7a do Distrito Federal, defendeu que o ministro Alexandre de Moraes, do Supremo Tribunal Federal (STF), deixe a relatoria das investiga\u00e7\u00f5es e a\u00e7\u00f5es penais do 8 de Janeiro e amea\u00e7ou: \u201cSe n\u00e3o sair, ministro, n\u00f3s vamos lhe retirar\u201d. Sebasti\u00e3o Coelho defendeu o primeiro r\u00e9u condenado pelo STF [&hellip;]<\/p>\n","protected":false},"author":2,"featured_media":6352,"comment_status":"open","ping_status":"open","sticky":false,"template":"","format":"standard","meta":{"_jetpack_memberships_contains_paid_content":false,"footnotes":""},"categories":[2],"tags":[],"class_list":["post-6350","post","type-post","status-publish","format-standard","has-post-thumbnail","hentry","category-nacional"],"aioseo_notices":[],"jetpack_featured_media_url":"https:\/\/i0.wp.com\/minutobahia24h.com.br\/wp-content\/uploads\/2024\/01\/Sem-titulo-103.jpg?fit=784%2C591&ssl=1","jetpack_sharing_enabled":true,"_links":{"self":[{"href":"https:\/\/minutobahia24h.com.br\/index.php?rest_route=\/wp\/v2\/posts\/6350","targetHints":{"allow":["GET"]}}],"collection":[{"href":"https:\/\/minutobahia24h.com.br\/index.php?rest_route=\/wp\/v2\/posts"}],"about":[{"href":"https:\/\/minutobahia24h.com.br\/index.php?rest_route=\/wp\/v2\/types\/post"}],"author":[{"embeddable":true,"href":"https:\/\/minutobahia24h.com.br\/index.php?rest_route=\/wp\/v2\/users\/2"}],"replies":[{"embeddable":true,"href":"https:\/\/minutobahia24h.com.br\/index.php?rest_route=%2Fwp%2Fv2%2Fcomments&post=6350"}],"version-history":[{"count":1,"href":"https:\/\/minutobahia24h.com.br\/index.php?rest_route=\/wp\/v2\/posts\/6350\/revisions"}],"predecessor-version":[{"id":6353,"href":"https:\/\/minutobahia24h.com.br\/index.php?rest_route=\/wp\/v2\/posts\/6350\/revisions\/6353"}],"wp:featuredmedia":[{"embeddable":true,"href":"https:\/\/minutobahia24h.com.br\/index.php?rest_route=\/wp\/v2\/media\/6352"}],"wp:attachment":[{"href":"https:\/\/minutobahia24h.com.br\/index.php?rest_route=%2Fwp%2Fv2%2Fmedia&parent=6350"}],"wp:term":[{"taxonomy":"category","embeddable":true,"href":"https:\/\/minutobahia24h.com.br\/index.php?rest_route=%2Fwp%2Fv2%2Fcategories&post=6350"},{"taxonomy":"post_tag","embeddable":true,"href":"https:\/\/minutobahia24h.com.br\/index.php?rest_route=%2Fwp%2Fv2%2Ftags&post=6350"}],"curies":[{"name":"wp","href":"https:\/\/api.w.org\/{rel}","templated":true}]}}