{"id":634,"date":"2023-09-14T11:14:50","date_gmt":"2023-09-14T14:14:50","guid":{"rendered":"https:\/\/minutobahia24h.com.br\/?p=634"},"modified":"2023-09-14T11:14:50","modified_gmt":"2023-09-14T14:14:50","slug":"apos-chuva-agua-invade-casas-em-porto-alegre-e-moradores-precisam-ser-resgatados-de-bote","status":"publish","type":"post","link":"https:\/\/minutobahia24h.com.br\/?p=634","title":{"rendered":"Ap\u00f3s chuva, \u00e1gua invade casas em Porto Alegre e moradores precisam ser resgatados de bote"},"content":{"rendered":"\n<p>A chuva que atinge&nbsp;<a class=\"\" href=\"https:\/\/g1.globo.com\/rs\/rio-grande-do-sul\/cidade\/porto-alegre\/\">Porto Alegre<\/a>&nbsp;e outras cidades do Rio Grande do Sul&nbsp;<a class=\"\" href=\"https:\/\/g1.globo.com\/rs\/rio-grande-do-sul\/noticia\/2023\/09\/13\/cidades-do-rs-tem-transtorno-com-dia-de-chuvas-intensas.ghtml\">causa transtornos e alagamentos desde a manh\u00e3 de quarta-feira (13)<\/a>. Na capital do RS,&nbsp;<strong>pelo menos cinco riachos transbordaram, e a \u00e1gua invadiu ruas e casas<\/strong>&nbsp;na madrugada desta quinta. Na Zona Sul da cidade,&nbsp;<strong>moradores precisaram ser resgatados em botes pelo Corpo de Bombeiros<\/strong>.<\/p>\n\n\n\n<blockquote class=\"wp-block-quote is-layout-flow wp-block-quote-is-layout-flow\">\n<p>&#8220;\u00c9 horr\u00edvel. Tu olha para a rua, acha que [a \u00e1gua] n\u00e3o vai vir, mas vem e tu tem que sair correndo&#8221;, conta a empres\u00e1ria Bruna Trajano, que precisou sair de casa durante a noite.<\/p>\n<\/blockquote>\n\n\n\n<figure class=\"wp-block-image\"><img data-recalc-dims=\"1\" decoding=\"async\" src=\"https:\/\/i0.wp.com\/s2-g1.glbimg.com\/ne8N5B5iNoQcO9x42VBmoEjP71Q%3D\/0x0%3A1920x1080\/984x0\/smart\/filters%3Astrip_icc%28%29\/i.s3.glbimg.com\/v1\/AUTH_59edd422c0c84a879bd37670ae4f538a\/internal_photos\/bs\/2023\/H\/y\/2eReCzRvSJPXhEAeJSAg\/bom-dia-rio-grande-limpo-bdrg-1409-frame-26427.jpg?w=800&#038;ssl=1\" alt=\"\u00c1gua do Gua\u00edba tomou conta das ruas e gerou ondas \u2014 Foto: Reprodu\u00e7\u00e3o\/RBS TV\"\/><\/figure>\n\n\n\n<p>\u00c1gua do Gua\u00edba tomou conta das ruas e gerou ondas \u2014 Foto: Reprodu\u00e7\u00e3o\/RBS TV<\/p>\n\n\n\n<p>Bombeiros bateram de casa em casa para avisar as pessoas do perigo, averiguar a situa\u00e7\u00e3o das casas e oferecer ajuda.<\/p>\n\n\n\n<p>Uma das regi\u00f5es mais vulner\u00e1veis de Porto Alegre \u00e9 a Regi\u00e3o das Ilhas,&nbsp;que fica em risco por conta das cheias do Rio Gua\u00edba. Em alguns casos, a \u00e1gua invadiu as casas e ofereceu perigo aos moradores.<\/p>\n\n\n<div class=\"wp-block-image\">\n<figure class=\"aligncenter size-full\"><img data-recalc-dims=\"1\" fetchpriority=\"high\" decoding=\"async\" width=\"800\" height=\"480\" src=\"https:\/\/i0.wp.com\/minutobahia24h.com.br\/wp-content\/uploads\/2023\/09\/Sem-titulo-9.jpg?resize=800%2C480&#038;ssl=1\" alt=\"\" class=\"wp-image-636\" srcset=\"https:\/\/i0.wp.com\/minutobahia24h.com.br\/wp-content\/uploads\/2023\/09\/Sem-titulo-9.jpg?w=984&amp;ssl=1 984w, https:\/\/i0.wp.com\/minutobahia24h.com.br\/wp-content\/uploads\/2023\/09\/Sem-titulo-9.jpg?resize=300%2C180&amp;ssl=1 300w, https:\/\/i0.wp.com\/minutobahia24h.com.br\/wp-content\/uploads\/2023\/09\/Sem-titulo-9.jpg?resize=768%2C460&amp;ssl=1 768w, https:\/\/i0.wp.com\/minutobahia24h.com.br\/wp-content\/uploads\/2023\/09\/Sem-titulo-9.jpg?resize=750%2C450&amp;ssl=1 750w\" sizes=\"(max-width: 800px) 100vw, 800px\" \/><figcaption class=\"wp-element-caption\">Pessoas precisaram ser resgatadas de bote em Porto Alegre durante enchente \u2014 Foto: Reprodu\u00e7\u00e3o\/RBS TV<\/figcaption><\/figure>\n<\/div>\n\n\n<h2 class=\"wp-block-heading\">Regi\u00e3o Metropolitana<\/h2>\n\n\n\n<p>Na Regi\u00e3o Metropolitana, a Defesa Civil monitora o n\u00edvel dos riachos e do Rio Gravata\u00ed. Pelo menos 30 pessoas precisaram deixar suas casas em Gravata\u00ed at\u00e9 as 20h de ter\u00e7a, j\u00e1 que vivem em \u00e1reas de risco.<\/p>\n\n\n\n<p>Elas foram levadas a uma escola do munic\u00edpio e receberam alimentos, agasalhos, colch\u00f5es e cobertores para passar a noite. Ainda n\u00e3o h\u00e1 previs\u00e3o para que elas voltem para casa.<\/p>\n\n\n\n<p>&#8220;Sa\u00ed de l\u00e1 de barco, n\u00e3o tenho para onde ir&#8221;, contou a auxiliar de servi\u00e7os gerais Ros\u00e2ngela Lopes.<\/p>\n\n\n\n<figure class=\"wp-block-image\"><img data-recalc-dims=\"1\" decoding=\"async\" src=\"https:\/\/i0.wp.com\/s2-g1.glbimg.com\/Z2mSXYQtJGtzBb2G5e5qbo5zqzQ%3D\/0x0%3A1920x1080\/984x0\/smart\/filters%3Astrip_icc%28%29\/i.s3.glbimg.com\/v1\/AUTH_59edd422c0c84a879bd37670ae4f538a\/internal_photos\/bs\/2023\/C\/Y\/lpQZXLSbeqI11ddh7eOA\/bom-dia-rio-grande-limpo-bdrg-1409-frame-32168.jpg?w=800&#038;ssl=1\" alt=\"Ruas ficaram alagadas ap\u00f3s chuva em Porto Alegre \u2014 Foto: Reprodu\u00e7\u00e3o\/RBS TV\"\/><\/figure>\n\n\n\n<p>Ruas ficaram alagadas ap\u00f3s chuva em Porto Alegre \u2014 Foto: Reprodu\u00e7\u00e3o\/RBS TV<\/p>\n\n\n\n<h2 class=\"wp-block-heading\">Aulas suspensas<\/h2>\n\n\n\n<p>Em Cachoeirinha, mais de 200 pessoas tiveram que sair de casa. A prefeitura da cidade cancelou as aulas. Em Alvorada, Arambar\u00e9, Cap\u00e3o do Le\u00e3o, Cangulu, S\u00e3o Vicente do Sul, Rio Grande, Cachoeira do Sul, Rio Pardo e na Ilha das Flores, em Porto Alegre, as aulas tamb\u00e9m foram suspensas.<\/p>\n\n\n\n<figure class=\"wp-block-image\"><img data-recalc-dims=\"1\" decoding=\"async\" src=\"https:\/\/i0.wp.com\/s2-g1.glbimg.com\/kp1zsNmpp14-lUawRBzToz_ziEg%3D\/0x0%3A1920x1080\/984x0\/smart\/filters%3Astrip_icc%28%29\/i.s3.glbimg.com\/v1\/AUTH_59edd422c0c84a879bd37670ae4f538a\/internal_photos\/bs\/2023\/J\/v\/74dCcNTySGK4VjcRSm4w\/bom-dia-rio-grande-limpo-bdrg-1409-frame-79464.jpg?w=800&#038;ssl=1\" alt=\"Ruas de Porto Alegre e da Regi\u00e3o Metropolitana ficaram alagadas ap\u00f3s chuva \u2014 Foto: Reprodu\u00e7\u00e3o\/RBS TV\"\/><\/figure>\n\n\n\n<p>Ruas de Porto Alegre e da Regi\u00e3o Metropolitana ficaram alagadas ap\u00f3s chuva \u2014 Foto: Reprodu\u00e7\u00e3o\/RBS TV<\/p>\n\n\n\n<p>G1<\/p>\n","protected":false},"excerpt":{"rendered":"<p>A chuva que atinge&nbsp;Porto Alegre&nbsp;e outras cidades do Rio Grande do Sul&nbsp;causa transtornos e alagamentos desde a manh\u00e3 de quarta-feira (13). Na capital do RS,&nbsp;pelo menos cinco riachos transbordaram, e a \u00e1gua invadiu ruas e casas&nbsp;na madrugada desta quinta. Na Zona Sul da cidade,&nbsp;moradores precisaram ser resgatados em botes pelo Corpo de Bombeiros. &#8220;\u00c9 horr\u00edvel. [&hellip;]<\/p>\n","protected":false},"author":2,"featured_media":636,"comment_status":"open","ping_status":"open","sticky":false,"template":"","format":"standard","meta":{"_jetpack_memberships_contains_paid_content":false,"footnotes":""},"categories":[2],"tags":[],"class_list":["post-634","post","type-post","status-publish","format-standard","has-post-thumbnail","hentry","category-nacional"],"aioseo_notices":[],"jetpack_featured_media_url":"https:\/\/i0.wp.com\/minutobahia24h.com.br\/wp-content\/uploads\/2023\/09\/Sem-titulo-9.jpg?fit=984%2C590&ssl=1","jetpack_sharing_enabled":true,"_links":{"self":[{"href":"https:\/\/minutobahia24h.com.br\/index.php?rest_route=\/wp\/v2\/posts\/634","targetHints":{"allow":["GET"]}}],"collection":[{"href":"https:\/\/minutobahia24h.com.br\/index.php?rest_route=\/wp\/v2\/posts"}],"about":[{"href":"https:\/\/minutobahia24h.com.br\/index.php?rest_route=\/wp\/v2\/types\/post"}],"author":[{"embeddable":true,"href":"https:\/\/minutobahia24h.com.br\/index.php?rest_route=\/wp\/v2\/users\/2"}],"replies":[{"embeddable":true,"href":"https:\/\/minutobahia24h.com.br\/index.php?rest_route=%2Fwp%2Fv2%2Fcomments&post=634"}],"version-history":[{"count":1,"href":"https:\/\/minutobahia24h.com.br\/index.php?rest_route=\/wp\/v2\/posts\/634\/revisions"}],"predecessor-version":[{"id":637,"href":"https:\/\/minutobahia24h.com.br\/index.php?rest_route=\/wp\/v2\/posts\/634\/revisions\/637"}],"wp:featuredmedia":[{"embeddable":true,"href":"https:\/\/minutobahia24h.com.br\/index.php?rest_route=\/wp\/v2\/media\/636"}],"wp:attachment":[{"href":"https:\/\/minutobahia24h.com.br\/index.php?rest_route=%2Fwp%2Fv2%2Fmedia&parent=634"}],"wp:term":[{"taxonomy":"category","embeddable":true,"href":"https:\/\/minutobahia24h.com.br\/index.php?rest_route=%2Fwp%2Fv2%2Fcategories&post=634"},{"taxonomy":"post_tag","embeddable":true,"href":"https:\/\/minutobahia24h.com.br\/index.php?rest_route=%2Fwp%2Fv2%2Ftags&post=634"}],"curies":[{"name":"wp","href":"https:\/\/api.w.org\/{rel}","templated":true}]}}