{"id":6226,"date":"2024-01-08T13:19:09","date_gmt":"2024-01-08T16:19:09","guid":{"rendered":"https:\/\/minutobahia24h.com.br\/?p=6226"},"modified":"2024-01-08T13:19:10","modified_gmt":"2024-01-08T16:19:10","slug":"operacao-lesa-patria-pf-cumpre-mandado-de-prisao-contra-empresario-baiano","status":"publish","type":"post","link":"https:\/\/minutobahia24h.com.br\/?p=6226","title":{"rendered":"Opera\u00e7\u00e3o Lesa P\u00e1tria: PF cumpre mandado de pris\u00e3o contra empres\u00e1rio baiano"},"content":{"rendered":"<div class=\"wp-block-image\">\n<figure class=\"aligncenter size-full\"><img data-recalc-dims=\"1\" fetchpriority=\"high\" decoding=\"async\" width=\"600\" height=\"419\" src=\"https:\/\/i0.wp.com\/minutobahia24h.com.br\/wp-content\/uploads\/2024\/01\/Sem-titulo-73.jpg?resize=600%2C419&#038;ssl=1\" alt=\"\" class=\"wp-image-6228\" srcset=\"https:\/\/i0.wp.com\/minutobahia24h.com.br\/wp-content\/uploads\/2024\/01\/Sem-titulo-73.jpg?w=600&amp;ssl=1 600w, https:\/\/i0.wp.com\/minutobahia24h.com.br\/wp-content\/uploads\/2024\/01\/Sem-titulo-73.jpg?resize=300%2C210&amp;ssl=1 300w\" sizes=\"(max-width: 600px) 100vw, 600px\" \/><figcaption class=\"wp-element-caption\">Foto: Marcelo Camargo\/Ag\u00eancia Brasil<br><\/figcaption><\/figure>\n<\/div>\n\n\n<p>Um empres\u00e1rio baiano foi preso, nesta segunda-feira (8), em Salvador, durante dilig\u00eancias da Pol\u00edcia Federal (PF) em\u00a0<a href=\"https:\/\/bahia.ba\/politica\/pf-mira-financiadores-do-8-1-em-operacao-no-aniversario-de-1-ano-de-atos-golpistas\/\">mais uma fase da Opera\u00e7\u00e3o Lesa P\u00e1tria<\/a>, que desta vez mira financiadores dos atos golpistas contra as sedes dos Tr\u00eas Poderes, ocorridos h\u00e1 um ano em Bras\u00edlia.<\/p>\n\n\n\n<p>Conforme o G1, o suspeito foi identificado como Wagner Ferreira Filho, que teria pagado R$ 24 mil para fretar um \u00f4nibus para o transporte de manifestantes at\u00e9 o Distrito Federal. De acordo com apura\u00e7\u00e3o da TV Globo, os investigadores encontraram material gen\u00e9tico do empres\u00e1rio na esquadria de vidro do Sal\u00e3o Negro do Congresso Nacional.<\/p>\n\n\n\n<p>Al\u00e9m desta pris\u00e3o, a PF cumpriu no estado ainda dois mandados de busca e apreens\u00e3o, sendo um na capital e outro em Barreiras, no oeste baiano.<\/p>\n\n\n\n<p>A todo, a opera\u00e7\u00e3o visava cumprir 47 ordens judiciais: 46 mandados de busca e apreens\u00e3o e um mandado de pris\u00e3o preventiva. A PF mirou alvos tamb\u00e9m no Distrito Federal, Rio Grande do Sul, Mato Grosso, Goi\u00e1s, Minas Gerais, Maranh\u00e3o, Paran\u00e1, Rond\u00f4nia, S\u00e3o Paulo, Tocantins e Santa Catarina.<\/p>\n\n\n\n<p>Bahia.ba<\/p>\n","protected":false},"excerpt":{"rendered":"<p>Um empres\u00e1rio baiano foi preso, nesta segunda-feira (8), em Salvador, durante dilig\u00eancias da Pol\u00edcia Federal (PF) em\u00a0mais uma fase da Opera\u00e7\u00e3o Lesa P\u00e1tria, que desta vez mira financiadores dos atos golpistas contra as sedes dos Tr\u00eas Poderes, ocorridos h\u00e1 um ano em Bras\u00edlia. Conforme o G1, o suspeito foi identificado como Wagner Ferreira Filho, que [&hellip;]<\/p>\n","protected":false},"author":2,"featured_media":6228,"comment_status":"open","ping_status":"open","sticky":false,"template":"","format":"standard","meta":{"_jetpack_memberships_contains_paid_content":false,"footnotes":""},"categories":[2],"tags":[],"class_list":["post-6226","post","type-post","status-publish","format-standard","has-post-thumbnail","hentry","category-nacional"],"aioseo_notices":[],"jetpack_featured_media_url":"https:\/\/i0.wp.com\/minutobahia24h.com.br\/wp-content\/uploads\/2024\/01\/Sem-titulo-73.jpg?fit=600%2C419&ssl=1","jetpack_sharing_enabled":true,"_links":{"self":[{"href":"https:\/\/minutobahia24h.com.br\/index.php?rest_route=\/wp\/v2\/posts\/6226","targetHints":{"allow":["GET"]}}],"collection":[{"href":"https:\/\/minutobahia24h.com.br\/index.php?rest_route=\/wp\/v2\/posts"}],"about":[{"href":"https:\/\/minutobahia24h.com.br\/index.php?rest_route=\/wp\/v2\/types\/post"}],"author":[{"embeddable":true,"href":"https:\/\/minutobahia24h.com.br\/index.php?rest_route=\/wp\/v2\/users\/2"}],"replies":[{"embeddable":true,"href":"https:\/\/minutobahia24h.com.br\/index.php?rest_route=%2Fwp%2Fv2%2Fcomments&post=6226"}],"version-history":[{"count":1,"href":"https:\/\/minutobahia24h.com.br\/index.php?rest_route=\/wp\/v2\/posts\/6226\/revisions"}],"predecessor-version":[{"id":6229,"href":"https:\/\/minutobahia24h.com.br\/index.php?rest_route=\/wp\/v2\/posts\/6226\/revisions\/6229"}],"wp:featuredmedia":[{"embeddable":true,"href":"https:\/\/minutobahia24h.com.br\/index.php?rest_route=\/wp\/v2\/media\/6228"}],"wp:attachment":[{"href":"https:\/\/minutobahia24h.com.br\/index.php?rest_route=%2Fwp%2Fv2%2Fmedia&parent=6226"}],"wp:term":[{"taxonomy":"category","embeddable":true,"href":"https:\/\/minutobahia24h.com.br\/index.php?rest_route=%2Fwp%2Fv2%2Fcategories&post=6226"},{"taxonomy":"post_tag","embeddable":true,"href":"https:\/\/minutobahia24h.com.br\/index.php?rest_route=%2Fwp%2Fv2%2Ftags&post=6226"}],"curies":[{"name":"wp","href":"https:\/\/api.w.org\/{rel}","templated":true}]}}