{"id":6169,"date":"2024-01-08T07:30:11","date_gmt":"2024-01-08T10:30:11","guid":{"rendered":"https:\/\/minutobahia24h.com.br\/?p=6169"},"modified":"2024-01-08T07:30:12","modified_gmt":"2024-01-08T10:30:12","slug":"novo-10-do-bahia-everton-ribeiro-destaca-projeto-ambicioso-e-aponta-papel-de-ceni-na-escolha","status":"publish","type":"post","link":"https:\/\/minutobahia24h.com.br\/?p=6169","title":{"rendered":"Novo 10 do Bahia, Everton Ribeiro destaca projeto ambicioso e aponta papel de Ceni na escolha"},"content":{"rendered":"<div class=\"wp-block-image\">\n<figure class=\"aligncenter size-full\"><img data-recalc-dims=\"1\" fetchpriority=\"high\" decoding=\"async\" width=\"800\" height=\"430\" src=\"https:\/\/i0.wp.com\/minutobahia24h.com.br\/wp-content\/uploads\/2024\/01\/Sem-titulo-59.jpg?resize=800%2C430&#038;ssl=1\" alt=\"\" class=\"wp-image-6171\" srcset=\"https:\/\/i0.wp.com\/minutobahia24h.com.br\/wp-content\/uploads\/2024\/01\/Sem-titulo-59.jpg?w=900&amp;ssl=1 900w, https:\/\/i0.wp.com\/minutobahia24h.com.br\/wp-content\/uploads\/2024\/01\/Sem-titulo-59.jpg?resize=300%2C161&amp;ssl=1 300w, https:\/\/i0.wp.com\/minutobahia24h.com.br\/wp-content\/uploads\/2024\/01\/Sem-titulo-59.jpg?resize=768%2C413&amp;ssl=1 768w, https:\/\/i0.wp.com\/minutobahia24h.com.br\/wp-content\/uploads\/2024\/01\/Sem-titulo-59.jpg?resize=750%2C403&amp;ssl=1 750w\" sizes=\"(max-width: 800px) 100vw, 800px\" \/><figcaption class=\"wp-element-caption\"><sub>Divulga\u00e7\u00e3o \/ Esporte Clube Bahia<\/sub><br><\/figcaption><\/figure>\n<\/div>\n\n\n<p>Aos 34 anos, o meia Everton Ribeiro chega ao Bahia nos bra\u00e7os da torcida e com status de grande contrata\u00e7\u00e3o. Mas vai al\u00e9m disso. Multicampe\u00e3o, o ex-jogador do Flamengo simboliza uma nova era no Tricolor, que fez quest\u00e3o de deixar uma mensagem no dia do an\u00fancio da contrata\u00e7\u00e3o: \u201cj\u00e1 era hora de olhar pra cima\u201d.<\/p>\n\n\n\n<p>E o meia chega, de fato, faminto por conquistas, como deixou claro na entrevista coletiva de apresenta\u00e7\u00e3o. \u201cA minha ambi\u00e7\u00e3o \u00e9 do tamanho do Bahia, olhar para cima\u201d, disse.<\/p>\n\n\n\n<p>\u2013 Mostrar que o Bahia veio para se encaixar na parte de cima da tabela, brigar por coisas grandes. \u00c9 pensar grande, em surpreender.. (\u2026) Me apresentaram um projeto muito ambicioso, de uma grandeza enorme. O que me motiva s\u00e3o novos desafios, buscar t\u00edtulos, buscar fazer hist\u00f3ria \u2013 completou o jogador.<\/p>\n\n\n\n<figure class=\"wp-block-image\"><a href=\"https:\/\/i0.wp.com\/blogdoeloiltoncajuhy.com.br\/site\/wp-content\/uploads\/2024\/01\/Everto-Ribeiro-02.png?ssl=1\"><img decoding=\"async\" src=\"https:\/\/i0.wp.com\/blogdoeloiltoncajuhy.com.br\/site\/wp-content\/uploads\/2024\/01\/Everto-Ribeiro-02.png?resize=775%2C513&amp;ssl=1\" alt=\"\" class=\"wp-image-78560\"\/><\/a><figcaption class=\"wp-element-caption\"><sub>Divulga\u00e7\u00e3o \/ Esporte Clube Bahia<\/sub><\/figcaption><\/figure>\n\n\n\n<p>Outro fator importante para Everton assinar contrato com o Bahia foi o t\u00e9cnico Rog\u00e9rio Ceni. Os dois trabalharam juntos no Flamengo, em 2020\/21, quando conquistaram Campeonato Brasileiro, Supercopa do Brasil e Campeonato Carioca. Ceni, inclusive, j\u00e1 se declarou um entusiasta do estilo do jogador.<\/p>\n\n\n\n<p>\u2013 Quando ele me ligou, um cara que admiro, toda a conversa que a gente teve, projetando onde eu poderia jogar, como poderia ser a equipe\u2026\u00e9 um cara vision\u00e1rio, que pensa na frente, e \u00e9 muito ambicioso. Ele est\u00e1 pronto para fazer o Bahia ser ainda maior do que \u00e9.<\/p>\n\n\n\n<p>Everton Ribeiro foi apresentado por Cadu Santoro, diretor de futebol do Bahia. O dirigente destacou que a chegada do agora camisa 10 tricolor mostra as pretens\u00f5es do clube para os pr\u00f3ximos anos.<\/p>\n\n\n\n<p>\u2013 Hoje, para a gente, \u00e9 um dia muito especial. Come\u00e7amos a conversa nas \u00faltimas semanas. Everton sempre foi um pessoa disposta a entender o projeto. Dentro das conversas, explicamos o projeto, esse primeiro ano de transi\u00e7\u00e3o, o que pretendemos fazer com o clube. Quando um atleta do tamanho de Everton aceita esse desafio, mostra o que queremos para os pr\u00f3ximos anos. N\u00e3o tenho d\u00favida que vamos trabalhar juntos para continuar crescendo e colocar o Bahia onde ele deve estar.<\/p>\n\n\n\n<figure class=\"wp-block-image\"><a href=\"https:\/\/i0.wp.com\/blogdoeloiltoncajuhy.com.br\/site\/wp-content\/uploads\/2024\/01\/Everto-Ribeiro-03.png?ssl=1\"><img decoding=\"async\" src=\"https:\/\/i0.wp.com\/blogdoeloiltoncajuhy.com.br\/site\/wp-content\/uploads\/2024\/01\/Everto-Ribeiro-03.png?resize=789%2C522&amp;ssl=1\" alt=\"\" class=\"wp-image-78561\"\/><\/a><figcaption class=\"wp-element-caption\"><sub>Divulga\u00e7\u00e3o \/ Esporte Clube Bahia<\/sub><\/figcaption><\/figure>\n\n\n\n<p><strong>Fim de ciclo?<\/strong><\/p>\n\n\n\n<p>Everton Ribeiro assinou contrato com o Bahia at\u00e9 o fim de 2025. Para ficar com o meia, que n\u00e3o entrou em acordo com o Flamengo por renova\u00e7\u00e3o, o Tricolor precisou vencer disputa com o Internacional. Pesou para o acerto com o clube baiano o projeto oferecido, com dois anos de contrato, ganho salarial e ainda a oportunidade de ser embaixador do Grupo City ao se aposentar.<\/p>\n\n\n\n<p>Apesar de ter o futuro fora de campo encaminhado, o novo camisa dez do Bahia garantiu que ainda n\u00e3o pensa em pendurar as chuteiras.<\/p>\n\n\n\n<p>\u2013 Foi uma parte do que a gente conversa, que em um p\u00f3s-carreira poderia pensar em seguir no Grupo. Mas ainda est\u00e1 longe [risos]. Venho para jogar, para vencer. \u00c9 o que mais me motivou para estar aqui. Acredito que vai ser um ano muito positivo.<\/p>\n\n\n\n<p>blogdoeloiltoncajuhy<\/p>\n","protected":false},"excerpt":{"rendered":"<p>Aos 34 anos, o meia Everton Ribeiro chega ao Bahia nos bra\u00e7os da torcida e com status de grande contrata\u00e7\u00e3o. Mas vai al\u00e9m disso. Multicampe\u00e3o, o ex-jogador do Flamengo simboliza uma nova era no Tricolor, que fez quest\u00e3o de deixar uma mensagem no dia do an\u00fancio da contrata\u00e7\u00e3o: \u201cj\u00e1 era hora de olhar pra cima\u201d. [&hellip;]<\/p>\n","protected":false},"author":2,"featured_media":6171,"comment_status":"open","ping_status":"open","sticky":false,"template":"","format":"standard","meta":{"_jetpack_memberships_contains_paid_content":false,"footnotes":""},"categories":[20],"tags":[],"class_list":["post-6169","post","type-post","status-publish","format-standard","has-post-thumbnail","hentry","category-esporte"],"aioseo_notices":[],"jetpack_featured_media_url":"https:\/\/i0.wp.com\/minutobahia24h.com.br\/wp-content\/uploads\/2024\/01\/Sem-titulo-59.jpg?fit=900%2C484&ssl=1","jetpack_sharing_enabled":true,"_links":{"self":[{"href":"https:\/\/minutobahia24h.com.br\/index.php?rest_route=\/wp\/v2\/posts\/6169","targetHints":{"allow":["GET"]}}],"collection":[{"href":"https:\/\/minutobahia24h.com.br\/index.php?rest_route=\/wp\/v2\/posts"}],"about":[{"href":"https:\/\/minutobahia24h.com.br\/index.php?rest_route=\/wp\/v2\/types\/post"}],"author":[{"embeddable":true,"href":"https:\/\/minutobahia24h.com.br\/index.php?rest_route=\/wp\/v2\/users\/2"}],"replies":[{"embeddable":true,"href":"https:\/\/minutobahia24h.com.br\/index.php?rest_route=%2Fwp%2Fv2%2Fcomments&post=6169"}],"version-history":[{"count":1,"href":"https:\/\/minutobahia24h.com.br\/index.php?rest_route=\/wp\/v2\/posts\/6169\/revisions"}],"predecessor-version":[{"id":6172,"href":"https:\/\/minutobahia24h.com.br\/index.php?rest_route=\/wp\/v2\/posts\/6169\/revisions\/6172"}],"wp:featuredmedia":[{"embeddable":true,"href":"https:\/\/minutobahia24h.com.br\/index.php?rest_route=\/wp\/v2\/media\/6171"}],"wp:attachment":[{"href":"https:\/\/minutobahia24h.com.br\/index.php?rest_route=%2Fwp%2Fv2%2Fmedia&parent=6169"}],"wp:term":[{"taxonomy":"category","embeddable":true,"href":"https:\/\/minutobahia24h.com.br\/index.php?rest_route=%2Fwp%2Fv2%2Fcategories&post=6169"},{"taxonomy":"post_tag","embeddable":true,"href":"https:\/\/minutobahia24h.com.br\/index.php?rest_route=%2Fwp%2Fv2%2Ftags&post=6169"}],"curies":[{"name":"wp","href":"https:\/\/api.w.org\/{rel}","templated":true}]}}