{"id":6097,"date":"2024-01-05T07:09:42","date_gmt":"2024-01-05T10:09:42","guid":{"rendered":"https:\/\/minutobahia24h.com.br\/?p=6097"},"modified":"2024-01-05T07:09:43","modified_gmt":"2024-01-05T10:09:43","slug":"camera-corporal-em-policiais-e-caminho-sem-volta-afirma-cappelli","status":"publish","type":"post","link":"https:\/\/minutobahia24h.com.br\/?p=6097","title":{"rendered":"C\u00e2mera corporal em policiais \u00e9 caminho sem volta, afirma Cappelli"},"content":{"rendered":"<div class=\"wp-block-image\">\n<figure class=\"aligncenter size-full\"><img data-recalc-dims=\"1\" fetchpriority=\"high\" decoding=\"async\" width=\"600\" height=\"420\" src=\"https:\/\/i0.wp.com\/minutobahia24h.com.br\/wp-content\/uploads\/2024\/01\/Sem-titulo-43.jpg?resize=600%2C420&#038;ssl=1\" alt=\"\" class=\"wp-image-6099\" srcset=\"https:\/\/i0.wp.com\/minutobahia24h.com.br\/wp-content\/uploads\/2024\/01\/Sem-titulo-43.jpg?w=600&amp;ssl=1 600w, https:\/\/i0.wp.com\/minutobahia24h.com.br\/wp-content\/uploads\/2024\/01\/Sem-titulo-43.jpg?resize=300%2C210&amp;ssl=1 300w\" sizes=\"(max-width: 600px) 100vw, 600px\" \/><figcaption class=\"wp-element-caption\">Foto: Jos\u00e9 Cruz\/Ag\u00eancia Brasil<br><\/figcaption><\/figure>\n<\/div>\n\n\n<p>O ministro interino da Justi\u00e7a e Seguran\u00e7a P\u00fablica, Ricardo Cappelli, avaliou nesta quinta-feira (4) que o uso de c\u00e2meras corporais por policiais \u00e9 um caminho sem volta e que, mais cedo ou mais tarde, todos os estados devem aderir \u00e0 tecnologia. O governo federal pretende apresentar, em fevereiro, diretrizes nacionais para o uso desses equipamentos.<\/p>\n\n\n\n<p>\u201cA gente tem a convic\u00e7\u00e3o de que esse \u00e9 um processo de convencimento e que a gente vai, paulatinamente, conseguir com que todos passem a estar integrados. C\u00e2mera corporal \u00e9 um caminho sem volta. Eu tenho a convic\u00e7\u00e3o de que ele [o equipamento], aos poucos, vai galvanizar porque ele protege a atividade policial. Ele protege o bom policial e ajuda na cadeia de cust\u00f3dia das provas, a consolidar provas. Eu acho que esse \u00e9 um processo sem fim e tenho convic\u00e7\u00e3o de que todos v\u00e3o acabar aderindo\u201d, comentou, ao ser questionado sobre as a\u00e7\u00f5es do governo de S\u00e3o Paulo contr\u00e1rias ao uso de c\u00e2meras corporais por policiais.<\/p>\n\n\n\n<p>A fala do secret\u00e1rio executivo do Minist\u00e9rio da Justi\u00e7a e Seguran\u00e7a P\u00fablica, que atualmente est\u00e1 como ministro interino da pasta, ocorre dois dias ap\u00f3s o governador de S\u00e3o Paulo, Tarcisio de Freiras, afirmar que essa tecnologia n\u00e3o aumenta a seguran\u00e7a dos cidad\u00e3os. Em 2023, o programa de c\u00e2meras corporais da pol\u00edcia do estado sofreu cortes de 37% no or\u00e7amento previsto.<\/p>\n\n\n\n<p><strong>Diretrizes nacionais<\/strong><\/p>\n\n\n\n<p>O governo federal prepara uma diretriz nacional para publicar em fevereiro com regras para o uso das c\u00e2meras em policiais. O projeto est\u00e1 em consulta p\u00fablica e contou com a participa\u00e7\u00e3o dos governos e das pol\u00edcias, civis e militares, de todas as 27 unidades da federa\u00e7\u00e3o, segundo o minist\u00e9rio.&nbsp;Cappelli acrescentou que essas diretrizes nacionais n\u00e3o ser\u00e3o uma imposi\u00e7\u00e3o aos estados e que servir\u00e3o para que todas as unidades da federa\u00e7\u00e3o possam compartilhar dados e informa\u00e7\u00f5es por meio de procedimentos padronizados.<\/p>\n\n\n\n<p>\u201cA c\u00e2mera corporal, o mais importante n\u00e3o \u00e9 o equipamento, s\u00e3o os dados que a c\u00e2mera colhe, por tr\u00e1s da c\u00e2mera tem os dados. O fundamental \u00e9 que todos os entes federais tenham um padr\u00e3o no tratamento desses dados\u201d, destacou.<\/p>\n\n\n\n<p><strong>Letalidade policial<\/strong><\/p>\n\n\n\n<p>Estudos em seguran\u00e7a p\u00fablica t\u00eam mostrado que o uso de c\u00e2meras corporais nos uniformes de policiais reduz a letalidade nas abordagens feitas pelas for\u00e7as de seguran\u00e7a.&nbsp;Depois que a Pol\u00edcia Militar de S\u00e3o Paulo passou a adotar c\u00e2meras corporais port\u00e1teis nos uniformes de alguns agentes, a letalidade provocada por policiais em servi\u00e7o caiu 62,7% no estado, passando de 697 mortes em 2019 para 260 em 2022. O levantamento foi feito pelo Fundo das Na\u00e7\u00f5es Unidas para a Inf\u00e2ncia (Unicef) em parceria com o F\u00f3rum Brasileiro de Seguran\u00e7a P\u00fablica (FBSP).<\/p>\n\n\n\n<p>Os defensores da medida ainda sustentam que o uso de c\u00e2meras possibilita a cria\u00e7\u00e3o de provas que protegem os policiais contra acusa\u00e7\u00f5es falsas. Por outro lado, os cr\u00edticos argumentam que o equipamento invade a privacidade dos agentes de seguran\u00e7a.<\/p>\n\n\n\n<p>Bahia.ba<\/p>\n","protected":false},"excerpt":{"rendered":"<p>O ministro interino da Justi\u00e7a e Seguran\u00e7a P\u00fablica, Ricardo Cappelli, avaliou nesta quinta-feira (4) que o uso de c\u00e2meras corporais por policiais \u00e9 um caminho sem volta e que, mais cedo ou mais tarde, todos os estados devem aderir \u00e0 tecnologia. O governo federal pretende apresentar, em fevereiro, diretrizes nacionais para o uso desses equipamentos. [&hellip;]<\/p>\n","protected":false},"author":2,"featured_media":6099,"comment_status":"open","ping_status":"open","sticky":false,"template":"","format":"standard","meta":{"_jetpack_memberships_contains_paid_content":false,"footnotes":""},"categories":[23],"tags":[],"class_list":["post-6097","post","type-post","status-publish","format-standard","has-post-thumbnail","hentry","category-justica"],"aioseo_notices":[],"jetpack_featured_media_url":"https:\/\/i0.wp.com\/minutobahia24h.com.br\/wp-content\/uploads\/2024\/01\/Sem-titulo-43.jpg?fit=600%2C420&ssl=1","jetpack_sharing_enabled":true,"_links":{"self":[{"href":"https:\/\/minutobahia24h.com.br\/index.php?rest_route=\/wp\/v2\/posts\/6097","targetHints":{"allow":["GET"]}}],"collection":[{"href":"https:\/\/minutobahia24h.com.br\/index.php?rest_route=\/wp\/v2\/posts"}],"about":[{"href":"https:\/\/minutobahia24h.com.br\/index.php?rest_route=\/wp\/v2\/types\/post"}],"author":[{"embeddable":true,"href":"https:\/\/minutobahia24h.com.br\/index.php?rest_route=\/wp\/v2\/users\/2"}],"replies":[{"embeddable":true,"href":"https:\/\/minutobahia24h.com.br\/index.php?rest_route=%2Fwp%2Fv2%2Fcomments&post=6097"}],"version-history":[{"count":1,"href":"https:\/\/minutobahia24h.com.br\/index.php?rest_route=\/wp\/v2\/posts\/6097\/revisions"}],"predecessor-version":[{"id":6100,"href":"https:\/\/minutobahia24h.com.br\/index.php?rest_route=\/wp\/v2\/posts\/6097\/revisions\/6100"}],"wp:featuredmedia":[{"embeddable":true,"href":"https:\/\/minutobahia24h.com.br\/index.php?rest_route=\/wp\/v2\/media\/6099"}],"wp:attachment":[{"href":"https:\/\/minutobahia24h.com.br\/index.php?rest_route=%2Fwp%2Fv2%2Fmedia&parent=6097"}],"wp:term":[{"taxonomy":"category","embeddable":true,"href":"https:\/\/minutobahia24h.com.br\/index.php?rest_route=%2Fwp%2Fv2%2Fcategories&post=6097"},{"taxonomy":"post_tag","embeddable":true,"href":"https:\/\/minutobahia24h.com.br\/index.php?rest_route=%2Fwp%2Fv2%2Ftags&post=6097"}],"curies":[{"name":"wp","href":"https:\/\/api.w.org\/{rel}","templated":true}]}}