{"id":6085,"date":"2024-01-05T07:03:26","date_gmt":"2024-01-05T10:03:26","guid":{"rendered":"https:\/\/minutobahia24h.com.br\/?p=6085"},"modified":"2024-01-05T07:03:28","modified_gmt":"2024-01-05T10:03:28","slug":"gravissimo-e-inaceitavel-diz-ministro-sobre-plano-para-matar-moraes","status":"publish","type":"post","link":"https:\/\/minutobahia24h.com.br\/?p=6085","title":{"rendered":"\u201cGrav\u00edssimo e inaceit\u00e1vel\u201d, diz ministro sobre plano para matar Moraes"},"content":{"rendered":"<div class=\"wp-block-image\">\n<figure class=\"aligncenter size-full\"><img data-recalc-dims=\"1\" fetchpriority=\"high\" decoding=\"async\" width=\"784\" height=\"593\" src=\"https:\/\/i0.wp.com\/minutobahia24h.com.br\/wp-content\/uploads\/2024\/01\/Sem-titulo-40.jpg?resize=784%2C593&#038;ssl=1\" alt=\"\" class=\"wp-image-6087\" srcset=\"https:\/\/i0.wp.com\/minutobahia24h.com.br\/wp-content\/uploads\/2024\/01\/Sem-titulo-40.jpg?w=784&amp;ssl=1 784w, https:\/\/i0.wp.com\/minutobahia24h.com.br\/wp-content\/uploads\/2024\/01\/Sem-titulo-40.jpg?resize=300%2C227&amp;ssl=1 300w, https:\/\/i0.wp.com\/minutobahia24h.com.br\/wp-content\/uploads\/2024\/01\/Sem-titulo-40.jpg?resize=768%2C581&amp;ssl=1 768w, https:\/\/i0.wp.com\/minutobahia24h.com.br\/wp-content\/uploads\/2024\/01\/Sem-titulo-40.jpg?resize=750%2C567&amp;ssl=1 750w\" sizes=\"(max-width: 784px) 100vw, 784px\" \/><\/figure>\n<\/div>\n\n\n<p>O ministro interino da Justi\u00e7a e Seguran\u00e7a P\u00fablica, Ricardo Cappelli (foto), comentou nesta quinta-feira (4), em Bras\u00edlia, que o suposto plano para assassinar o ministro Alexandre de Moraes, do Supremo Tribunal Federal (STF), \u00e9 grav\u00edssimo e inaceit\u00e1vel e que as investiga\u00e7\u00f5es devem ir at\u00e9 \u201cas \u00faltimas consequ\u00eancias\u201d para punir os respons\u00e1veis.<\/p>\n\n\n\n<p>Alexandre de Moraes revelou, em entrevista ao jornal O Globo, que as investiga\u00e7\u00f5es sobre os atos golpistas do 8 de janeiro de 2023 descobriram a prepara\u00e7\u00e3o de planos para pris\u00e3o e assassinato do magistrado, inclusive com participa\u00e7\u00e3o da Ag\u00eancia Brasileira de Intelig\u00eancia (Abin).<\/p>\n\n\n\n<p>Ainda segundo o ministro do STF, existiam tr\u00eas planos para prend\u00ea-lo e mat\u00e1-lo, um deles previa enforc\u00e1-lo na Pra\u00e7a dos Tr\u00eas Poderes, em Bras\u00edlia.<\/p>\n\n\n\n<p>Gravidade<br>Em conversa com jornalistas nessa quinta-feira (4), Cappelli afirmou que a exist\u00eancia desse suposto plano revela a gravidade do que estava em curso no Brasil. \u201cGrav\u00edssimo e inaceit\u00e1vel cogitarem atentar contra a vida de um ministro da Suprema Corte do Brasil\u201d, afirmou.<\/p>\n\n\n\n<p>O ministro interino da Justi\u00e7a acrescentou que essa informa\u00e7\u00e3o ser\u00e1 apurada e levada \u00e0s \u00faltimas consequ\u00eancias para descobrir os autores do suposto plano de pris\u00e3o e assassinato do ministro do STF.<\/p>\n\n\n\n<p>\u201cO plano contra o ministro Alexandre de Moraes indigna todos os democratas. Iremos \u00e0s \u00faltimas consequ\u00eancias para identificar e punir todos os respons\u00e1veis. [Eles] acertar\u00e3o suas contas com a Justi\u00e7a e com a hist\u00f3ria\u201d, afirmou Cappelli em uma rede social.<\/p>\n\n\n\n<p>No dia 8 de janeiro de 2023, apoiadores do ex-presidente Jair Bolsonaro, inconformados com o resultado da elei\u00e7\u00e3o presidencial de 2022, invadiram as sedes dos Tr\u00eas Poderes, em Bras\u00edlia, pedindo um golpe militar no Brasil. O ministro Alexandre de Moraes era um dos principais alvos das manifesta\u00e7\u00f5es golpistas iniciadas ap\u00f3s o segundo turno da elei\u00e7\u00e3o de outubro de 2022.<\/p>\n\n\n\n<p><em>Ag\u00eancia Brasil<\/em><\/p>\n","protected":false},"excerpt":{"rendered":"<p>O ministro interino da Justi\u00e7a e Seguran\u00e7a P\u00fablica, Ricardo Cappelli (foto), comentou nesta quinta-feira (4), em Bras\u00edlia, que o suposto plano para assassinar o ministro Alexandre de Moraes, do Supremo Tribunal Federal (STF), \u00e9 grav\u00edssimo e inaceit\u00e1vel e que as investiga\u00e7\u00f5es devem ir at\u00e9 \u201cas \u00faltimas consequ\u00eancias\u201d para punir os respons\u00e1veis. Alexandre de Moraes revelou, [&hellip;]<\/p>\n","protected":false},"author":2,"featured_media":6087,"comment_status":"open","ping_status":"open","sticky":false,"template":"","format":"standard","meta":{"_jetpack_memberships_contains_paid_content":false,"footnotes":""},"categories":[2],"tags":[],"class_list":["post-6085","post","type-post","status-publish","format-standard","has-post-thumbnail","hentry","category-nacional"],"aioseo_notices":[],"jetpack_featured_media_url":"https:\/\/i0.wp.com\/minutobahia24h.com.br\/wp-content\/uploads\/2024\/01\/Sem-titulo-40.jpg?fit=784%2C593&ssl=1","jetpack_sharing_enabled":true,"_links":{"self":[{"href":"https:\/\/minutobahia24h.com.br\/index.php?rest_route=\/wp\/v2\/posts\/6085","targetHints":{"allow":["GET"]}}],"collection":[{"href":"https:\/\/minutobahia24h.com.br\/index.php?rest_route=\/wp\/v2\/posts"}],"about":[{"href":"https:\/\/minutobahia24h.com.br\/index.php?rest_route=\/wp\/v2\/types\/post"}],"author":[{"embeddable":true,"href":"https:\/\/minutobahia24h.com.br\/index.php?rest_route=\/wp\/v2\/users\/2"}],"replies":[{"embeddable":true,"href":"https:\/\/minutobahia24h.com.br\/index.php?rest_route=%2Fwp%2Fv2%2Fcomments&post=6085"}],"version-history":[{"count":1,"href":"https:\/\/minutobahia24h.com.br\/index.php?rest_route=\/wp\/v2\/posts\/6085\/revisions"}],"predecessor-version":[{"id":6088,"href":"https:\/\/minutobahia24h.com.br\/index.php?rest_route=\/wp\/v2\/posts\/6085\/revisions\/6088"}],"wp:featuredmedia":[{"embeddable":true,"href":"https:\/\/minutobahia24h.com.br\/index.php?rest_route=\/wp\/v2\/media\/6087"}],"wp:attachment":[{"href":"https:\/\/minutobahia24h.com.br\/index.php?rest_route=%2Fwp%2Fv2%2Fmedia&parent=6085"}],"wp:term":[{"taxonomy":"category","embeddable":true,"href":"https:\/\/minutobahia24h.com.br\/index.php?rest_route=%2Fwp%2Fv2%2Fcategories&post=6085"},{"taxonomy":"post_tag","embeddable":true,"href":"https:\/\/minutobahia24h.com.br\/index.php?rest_route=%2Fwp%2Fv2%2Ftags&post=6085"}],"curies":[{"name":"wp","href":"https:\/\/api.w.org\/{rel}","templated":true}]}}