{"id":6081,"date":"2024-01-05T06:58:56","date_gmt":"2024-01-05T09:58:56","guid":{"rendered":"https:\/\/minutobahia24h.com.br\/?p=6081"},"modified":"2024-01-05T06:58:58","modified_gmt":"2024-01-05T09:58:58","slug":"roberto-carlos-desiste-do-tcm-para-focar-na-pre-candidatura-a-prefeito-de-juazeiro","status":"publish","type":"post","link":"https:\/\/minutobahia24h.com.br\/?p=6081","title":{"rendered":"Roberto Carlos desiste do TCM para focar na pr\u00e9-candidatura a prefeito de Juazeiro"},"content":{"rendered":"<div class=\"wp-block-image\">\n<figure class=\"aligncenter size-full\"><img data-recalc-dims=\"1\" fetchpriority=\"high\" decoding=\"async\" width=\"784\" height=\"587\" src=\"https:\/\/i0.wp.com\/minutobahia24h.com.br\/wp-content\/uploads\/2024\/01\/Sem-titulo-39.jpg?resize=784%2C587&#038;ssl=1\" alt=\"\" class=\"wp-image-6083\" srcset=\"https:\/\/i0.wp.com\/minutobahia24h.com.br\/wp-content\/uploads\/2024\/01\/Sem-titulo-39.jpg?w=784&amp;ssl=1 784w, https:\/\/i0.wp.com\/minutobahia24h.com.br\/wp-content\/uploads\/2024\/01\/Sem-titulo-39.jpg?resize=300%2C225&amp;ssl=1 300w, https:\/\/i0.wp.com\/minutobahia24h.com.br\/wp-content\/uploads\/2024\/01\/Sem-titulo-39.jpg?resize=768%2C575&amp;ssl=1 768w, https:\/\/i0.wp.com\/minutobahia24h.com.br\/wp-content\/uploads\/2024\/01\/Sem-titulo-39.jpg?resize=750%2C562&amp;ssl=1 750w\" sizes=\"(max-width: 784px) 100vw, 784px\" \/><\/figure>\n<\/div>\n\n\n<p>Como antecipou nesta quarta (03) a coluna Radar do Poder do&nbsp;<strong>Pol\u00edtica Livre<\/strong>, o deputado estadual Roberto Carlos (PDT) declarou hoje (04) apoio ao deputado estadual Paulo Rangel (PT) na disputa pela cadeira do conselheiro aposentado Fernando Vita no Tribunal de Contas dos Munic\u00edpios (TCM). Com isso, o parlamentar do Partido Verde abdicou de concorrer \u00e0 vaga aberta na Corte para focar na pr\u00e9-candidatura a prefeito de Juazeiro.<\/p>\n\n\n\n<p>\u201cCom um olhar voltado para o futuro de Juazeiro, opto, momentaneamente, por n\u00e3o concorrer \u00e0 vaga no TCM. Este \u00e9 um passo crucial para contribuir de forma mais direta e efetiva com o progresso do meu amado munic\u00edpio. Agrade\u00e7o sinceramente aos parlamentares baianos que manifestaram apoio e simpatia ao meu nome, assim como aos valorosos correligion\u00e1rios do PV\u201d, disse Roberto Carlos.<\/p>\n\n\n\n<p>O parlamentar informou ainda que&nbsp;<a href=\"https:\/\/politicalivre.com.br\/2024\/01\/deputados-do-pv-declaram-apoio-a-paulo-rangel-e-deixam-roberto-carlos-ainda-mais-isolado-na-disputa-pelo-tcm\/#gsc.tab=0\" target=\"_blank\" rel=\"noreferrer noopener\">o apoio declarado dos deputados estaduais do PV Vitor Bonfim, Marquinho Viana e Ludmilla Fiscina a Paulo Rangel, anunciado nesta quarta<\/a>, foi acordado pela bancada dos quatro parlamentares do partido. \u201cDecidimos juntos que esse era o melhor caminho e agora vou trabalhar para ter a unidade em torno do meu nome para ser o candidato da base do governador Jer\u00f4nimo Rodrigues (PT) em Juazeiro\u201d.<\/p>\n\n\n\n<p>Roberto Carlos tamb\u00e9m expressou a admira\u00e7\u00e3o pelo deputado Paulo Rangel, ressaltando o \u201cperfil comprometido, trabalhador e competente do petista\u201d. \u201cTrata-se de um nome excelente para assumir o cargo de conselheiro\u201d.<\/p>\n\n\n\n<p>politicalivre<\/p>\n","protected":false},"excerpt":{"rendered":"<p>Como antecipou nesta quarta (03) a coluna Radar do Poder do&nbsp;Pol\u00edtica Livre, o deputado estadual Roberto Carlos (PDT) declarou hoje (04) apoio ao deputado estadual Paulo Rangel (PT) na disputa pela cadeira do conselheiro aposentado Fernando Vita no Tribunal de Contas dos Munic\u00edpios (TCM). Com isso, o parlamentar do Partido Verde abdicou de concorrer \u00e0 [&hellip;]<\/p>\n","protected":false},"author":2,"featured_media":6083,"comment_status":"open","ping_status":"open","sticky":false,"template":"","format":"standard","meta":{"_jetpack_memberships_contains_paid_content":false,"footnotes":""},"categories":[3],"tags":[],"class_list":["post-6081","post","type-post","status-publish","format-standard","has-post-thumbnail","hentry","category-regional"],"aioseo_notices":[],"jetpack_featured_media_url":"https:\/\/i0.wp.com\/minutobahia24h.com.br\/wp-content\/uploads\/2024\/01\/Sem-titulo-39.jpg?fit=784%2C587&ssl=1","jetpack_sharing_enabled":true,"_links":{"self":[{"href":"https:\/\/minutobahia24h.com.br\/index.php?rest_route=\/wp\/v2\/posts\/6081","targetHints":{"allow":["GET"]}}],"collection":[{"href":"https:\/\/minutobahia24h.com.br\/index.php?rest_route=\/wp\/v2\/posts"}],"about":[{"href":"https:\/\/minutobahia24h.com.br\/index.php?rest_route=\/wp\/v2\/types\/post"}],"author":[{"embeddable":true,"href":"https:\/\/minutobahia24h.com.br\/index.php?rest_route=\/wp\/v2\/users\/2"}],"replies":[{"embeddable":true,"href":"https:\/\/minutobahia24h.com.br\/index.php?rest_route=%2Fwp%2Fv2%2Fcomments&post=6081"}],"version-history":[{"count":1,"href":"https:\/\/minutobahia24h.com.br\/index.php?rest_route=\/wp\/v2\/posts\/6081\/revisions"}],"predecessor-version":[{"id":6084,"href":"https:\/\/minutobahia24h.com.br\/index.php?rest_route=\/wp\/v2\/posts\/6081\/revisions\/6084"}],"wp:featuredmedia":[{"embeddable":true,"href":"https:\/\/minutobahia24h.com.br\/index.php?rest_route=\/wp\/v2\/media\/6083"}],"wp:attachment":[{"href":"https:\/\/minutobahia24h.com.br\/index.php?rest_route=%2Fwp%2Fv2%2Fmedia&parent=6081"}],"wp:term":[{"taxonomy":"category","embeddable":true,"href":"https:\/\/minutobahia24h.com.br\/index.php?rest_route=%2Fwp%2Fv2%2Fcategories&post=6081"},{"taxonomy":"post_tag","embeddable":true,"href":"https:\/\/minutobahia24h.com.br\/index.php?rest_route=%2Fwp%2Fv2%2Ftags&post=6081"}],"curies":[{"name":"wp","href":"https:\/\/api.w.org\/{rel}","templated":true}]}}