{"id":6077,"date":"2024-01-05T06:56:29","date_gmt":"2024-01-05T09:56:29","guid":{"rendered":"https:\/\/minutobahia24h.com.br\/?p=6077"},"modified":"2024-01-05T06:56:31","modified_gmt":"2024-01-05T09:56:31","slug":"bahia-espera-definicao-do-ministerio-da-saude-para-incorporar-vacina-contra-dengue-na-rede-publica","status":"publish","type":"post","link":"https:\/\/minutobahia24h.com.br\/?p=6077","title":{"rendered":"Bahia espera defini\u00e7\u00e3o do Minist\u00e9rio da Sa\u00fade para incorporar vacina contra dengue na rede p\u00fablica"},"content":{"rendered":"<div class=\"wp-block-image\">\n<figure class=\"aligncenter size-large\"><img data-recalc-dims=\"1\" fetchpriority=\"high\" decoding=\"async\" width=\"800\" height=\"420\" src=\"https:\/\/i0.wp.com\/minutobahia24h.com.br\/wp-content\/uploads\/2024\/01\/Sem-titulo-38-1024x538.jpg?resize=800%2C420&#038;ssl=1\" alt=\"\" class=\"wp-image-6079\" srcset=\"https:\/\/i0.wp.com\/minutobahia24h.com.br\/wp-content\/uploads\/2024\/01\/Sem-titulo-38.jpg?resize=1024%2C538&amp;ssl=1 1024w, https:\/\/i0.wp.com\/minutobahia24h.com.br\/wp-content\/uploads\/2024\/01\/Sem-titulo-38.jpg?resize=300%2C158&amp;ssl=1 300w, https:\/\/i0.wp.com\/minutobahia24h.com.br\/wp-content\/uploads\/2024\/01\/Sem-titulo-38.jpg?resize=768%2C403&amp;ssl=1 768w, https:\/\/i0.wp.com\/minutobahia24h.com.br\/wp-content\/uploads\/2024\/01\/Sem-titulo-38.jpg?resize=750%2C394&amp;ssl=1 750w, https:\/\/i0.wp.com\/minutobahia24h.com.br\/wp-content\/uploads\/2024\/01\/Sem-titulo-38.jpg?resize=1140%2C599&amp;ssl=1 1140w, https:\/\/i0.wp.com\/minutobahia24h.com.br\/wp-content\/uploads\/2024\/01\/Sem-titulo-38.jpg?w=1200&amp;ssl=1 1200w\" sizes=\"(max-width: 800px) 100vw, 800px\" \/><figcaption class=\"wp-element-caption\">Foto: T\u00e2nia R\u00eago\/Arquivo\/Ag\u00eancia Brasil<br><\/figcaption><\/figure>\n<\/div>\n\n\n<p class=\"has-text-align-justify\">Apesar da cidade de&nbsp;<a href=\"https:\/\/www.bahianoticias.com.br\/folha\/noticia\/258850-dourados-ms-e-a-primeira-cidade-brasileira-a-vacinar-contra-a-dengue\" target=\"_blank\" rel=\"noreferrer noopener\">Dourados<\/a>, Mato Grosso do Sul, come\u00e7ar a distribuir gratuitamente as primeiras doses da vacina contra a dengue (Qdenga), nesta quarta-feira (3), a Bahia ainda n\u00e3o sabe quando e como vai incorporar o imunizante na rede estadual de sa\u00fade. Mesmo o&nbsp;Minist\u00e9rio da Sa\u00fade anunciando que a vacina deve ser incorporada ao Sistema \u00danico de Sa\u00fade (SUS)&nbsp;em fevereiro deste ano&nbsp;<a href=\"https:\/\/www.bahianoticias.com.br\/saude\/noticia\/31184-vacina-contra-dengue-e-incorporada-ao-sus-pelo-ministerio-da-saude\" target=\"_blank\" rel=\"noreferrer noopener\">(veja aqui)<\/a>, a rede estadual de sa\u00fade baiana ainda n\u00e3o tem previs\u00e3o de adotar o imunizante.&nbsp;<\/p>\n\n\n\n<p class=\"has-text-align-justify\">A Secretaria de Sa\u00fade do Estado da Bahia (Sesab) informou, ao Bahia Not\u00edcias, que a pasta ainda n\u00e3o tem nenhuma informa\u00e7\u00e3o sobre a vacina contra a doen\u00e7a. O \u00f3rg\u00e3o disse que ainda n\u00e3o \u00e9 poss\u00edvel ter a vacina\u00e7\u00e3o em massa, por causa do quantitativo estabelecido pelo Minist\u00e9rio da Sa\u00fade.\u00a0<\/p>\n\n\n\n<p class=\"has-text-align-justify\">J\u00e1 a Secretaria Municipal da Sa\u00fade (SMS) de Salvador contou \u00e0 reportagem do BN que implantar\u00e1 a imuniza\u00e7\u00e3o na cidade quando o Minist\u00e9rio da Sa\u00fade (MS) definir as estrat\u00e9gias de vacina\u00e7\u00e3o contra a dengue e iniciar a distribui\u00e7\u00e3o das doses.&nbsp;<\/p>\n\n\n\n<p class=\"has-text-align-justify\">\u201cA Secretaria Municipal da Sa\u00fade (SMS) de Salvador aguarda defini\u00e7\u00e3o da estrat\u00e9gia por parte do Minist\u00e9rio da Sa\u00fade (MS), assim como o recebimento das doses. Uma vez recebidas, o munic\u00edpio implantar\u00e1 a imuniza\u00e7\u00e3o em seu territ\u00f3rio, atendendo aos crit\u00e9rios estabelecidos\u201d, disse a pasta por meio de nota.&nbsp;<\/p>\n\n\n\n<p class=\"has-text-align-justify\">O assunto chega ap\u00f3s a Bahia registrar 47.753 casos prov\u00e1veis de Dengue entre janeiro e o \u00faltimo dia 26 de dezembro. O estado&nbsp;obteve um incremento de 33% nos casos, j\u00e1 que em 2022 foram notificados 35.894 casos.&nbsp;<\/p>\n\n\n\n<p><strong>ESTRAT\u00c9GIAS<\/strong>&nbsp;<\/p>\n\n\n\n<p class=\"has-text-align-justify\">Segundo a sanitarista coordenadora de doen\u00e7as transmitidas por vetores e outras Antropozoonoses (CODTV\/DIVEP), Sandra Oliveira, a Bahia pode adotar a vacina\u00e7\u00e3o como uma alternativa a ser utilizada na estrat\u00e9gia de combate a doen\u00e7a.\u00a0<\/p>\n\n\n\n<p class=\"has-text-align-justify\">\u201cA vacina\u00e7\u00e3o entraria como outra alternativa de preven\u00e7\u00e3o frente a ocorr\u00eancia de casas de dengue. Entretanto, a gente n\u00e3o pode esquecer de que as condutas preventivas n\u00e3o sejam fortalecidas e n\u00e3o sejam realizadas, j\u00e1 que n\u00f3s tamb\u00e9m temos os outros agravos doen\u00e7as como Chikungunya e Zika que necessitam de ter a mesma aten\u00e7\u00e3o para a dengue [&#8230;]\u201d, revelou Oliveira.\u00a0<\/p>\n\n\n\n<p class=\"has-text-align-justify\">A sanitarista informou que espera outras informa\u00e7\u00f5es e defini\u00e7\u00f5es do Minist\u00e9rio da Sa\u00fade para que o imunizante seja incorporado na rede estadual de sa\u00fade.\u00a0<\/p>\n\n\n\n<p class=\"has-text-align-justify\">\u201cA gente precisa primeiro saber o que o minist\u00e9rio vai adotar de fato. Pois a gente j\u00e1 sabe que foi divulgado que o imunizante j\u00e1 est\u00e1 inserido no calend\u00e1rio. Sabemos que vai ser feito essa aquisi\u00e7\u00e3o e distribui\u00e7\u00e3o para os estados. Entretanto, aguardamos outras informa\u00e7\u00f5es que venham nos favorecer at\u00e9 mesmo para saber quais pessoas ser\u00e3o vacinadas, o p\u00fablico-alvo, as idades, se ser\u00e1 em massa, se n\u00e3o ent\u00e3o a gente precisa ter maiores informa\u00e7\u00f5es para que a gente possa de fato tra\u00e7ar o aqui o planejamento mais apropriado\u201d, disse.\u00a0<\/p>\n\n\n\n<p class=\"has-text-align-justify\">\u201cEnt\u00e3o assim eu n\u00e3o posso dizer com precis\u00e3o, como vai ser, pois a gente depende do que o minist\u00e9rio vai nos fornecer, do que o programa nacional de imuniza\u00e7\u00e3o passar maiores informa\u00e7\u00f5es a respeito\u201d, afirmou a especialista.\u00a0<\/p>\n\n\n\n<p class=\"has-text-align-justify\">Por enquanto a vacina n\u00e3o chegou gratuitamente na sa\u00fade do estado, a Sesab deve continuar praticando as a\u00e7\u00f5es de preven\u00e7\u00e3o \u00e0 doen\u00e7a em todos os munic\u00edpios baianos.&nbsp;<\/p>\n\n\n\n<p class=\"has-text-align-justify\">\u201cUma das estrat\u00e9gias que a gente sempre fomenta e vem sempre reiterando \u00e9 a\u00e7\u00e3o de preven\u00e7\u00e3o e controle, principalmente no controle vetorial. Agora em 2024 n\u00e3o ser\u00e1 diferente, a gente estar\u00e1 reunindo todas as regionais de sa\u00fade e munic\u00edpios para justamente fazermos capacita\u00e7\u00f5es inerentes a novas an\u00e1lises estat\u00edsticas que a gente vai implementar este ano\u201d, comentou Sandra.<\/p>\n\n\n\n<p>BN<\/p>\n","protected":false},"excerpt":{"rendered":"<p>Apesar da cidade de&nbsp;Dourados, Mato Grosso do Sul, come\u00e7ar a distribuir gratuitamente as primeiras doses da vacina contra a dengue (Qdenga), nesta quarta-feira (3), a Bahia ainda n\u00e3o sabe quando e como vai incorporar o imunizante na rede estadual de sa\u00fade. Mesmo o&nbsp;Minist\u00e9rio da Sa\u00fade anunciando que a vacina deve ser incorporada ao Sistema \u00danico [&hellip;]<\/p>\n","protected":false},"author":2,"featured_media":6079,"comment_status":"open","ping_status":"open","sticky":false,"template":"","format":"standard","meta":{"_jetpack_memberships_contains_paid_content":false,"footnotes":""},"categories":[18],"tags":[],"class_list":["post-6077","post","type-post","status-publish","format-standard","has-post-thumbnail","hentry","category-saude"],"aioseo_notices":[],"jetpack_featured_media_url":"https:\/\/i0.wp.com\/minutobahia24h.com.br\/wp-content\/uploads\/2024\/01\/Sem-titulo-38.jpg?fit=1200%2C630&ssl=1","jetpack_sharing_enabled":true,"_links":{"self":[{"href":"https:\/\/minutobahia24h.com.br\/index.php?rest_route=\/wp\/v2\/posts\/6077","targetHints":{"allow":["GET"]}}],"collection":[{"href":"https:\/\/minutobahia24h.com.br\/index.php?rest_route=\/wp\/v2\/posts"}],"about":[{"href":"https:\/\/minutobahia24h.com.br\/index.php?rest_route=\/wp\/v2\/types\/post"}],"author":[{"embeddable":true,"href":"https:\/\/minutobahia24h.com.br\/index.php?rest_route=\/wp\/v2\/users\/2"}],"replies":[{"embeddable":true,"href":"https:\/\/minutobahia24h.com.br\/index.php?rest_route=%2Fwp%2Fv2%2Fcomments&post=6077"}],"version-history":[{"count":1,"href":"https:\/\/minutobahia24h.com.br\/index.php?rest_route=\/wp\/v2\/posts\/6077\/revisions"}],"predecessor-version":[{"id":6080,"href":"https:\/\/minutobahia24h.com.br\/index.php?rest_route=\/wp\/v2\/posts\/6077\/revisions\/6080"}],"wp:featuredmedia":[{"embeddable":true,"href":"https:\/\/minutobahia24h.com.br\/index.php?rest_route=\/wp\/v2\/media\/6079"}],"wp:attachment":[{"href":"https:\/\/minutobahia24h.com.br\/index.php?rest_route=%2Fwp%2Fv2%2Fmedia&parent=6077"}],"wp:term":[{"taxonomy":"category","embeddable":true,"href":"https:\/\/minutobahia24h.com.br\/index.php?rest_route=%2Fwp%2Fv2%2Fcategories&post=6077"},{"taxonomy":"post_tag","embeddable":true,"href":"https:\/\/minutobahia24h.com.br\/index.php?rest_route=%2Fwp%2Fv2%2Ftags&post=6077"}],"curies":[{"name":"wp","href":"https:\/\/api.w.org\/{rel}","templated":true}]}}