{"id":5973,"date":"2024-01-03T06:59:57","date_gmt":"2024-01-03T09:59:57","guid":{"rendered":"https:\/\/minutobahia24h.com.br\/?p=5973"},"modified":"2024-01-03T06:59:58","modified_gmt":"2024-01-03T09:59:58","slug":"ha-muito-tempo-estamos-alertando-sobre-os-perigos-diz-zambelli-sobre-vacina-da-covid-19","status":"publish","type":"post","link":"https:\/\/minutobahia24h.com.br\/?p=5973","title":{"rendered":"\u2018H\u00e1 muito tempo estamos alertando sobre os perigos\u2019, diz Zambelli sobre vacina da covid-19"},"content":{"rendered":"<div class=\"wp-block-image\">\n<figure class=\"aligncenter size-full is-resized\"><img data-recalc-dims=\"1\" fetchpriority=\"high\" decoding=\"async\" width=\"600\" height=\"420\" src=\"https:\/\/i0.wp.com\/minutobahia24h.com.br\/wp-content\/uploads\/2024\/01\/Sem-titulo-13.jpg?resize=600%2C420&#038;ssl=1\" alt=\"\" class=\"wp-image-5975\" style=\"width:600px;height:auto\" srcset=\"https:\/\/i0.wp.com\/minutobahia24h.com.br\/wp-content\/uploads\/2024\/01\/Sem-titulo-13.jpg?w=600&amp;ssl=1 600w, https:\/\/i0.wp.com\/minutobahia24h.com.br\/wp-content\/uploads\/2024\/01\/Sem-titulo-13.jpg?resize=300%2C210&amp;ssl=1 300w\" sizes=\"(max-width: 600px) 100vw, 600px\" \/><figcaption class=\"wp-element-caption\">Foto: Lula Marques\/EBC<br><\/figcaption><\/figure>\n<\/div>\n\n\n<p>A deputada federal Carla Zambelli (PL-SP) voltou a criticar as a\u00e7\u00f5es adotadas pelo presidente da Rep\u00fablica Luiz In\u00e1cio Lula da Silva (PT) para combater a covid-19. Em uma postagem nas redes sociais nesta ter\u00e7a-feira (2), a bolsonarista falou que h\u00e1 muito tempo a oposi\u00e7\u00e3o est\u00e1 alertando sobre os perigos de se tomar essa vacina e seus efeitos colaterais.<\/p>\n\n\n\n<p><a href=\"https:\/\/bahia.ba\/politica\/deputado-critica-obrigatoriedade-de-vacina-contra-covid-19-para-criancas\/\" target=\"_blank\" rel=\"noreferrer noopener\">Em novembro do ano passado, o deputado federal Nikolas Ferreira (PL-MG) tamb\u00e9m criticou o an\u00fancio da inclus\u00e3o da vacina contra a Covid-19 no Calend\u00e1rio Nacional de Vacina\u00e7\u00e3o para crian\u00e7as de 6 meses a 4 anos e 11 meses e demais grupos priorit\u00e1rios.<\/a>\u00a0Em sua publica\u00e7\u00e3o, Zambelli p\u00f5e em d\u00favida a efic\u00e1cia da vacina e acrescenta que a oposi\u00e7\u00e3o far\u00e1 de tudo para \u2018conter a obrigatoriedade\u2019.<\/p>\n\n\n\n<figure class=\"wp-block-embed is-type-rich is-provider-twitter wp-block-embed-twitter\"><div class=\"wp-block-embed__wrapper\">\n<blockquote class=\"twitter-tweet\" data-width=\"550\" data-dnt=\"true\"><p lang=\"pt\" dir=\"ltr\">H\u00e1 muito tempo estamos alertando sobre os perigos de se tomar essa vacina e seus efeitos colaterais, sabemos muito pouco sobre ela ainda, tememos pelo pior, por isso \u00e9 bom ter cautela. com propostas legislativas, tentaremos conter essa obrigatoriedade. <a href=\"https:\/\/t.co\/QwMGUj5ydj\">pic.twitter.com\/QwMGUj5ydj<\/a><\/p>&mdash; Carla Zambelli (@Zambelli2210) <a href=\"https:\/\/twitter.com\/Zambelli2210\/status\/1742277596178530415?ref_src=twsrc%5Etfw\">January 2, 2024<\/a><\/blockquote><script async src=\"https:\/\/platform.twitter.com\/widgets.js\" charset=\"utf-8\"><\/script>\n<\/div><figcaption class=\"wp-element-caption\"><br>Bahia.ba<\/figcaption><\/figure>\n","protected":false},"excerpt":{"rendered":"<p>A deputada federal Carla Zambelli (PL-SP) voltou a criticar as a\u00e7\u00f5es adotadas pelo presidente da Rep\u00fablica Luiz In\u00e1cio Lula da Silva (PT) para combater a covid-19. Em uma postagem nas redes sociais nesta ter\u00e7a-feira (2), a bolsonarista falou que h\u00e1 muito tempo a oposi\u00e7\u00e3o est\u00e1 alertando sobre os perigos de se tomar essa vacina e [&hellip;]<\/p>\n","protected":false},"author":2,"featured_media":5975,"comment_status":"open","ping_status":"open","sticky":false,"template":"","format":"standard","meta":{"_jetpack_memberships_contains_paid_content":false,"footnotes":""},"categories":[46],"tags":[],"class_list":["post-5973","post","type-post","status-publish","format-standard","has-post-thumbnail","hentry","category-noticia"],"aioseo_notices":[],"jetpack_featured_media_url":"https:\/\/i0.wp.com\/minutobahia24h.com.br\/wp-content\/uploads\/2024\/01\/Sem-titulo-13.jpg?fit=600%2C420&ssl=1","jetpack_sharing_enabled":true,"_links":{"self":[{"href":"https:\/\/minutobahia24h.com.br\/index.php?rest_route=\/wp\/v2\/posts\/5973","targetHints":{"allow":["GET"]}}],"collection":[{"href":"https:\/\/minutobahia24h.com.br\/index.php?rest_route=\/wp\/v2\/posts"}],"about":[{"href":"https:\/\/minutobahia24h.com.br\/index.php?rest_route=\/wp\/v2\/types\/post"}],"author":[{"embeddable":true,"href":"https:\/\/minutobahia24h.com.br\/index.php?rest_route=\/wp\/v2\/users\/2"}],"replies":[{"embeddable":true,"href":"https:\/\/minutobahia24h.com.br\/index.php?rest_route=%2Fwp%2Fv2%2Fcomments&post=5973"}],"version-history":[{"count":1,"href":"https:\/\/minutobahia24h.com.br\/index.php?rest_route=\/wp\/v2\/posts\/5973\/revisions"}],"predecessor-version":[{"id":5976,"href":"https:\/\/minutobahia24h.com.br\/index.php?rest_route=\/wp\/v2\/posts\/5973\/revisions\/5976"}],"wp:featuredmedia":[{"embeddable":true,"href":"https:\/\/minutobahia24h.com.br\/index.php?rest_route=\/wp\/v2\/media\/5975"}],"wp:attachment":[{"href":"https:\/\/minutobahia24h.com.br\/index.php?rest_route=%2Fwp%2Fv2%2Fmedia&parent=5973"}],"wp:term":[{"taxonomy":"category","embeddable":true,"href":"https:\/\/minutobahia24h.com.br\/index.php?rest_route=%2Fwp%2Fv2%2Fcategories&post=5973"},{"taxonomy":"post_tag","embeddable":true,"href":"https:\/\/minutobahia24h.com.br\/index.php?rest_route=%2Fwp%2Fv2%2Ftags&post=5973"}],"curies":[{"name":"wp","href":"https:\/\/api.w.org\/{rel}","templated":true}]}}