{"id":5851,"date":"2023-12-28T07:45:39","date_gmt":"2023-12-28T10:45:39","guid":{"rendered":"https:\/\/minutobahia24h.com.br\/?p=5851"},"modified":"2023-12-28T07:45:40","modified_gmt":"2023-12-28T10:45:40","slug":"jeronimo-rodrigues-teria-republicanos-como-sonho-de-consumo-para-compor-vice-de-geraldo-jr-entenda","status":"publish","type":"post","link":"https:\/\/minutobahia24h.com.br\/?p=5851","title":{"rendered":"Jer\u00f4nimo Rodrigues teria Republicanos como &#8220;sonho de consumo&#8221; para compor vice de Geraldo Jr.; entenda"},"content":{"rendered":"<div class=\"wp-block-image\">\n<figure class=\"aligncenter size-large\"><img data-recalc-dims=\"1\" fetchpriority=\"high\" decoding=\"async\" width=\"800\" height=\"420\" src=\"https:\/\/i0.wp.com\/minutobahia24h.com.br\/wp-content\/uploads\/2023\/12\/Sem-titulo-262-1024x538.jpg?resize=800%2C420&#038;ssl=1\" alt=\"\" class=\"wp-image-5853\" srcset=\"https:\/\/i0.wp.com\/minutobahia24h.com.br\/wp-content\/uploads\/2023\/12\/Sem-titulo-262.jpg?resize=1024%2C538&amp;ssl=1 1024w, https:\/\/i0.wp.com\/minutobahia24h.com.br\/wp-content\/uploads\/2023\/12\/Sem-titulo-262.jpg?resize=300%2C158&amp;ssl=1 300w, https:\/\/i0.wp.com\/minutobahia24h.com.br\/wp-content\/uploads\/2023\/12\/Sem-titulo-262.jpg?resize=768%2C403&amp;ssl=1 768w, https:\/\/i0.wp.com\/minutobahia24h.com.br\/wp-content\/uploads\/2023\/12\/Sem-titulo-262.jpg?resize=750%2C394&amp;ssl=1 750w, https:\/\/i0.wp.com\/minutobahia24h.com.br\/wp-content\/uploads\/2023\/12\/Sem-titulo-262.jpg?resize=1140%2C599&amp;ssl=1 1140w, https:\/\/i0.wp.com\/minutobahia24h.com.br\/wp-content\/uploads\/2023\/12\/Sem-titulo-262.jpg?w=1200&amp;ssl=1 1200w\" sizes=\"(max-width: 800px) 100vw, 800px\" \/><figcaption class=\"wp-element-caption\">Foto: Montagem Bahia Not\u00edcias<br><\/figcaption><\/figure>\n<\/div>\n\n\n<p>A reedi\u00e7\u00e3o de uma antiga parceria est\u00e1 no radar do governador Jer\u00f4nimo Rodrigues (PT) como um trunfo para as elei\u00e7\u00f5es de 2024. Fontes informaram ao Bahia Not\u00edcias que o petista busca atrair o Republicanos para compor a vice de Geraldo Jr. (MDB) na chapa que vai disputar a prefeitura de Salvador.\u00a0<\/p>\n\n\n\n<p>Ainda segundo pessoas pr\u00f3ximas ao governador, o retorno da alian\u00e7a seria um &#8220;sonho de consumo&#8221; de Jer\u00f4nimo. O partido ligado \u00e0 Igreja Universal fez parte da base de apoio ao\u00a0<a href=\"https:\/\/www.bahianoticias.com.br\/noticia\/264077-republicanos-estaria-avaliando-apoiar-wagner-para-governo-da-bahia-em-2022\" target=\"_blank\" rel=\"noreferrer noopener\">PT na Bahia entre os anos de 2006 e 2014<\/a>, embora j\u00e1 estivesse alinhado com o grupo comandado pelo ex-prefeito de Salvador ACM Neto (Uni\u00e3o), desde 2012.\u00a0<\/p>\n\n\n\n<p>A inten\u00e7\u00e3o de Jer\u00f4nimo seria ter um aliado de peso e com capilaridade na capital e ainda por cima se aproximar do eleitorado evang\u00e9lico. Circula nos bastidores que a vontade do governador \u00e9 de que a indica\u00e7\u00e3o para a vaga seja preenchida por uma mulher preta, mas ainda sem indica\u00e7\u00e3o de nomes.<\/p>\n\n\n\n<p>A informa\u00e7\u00e3o coincide com a vontade do partido em indicar um nome na majorit\u00e1ria. Nos \u00faltimos meses, quadros graduados da legenda n\u00e3o escondem o desejo de emplacar mais uma vice em disputas ao lado do Uni\u00e3o Brasil. \u00a0Indicando a vice de ACM Neto no pleito de 2022 ao governo da Bahia, com Ana Coelho, o partido deve buscar a indica\u00e7\u00e3o do nome para a majorit\u00e1ria de Bruno Reis (Uni\u00e3o), que tenta a reelei\u00e7\u00e3o em Salvador.<\/p>\n\n\n\n<p>&#8220;Eu acho que \u00e9 um assunto importante e tem a hora certa de ser tocada nisso. O prefeito est\u00e1 focado na gest\u00e3o de Salvador e na conversa com os partidos no momento certo. Eu tenho provocado isso, sempre perguntado a ele para ver quando vamos sentar, mas respeitando o tempo dele. Cobrando que tenhamos essa conversa e que a gente sente para ajustar&#8221;, disse o deputado federal e presidente estadual do Republicanos,\u00a0<a href=\"https:\/\/www.bahianoticias.com.br\/noticia\/284973-tenho-provocado-isso-sempre-perguntado-para-ver-quando-vamos-sentar-diz-marinho-sobre-dialogo-com-bruno-reis\" target=\"_blank\" rel=\"noreferrer noopener\">M\u00e1rcio Marinho, em entrevista ao Bahia Not\u00edcias em outubro.<\/a>\u00a0<\/p>\n\n\n\n<p>Al\u00e9m disso, no cen\u00e1rio nacional, PT e Republicanos demonstram cada vez mais alinhamento. Em setembro, Silvio Costa Filho (Republicanos-PE) assumiu o Minist\u00e9rio de Portos e Aeroportos, marcando a entrada do partido no governo federal.<\/p>\n\n\n\n<p>Um outro sinal de entendimento entre os antigos aliados est\u00e1 no poss\u00edvel apoio do presidente Luiz In\u00e1cio Lula da Silva (PT) a Marcos Pereira. O presidente nacional da sigla pretende se viabilizar para disputar a presid\u00eancia da C\u00e2mara dos Deputados, movimento que agradaria ao petista.\u00a0<\/p>\n\n\n\n<p>BN<\/p>\n","protected":false},"excerpt":{"rendered":"<p>A reedi\u00e7\u00e3o de uma antiga parceria est\u00e1 no radar do governador Jer\u00f4nimo Rodrigues (PT) como um trunfo para as elei\u00e7\u00f5es de 2024. Fontes informaram ao Bahia Not\u00edcias que o petista busca atrair o Republicanos para compor a vice de Geraldo Jr. (MDB) na chapa que vai disputar a prefeitura de Salvador.\u00a0 Ainda segundo pessoas pr\u00f3ximas [&hellip;]<\/p>\n","protected":false},"author":2,"featured_media":5853,"comment_status":"open","ping_status":"open","sticky":false,"template":"","format":"standard","meta":{"_jetpack_memberships_contains_paid_content":false,"footnotes":""},"categories":[39],"tags":[],"class_list":["post-5851","post","type-post","status-publish","format-standard","has-post-thumbnail","hentry","category-politica"],"aioseo_notices":[],"jetpack_featured_media_url":"https:\/\/i0.wp.com\/minutobahia24h.com.br\/wp-content\/uploads\/2023\/12\/Sem-titulo-262.jpg?fit=1200%2C630&ssl=1","jetpack_sharing_enabled":true,"_links":{"self":[{"href":"https:\/\/minutobahia24h.com.br\/index.php?rest_route=\/wp\/v2\/posts\/5851","targetHints":{"allow":["GET"]}}],"collection":[{"href":"https:\/\/minutobahia24h.com.br\/index.php?rest_route=\/wp\/v2\/posts"}],"about":[{"href":"https:\/\/minutobahia24h.com.br\/index.php?rest_route=\/wp\/v2\/types\/post"}],"author":[{"embeddable":true,"href":"https:\/\/minutobahia24h.com.br\/index.php?rest_route=\/wp\/v2\/users\/2"}],"replies":[{"embeddable":true,"href":"https:\/\/minutobahia24h.com.br\/index.php?rest_route=%2Fwp%2Fv2%2Fcomments&post=5851"}],"version-history":[{"count":1,"href":"https:\/\/minutobahia24h.com.br\/index.php?rest_route=\/wp\/v2\/posts\/5851\/revisions"}],"predecessor-version":[{"id":5854,"href":"https:\/\/minutobahia24h.com.br\/index.php?rest_route=\/wp\/v2\/posts\/5851\/revisions\/5854"}],"wp:featuredmedia":[{"embeddable":true,"href":"https:\/\/minutobahia24h.com.br\/index.php?rest_route=\/wp\/v2\/media\/5853"}],"wp:attachment":[{"href":"https:\/\/minutobahia24h.com.br\/index.php?rest_route=%2Fwp%2Fv2%2Fmedia&parent=5851"}],"wp:term":[{"taxonomy":"category","embeddable":true,"href":"https:\/\/minutobahia24h.com.br\/index.php?rest_route=%2Fwp%2Fv2%2Fcategories&post=5851"},{"taxonomy":"post_tag","embeddable":true,"href":"https:\/\/minutobahia24h.com.br\/index.php?rest_route=%2Fwp%2Fv2%2Ftags&post=5851"}],"curies":[{"name":"wp","href":"https:\/\/api.w.org\/{rel}","templated":true}]}}