{"id":5835,"date":"2023-12-28T07:21:25","date_gmt":"2023-12-28T10:21:25","guid":{"rendered":"https:\/\/minutobahia24h.com.br\/?p=5835"},"modified":"2023-12-28T07:21:27","modified_gmt":"2023-12-28T10:21:27","slug":"prazo-para-vacinacao-contra-a-febre-aftosa-vai-ate-31-de-dezembro-na-bahia","status":"publish","type":"post","link":"https:\/\/minutobahia24h.com.br\/?p=5835","title":{"rendered":"Prazo para vacina\u00e7\u00e3o contra a febre aftosa vai at\u00e9 31 de dezembro na Bahia"},"content":{"rendered":"<div class=\"wp-block-image\">\n<figure class=\"aligncenter size-large\"><img data-recalc-dims=\"1\" fetchpriority=\"high\" decoding=\"async\" width=\"800\" height=\"420\" src=\"https:\/\/i0.wp.com\/minutobahia24h.com.br\/wp-content\/uploads\/2023\/12\/Sem-titulo-258-1024x538.jpg?resize=800%2C420&#038;ssl=1\" alt=\"\" class=\"wp-image-5837\" srcset=\"https:\/\/i0.wp.com\/minutobahia24h.com.br\/wp-content\/uploads\/2023\/12\/Sem-titulo-258.jpg?resize=1024%2C538&amp;ssl=1 1024w, https:\/\/i0.wp.com\/minutobahia24h.com.br\/wp-content\/uploads\/2023\/12\/Sem-titulo-258.jpg?resize=300%2C158&amp;ssl=1 300w, https:\/\/i0.wp.com\/minutobahia24h.com.br\/wp-content\/uploads\/2023\/12\/Sem-titulo-258.jpg?resize=768%2C403&amp;ssl=1 768w, https:\/\/i0.wp.com\/minutobahia24h.com.br\/wp-content\/uploads\/2023\/12\/Sem-titulo-258.jpg?resize=750%2C394&amp;ssl=1 750w, https:\/\/i0.wp.com\/minutobahia24h.com.br\/wp-content\/uploads\/2023\/12\/Sem-titulo-258.jpg?resize=1140%2C599&amp;ssl=1 1140w, https:\/\/i0.wp.com\/minutobahia24h.com.br\/wp-content\/uploads\/2023\/12\/Sem-titulo-258.jpg?w=1200&amp;ssl=1 1200w\" sizes=\"(max-width: 800px) 100vw, 800px\" \/><figcaption class=\"wp-element-caption\">Foto: Divulga\u00e7\u00e3o<br><\/figcaption><\/figure>\n<\/div>\n\n\n<p>Segue at\u00e9 o pr\u00f3ximo dia 31 de dezembro a campanha de vacina\u00e7\u00e3o contra a febre aftosa. O per\u00edodo para imunizar o rebanho bovino e bubalino se encerraria no fim de novembro, mas, devido \u00e0 estiagem que afeta todo o estado, a Ag\u00eancia de Defesa Agropecu\u00e1ria da Bahia (Adab), \u00f3rg\u00e3o vinculado \u00e0 Secretaria da Agricultura, Pecu\u00e1ria, Irriga\u00e7\u00e3o, Pesca e Aquicultura (Seagri), prorrogou o prazo. J\u00e1 a declara\u00e7\u00e3o da vacina\u00e7\u00e3o pode ser feita at\u00e9 o dia 15 de janeiro de 2024.<\/p>\n\n\n\n<p>A Bahia conta com um rebanho bovino de cerca de 13 milh\u00f5es de cabe\u00e7as. A Adab enfatiza a import\u00e2ncia da vacina\u00e7\u00e3o para prevenir a Febre Aftosa, uma das mais graves enfermidades que afetam bovinos e bubalinos. T\u00e3o importante quanto vacinar, \u00e9 declarar a aplica\u00e7\u00e3o do imunizante, frisa o diretor-geral da Ag\u00eancia, Paulo S\u00e9rgio Luz.<\/p>\n\n\n\n<p>Imunizar os animais \u00e9 crucial n\u00e3o apenas para a sa\u00fade do rebanho, mas tamb\u00e9m para a economia, pois a presen\u00e7a da doen\u00e7a pode afetar as exporta\u00e7\u00f5es de carne. A Bahia est\u00e1 avan\u00e7ando para se tornar o primeiro estado do Nordeste a alcan\u00e7ar o status de Zona Livre da Aftosa sem Vacina\u00e7\u00e3o em 2024, o que permitir\u00e1 a abertura de novos mercados \u00e0 carne baiana.<\/p>\n\n\n\n<p><strong>DECLARA\u00c7\u00c3O\u00a0<\/strong><\/p>\n\n\n\n<p>A declara\u00e7\u00e3o da vacina\u00e7\u00e3o e da geolocaliza\u00e7\u00e3o das propriedades s\u00e3o de suma import\u00e2ncia. Os dois quesitos s\u00e3o exigidos pelo Minist\u00e9rio da Agricultura e organismos internacionais para aferir o n\u00edvel de seguran\u00e7a da defesa agropecu\u00e1ria do estado e a sanidade dos animais.<\/p>\n\n\n\n<p>Os produtores que n\u00e3o realizarem a declara\u00e7\u00e3o da vacina\u00e7\u00e3o ter\u00e3o suas propriedades interditadas, ficando impedidos de emitir a Guia de Tr\u00e2nsito Animal (GTA). Entre as san\u00e7\u00f5es, tamb\u00e9m est\u00e3o estabelecidas, por lei, notifica\u00e7\u00e3o e multa. Em todo o Estado, a Adab disponibiliza mais de 390 escrit\u00f3rios para atender aos criadores em suas mais de 400 mil propriedades rurais cadastradas.\u00a0<\/p>\n\n\n\n<p>BN<\/p>\n","protected":false},"excerpt":{"rendered":"<p>Segue at\u00e9 o pr\u00f3ximo dia 31 de dezembro a campanha de vacina\u00e7\u00e3o contra a febre aftosa. O per\u00edodo para imunizar o rebanho bovino e bubalino se encerraria no fim de novembro, mas, devido \u00e0 estiagem que afeta todo o estado, a Ag\u00eancia de Defesa Agropecu\u00e1ria da Bahia (Adab), \u00f3rg\u00e3o vinculado \u00e0 Secretaria da Agricultura, Pecu\u00e1ria, [&hellip;]<\/p>\n","protected":false},"author":2,"featured_media":5837,"comment_status":"open","ping_status":"open","sticky":false,"template":"","format":"standard","meta":{"_jetpack_memberships_contains_paid_content":false,"footnotes":""},"categories":[46],"tags":[],"class_list":["post-5835","post","type-post","status-publish","format-standard","has-post-thumbnail","hentry","category-noticia"],"aioseo_notices":[],"jetpack_featured_media_url":"https:\/\/i0.wp.com\/minutobahia24h.com.br\/wp-content\/uploads\/2023\/12\/Sem-titulo-258.jpg?fit=1200%2C630&ssl=1","jetpack_sharing_enabled":true,"_links":{"self":[{"href":"https:\/\/minutobahia24h.com.br\/index.php?rest_route=\/wp\/v2\/posts\/5835","targetHints":{"allow":["GET"]}}],"collection":[{"href":"https:\/\/minutobahia24h.com.br\/index.php?rest_route=\/wp\/v2\/posts"}],"about":[{"href":"https:\/\/minutobahia24h.com.br\/index.php?rest_route=\/wp\/v2\/types\/post"}],"author":[{"embeddable":true,"href":"https:\/\/minutobahia24h.com.br\/index.php?rest_route=\/wp\/v2\/users\/2"}],"replies":[{"embeddable":true,"href":"https:\/\/minutobahia24h.com.br\/index.php?rest_route=%2Fwp%2Fv2%2Fcomments&post=5835"}],"version-history":[{"count":1,"href":"https:\/\/minutobahia24h.com.br\/index.php?rest_route=\/wp\/v2\/posts\/5835\/revisions"}],"predecessor-version":[{"id":5838,"href":"https:\/\/minutobahia24h.com.br\/index.php?rest_route=\/wp\/v2\/posts\/5835\/revisions\/5838"}],"wp:featuredmedia":[{"embeddable":true,"href":"https:\/\/minutobahia24h.com.br\/index.php?rest_route=\/wp\/v2\/media\/5837"}],"wp:attachment":[{"href":"https:\/\/minutobahia24h.com.br\/index.php?rest_route=%2Fwp%2Fv2%2Fmedia&parent=5835"}],"wp:term":[{"taxonomy":"category","embeddable":true,"href":"https:\/\/minutobahia24h.com.br\/index.php?rest_route=%2Fwp%2Fv2%2Fcategories&post=5835"},{"taxonomy":"post_tag","embeddable":true,"href":"https:\/\/minutobahia24h.com.br\/index.php?rest_route=%2Fwp%2Fv2%2Ftags&post=5835"}],"curies":[{"name":"wp","href":"https:\/\/api.w.org\/{rel}","templated":true}]}}