{"id":5827,"date":"2023-12-28T07:18:17","date_gmt":"2023-12-28T10:18:17","guid":{"rendered":"https:\/\/minutobahia24h.com.br\/?p=5827"},"modified":"2023-12-28T07:18:18","modified_gmt":"2023-12-28T10:18:18","slug":"governador-assina-decreto-que-garante-progressao-de-carreira-para-profissionais-da-saude","status":"publish","type":"post","link":"https:\/\/minutobahia24h.com.br\/?p=5827","title":{"rendered":"Governador assina decreto que garante progress\u00e3o de carreira para profissionais da sa\u00fade"},"content":{"rendered":"<div class=\"wp-block-image\">\n<figure class=\"aligncenter size-full\"><img data-recalc-dims=\"1\" fetchpriority=\"high\" decoding=\"async\" width=\"599\" height=\"420\" src=\"https:\/\/i0.wp.com\/minutobahia24h.com.br\/wp-content\/uploads\/2023\/12\/Sem-titulo-256.jpg?resize=599%2C420&#038;ssl=1\" alt=\"\" class=\"wp-image-5829\" srcset=\"https:\/\/i0.wp.com\/minutobahia24h.com.br\/wp-content\/uploads\/2023\/12\/Sem-titulo-256.jpg?w=599&amp;ssl=1 599w, https:\/\/i0.wp.com\/minutobahia24h.com.br\/wp-content\/uploads\/2023\/12\/Sem-titulo-256.jpg?resize=300%2C210&amp;ssl=1 300w\" sizes=\"(max-width: 599px) 100vw, 599px\" \/><figcaption class=\"wp-element-caption\">Fotos: Matheus Landim\/GOVBA<br><\/figcaption><\/figure>\n<\/div>\n\n\n<p>O governador Jer\u00f4nimo Rodrigues assinou, na noite desta quarta-feira (27), no Centro Administrativo da Bahia (CAB), o decreto que regulamenta a promo\u00e7\u00e3o extraordin\u00e1ria do servidor estatut\u00e1rio de uma classe para a seguinte na carreira, por meio da realiza\u00e7\u00e3o de avalia\u00e7\u00e3o de desempenho individual.<\/p>\n\n\n\n<p>O documento, que ser\u00e1 publicado na edi\u00e7\u00e3o desta quinta-feira (28) do Di\u00e1rio Oficial do Estado (DOE), vai garantir que 10.185 servidores, entre m\u00e9dicos, enfermeiros e outros profissionais, sejam beneficiados com a majora\u00e7\u00e3o da remunera\u00e7\u00e3o. Os representantes do Grupo Ocupacional de Servi\u00e7os P\u00fablicos de Sa\u00fade do Estado da Bahia, presentes no ato, celebraram a conquista da categoria.<\/p>\n\n\n\n<p>\u201cNessa transi\u00e7\u00e3o entre o Natal e o Ano Novo, n\u00e3o perdemos de vista aquilo que havia sido combinado, que \u00e9 a valoriza\u00e7\u00e3o dos profissionais de sa\u00fade. Para n\u00f3s, essa \u00e9 uma forma de incentivar os profissionais a se doarem ainda mais \u00e0 fun\u00e7\u00e3o de cuidar da vida das pessoas. Gostaria de parabenizar a todos eles por mais essa conquista\u201d, pontuou Jer\u00f4nimo.<\/p>\n\n\n\n<p>Segundo a secret\u00e1ria de sa\u00fade, Roberta Santana, a promo\u00e7\u00e3o ter\u00e1 um impacto financeiro anual de R$ 41,6 milh\u00f5es, representando um acr\u00e9scimo de 2,73% do gasto anual com pessoal da Secretaria Estadual da Sa\u00fade (Sesab), que foi devidamente tratado e previsto na lei or\u00e7ament\u00e1ria. \u201cO decreto j\u00e1 entra em vig\u00eancia a partir de amanh\u00e3 [28\/12], ent\u00e3o os profissionais j\u00e1 podem submeter \u00e0 avalia\u00e7\u00e3o individual. O valor retroativo tamb\u00e9m est\u00e1 assegurado. Ficamos muito felizes com esse reconhecimento do Governo do Estado em reconhecer os profissionais que est\u00e3o 24 horas cuidando das pessoas\u201d, explicou.<\/p>\n\n\n\n<p>O ciclo de avalia\u00e7\u00e3o de desempenho individual ter\u00e1 dura\u00e7\u00e3o de seis meses e ser\u00e1 constitu\u00eddo por indicadores relacionados a Relacionamento Interpessoal e Engajamento Profissional; Suporte Institucional; Conhecimento T\u00e9cnico; Suporte a Estudos e Pesquisas.<\/p>\n\n\n\n<p>Os dois meses iniciais servir\u00e3o para observa\u00e7\u00e3o do desempenho do servidor avaliado, os dois meses seguintes para a avalia\u00e7\u00e3o do desempenho do servidor, devendo ser registrado no sistema. Os dois \u00faltimos meses servir\u00e3o para a consolida\u00e7\u00e3o e encaminhamento do formul\u00e1rio eletr\u00f4nico \u00e0 Unidade de Recursos Humanos do \u00f3rg\u00e3o ou entidade onde o servidor desempenha suas fun\u00e7\u00f5es.<\/p>\n\n\n\n<p>A presidente do Sindicato dos Trabalhadores em Sa\u00fade do Estado da Bahia (Sindsa\u00fade), Ivanilda Souza Brito, comemorou esse avan\u00e7o da categoria. \u201cAcredito muito no di\u00e1logo e esse encontro \u00e9 de extrema import\u00e2ncia para n\u00f3s. O Sindsa\u00fade agradece ao governador pela disposi\u00e7\u00e3o em atender e resolver o nosso pleito. Torcemos para que todos alcancem a progress\u00e3o\u201d. Participaram tamb\u00e9m da assinatura representantes de entidades da classe, deputados, secret\u00e1rios estaduais e profissionais da \u00e1rea.<\/p>\n\n\n\n<p>Bahia.ba<\/p>\n","protected":false},"excerpt":{"rendered":"<p>O governador Jer\u00f4nimo Rodrigues assinou, na noite desta quarta-feira (27), no Centro Administrativo da Bahia (CAB), o decreto que regulamenta a promo\u00e7\u00e3o extraordin\u00e1ria do servidor estatut\u00e1rio de uma classe para a seguinte na carreira, por meio da realiza\u00e7\u00e3o de avalia\u00e7\u00e3o de desempenho individual. O documento, que ser\u00e1 publicado na edi\u00e7\u00e3o desta quinta-feira (28) do Di\u00e1rio [&hellip;]<\/p>\n","protected":false},"author":2,"featured_media":5829,"comment_status":"open","ping_status":"open","sticky":false,"template":"","format":"standard","meta":{"_jetpack_memberships_contains_paid_content":false,"footnotes":""},"categories":[39],"tags":[],"class_list":["post-5827","post","type-post","status-publish","format-standard","has-post-thumbnail","hentry","category-politica"],"aioseo_notices":[],"jetpack_featured_media_url":"https:\/\/i0.wp.com\/minutobahia24h.com.br\/wp-content\/uploads\/2023\/12\/Sem-titulo-256.jpg?fit=599%2C420&ssl=1","jetpack_sharing_enabled":true,"_links":{"self":[{"href":"https:\/\/minutobahia24h.com.br\/index.php?rest_route=\/wp\/v2\/posts\/5827","targetHints":{"allow":["GET"]}}],"collection":[{"href":"https:\/\/minutobahia24h.com.br\/index.php?rest_route=\/wp\/v2\/posts"}],"about":[{"href":"https:\/\/minutobahia24h.com.br\/index.php?rest_route=\/wp\/v2\/types\/post"}],"author":[{"embeddable":true,"href":"https:\/\/minutobahia24h.com.br\/index.php?rest_route=\/wp\/v2\/users\/2"}],"replies":[{"embeddable":true,"href":"https:\/\/minutobahia24h.com.br\/index.php?rest_route=%2Fwp%2Fv2%2Fcomments&post=5827"}],"version-history":[{"count":1,"href":"https:\/\/minutobahia24h.com.br\/index.php?rest_route=\/wp\/v2\/posts\/5827\/revisions"}],"predecessor-version":[{"id":5830,"href":"https:\/\/minutobahia24h.com.br\/index.php?rest_route=\/wp\/v2\/posts\/5827\/revisions\/5830"}],"wp:featuredmedia":[{"embeddable":true,"href":"https:\/\/minutobahia24h.com.br\/index.php?rest_route=\/wp\/v2\/media\/5829"}],"wp:attachment":[{"href":"https:\/\/minutobahia24h.com.br\/index.php?rest_route=%2Fwp%2Fv2%2Fmedia&parent=5827"}],"wp:term":[{"taxonomy":"category","embeddable":true,"href":"https:\/\/minutobahia24h.com.br\/index.php?rest_route=%2Fwp%2Fv2%2Fcategories&post=5827"},{"taxonomy":"post_tag","embeddable":true,"href":"https:\/\/minutobahia24h.com.br\/index.php?rest_route=%2Fwp%2Fv2%2Ftags&post=5827"}],"curies":[{"name":"wp","href":"https:\/\/api.w.org\/{rel}","templated":true}]}}