{"id":5778,"date":"2023-12-27T06:57:01","date_gmt":"2023-12-27T09:57:01","guid":{"rendered":"https:\/\/minutobahia24h.com.br\/?p=5778"},"modified":"2023-12-27T06:57:02","modified_gmt":"2023-12-27T09:57:02","slug":"brasilia-de-folga-parlamentares-tem-ferias-de-40-dias-e-retornam-ao-congresso-em-2-de-fevereiro","status":"publish","type":"post","link":"https:\/\/minutobahia24h.com.br\/?p=5778","title":{"rendered":"Bras\u00edlia de folga: parlamentares t\u00eam f\u00e9rias de 40 dias e retornam ao Congresso em 2 de fevereiro"},"content":{"rendered":"<div class=\"wp-block-image\">\n<figure class=\"aligncenter size-full\"><img data-recalc-dims=\"1\" fetchpriority=\"high\" decoding=\"async\" width=\"785\" height=\"565\" src=\"https:\/\/i0.wp.com\/minutobahia24h.com.br\/wp-content\/uploads\/2023\/12\/Sem-titulo-244.jpg?resize=785%2C565&#038;ssl=1\" alt=\"\" class=\"wp-image-5780\" srcset=\"https:\/\/i0.wp.com\/minutobahia24h.com.br\/wp-content\/uploads\/2023\/12\/Sem-titulo-244.jpg?w=785&amp;ssl=1 785w, https:\/\/i0.wp.com\/minutobahia24h.com.br\/wp-content\/uploads\/2023\/12\/Sem-titulo-244.jpg?resize=300%2C216&amp;ssl=1 300w, https:\/\/i0.wp.com\/minutobahia24h.com.br\/wp-content\/uploads\/2023\/12\/Sem-titulo-244.jpg?resize=768%2C553&amp;ssl=1 768w, https:\/\/i0.wp.com\/minutobahia24h.com.br\/wp-content\/uploads\/2023\/12\/Sem-titulo-244.jpg?resize=120%2C86&amp;ssl=1 120w, https:\/\/i0.wp.com\/minutobahia24h.com.br\/wp-content\/uploads\/2023\/12\/Sem-titulo-244.jpg?resize=750%2C540&amp;ssl=1 750w\" sizes=\"(max-width: 785px) 100vw, 785px\" \/><\/figure>\n<\/div>\n\n\n<p>Os deputados federais e senadores entraram em recesso parlamentar no \u00faltimo s\u00e1bado, 23, e ficar\u00e3o longe do Congresso at\u00e9 o dia 1\u00aa de fevereiro de 2024. Esse \u00e9 o segundo per\u00edodo de \u201cf\u00e9rias\u201d do Legislativo e completa os 55 dias anuais previstos pela Constitui\u00e7\u00e3o. A primeira parte ocorreu no meio do ano, entre 18 e 31 de julho. O per\u00edodo de recesso, no entanto, nem sempre \u00e9 uma folga. Os parlamentares ficam afastados dos espa\u00e7os f\u00edsicos da C\u00e2mara dos Deputados e do Senado Federal, mas muitos utilizam esse tempo para estreitar os la\u00e7os com suas bases eleitorais.<\/p>\n\n\n\n<p>O Congresso, por sua vez, n\u00e3o fica vazio nas \u201cf\u00e9rias de ver\u00e3o\u201d. No per\u00edodo de interrup\u00e7\u00e3o das atividades parlamentares, uma comiss\u00e3o de sete senadores e 16 deputados funciona para representar as duas Casas, fiscalizar o Poder Executivo, exercer atribui\u00e7\u00f5es de car\u00e1ter urgente e zelar pelas prerrogativas e compet\u00eancias do Legislativo. Em caso de necessidade de aprecia\u00e7\u00e3o de algum projeto importante para o Pa\u00eds, o recesso pode ser interrompido. Atualmente, devido aos mecanismos adotados na pandemia de Covid-19, h\u00e1 como fazer essa movimenta\u00e7\u00e3o de forma virtual.<\/p>\n\n\n\n<p>At\u00e9 agora, as duas Casas t\u00eam apenas alguns compromissos marcados para 2024. O \u00fanico evento na agenda da C\u00e2mara para o pr\u00f3ximo ano deve ocorrer em 7 de fevereiro, quando ser\u00e3o lan\u00e7adas as frentes parlamentares da Ci\u00eancia, Tecnologia, Pesquisa e Inova\u00e7\u00e3o; da Odontologia; do Apoio ao Empreendedorismo; do Jovem Aprendiz e pela Administra\u00e7\u00e3o.<\/p>\n\n\n\n<p>J\u00e1 o Senado tem quatro eventos marcados. Dois ocorrer\u00e3o no dia 25 de mar\u00e7o e marcam a comemora\u00e7\u00e3o dos 200 anos de funda\u00e7\u00e3o da Casa. Em 15 de abril, os senadores se reunir\u00e3o no plen\u00e1rio onde ser\u00e1 promovido ato sobre os 60 anos da Ditadura Militar no Brasil. Em outubro, os senadores comemorar\u00e3o os 80 anos da Confedera\u00e7\u00e3o Nacional dos Estabelecimentos de Ensino.<\/p>\n\n\n\n<p>politicalivre<\/p>\n","protected":false},"excerpt":{"rendered":"<p>Os deputados federais e senadores entraram em recesso parlamentar no \u00faltimo s\u00e1bado, 23, e ficar\u00e3o longe do Congresso at\u00e9 o dia 1\u00aa de fevereiro de 2024. Esse \u00e9 o segundo per\u00edodo de \u201cf\u00e9rias\u201d do Legislativo e completa os 55 dias anuais previstos pela Constitui\u00e7\u00e3o. A primeira parte ocorreu no meio do ano, entre 18 e [&hellip;]<\/p>\n","protected":false},"author":2,"featured_media":5780,"comment_status":"open","ping_status":"open","sticky":false,"template":"","format":"standard","meta":{"_jetpack_memberships_contains_paid_content":false,"footnotes":""},"categories":[39],"tags":[],"class_list":["post-5778","post","type-post","status-publish","format-standard","has-post-thumbnail","hentry","category-politica"],"aioseo_notices":[],"jetpack_featured_media_url":"https:\/\/i0.wp.com\/minutobahia24h.com.br\/wp-content\/uploads\/2023\/12\/Sem-titulo-244.jpg?fit=785%2C565&ssl=1","jetpack_sharing_enabled":true,"_links":{"self":[{"href":"https:\/\/minutobahia24h.com.br\/index.php?rest_route=\/wp\/v2\/posts\/5778","targetHints":{"allow":["GET"]}}],"collection":[{"href":"https:\/\/minutobahia24h.com.br\/index.php?rest_route=\/wp\/v2\/posts"}],"about":[{"href":"https:\/\/minutobahia24h.com.br\/index.php?rest_route=\/wp\/v2\/types\/post"}],"author":[{"embeddable":true,"href":"https:\/\/minutobahia24h.com.br\/index.php?rest_route=\/wp\/v2\/users\/2"}],"replies":[{"embeddable":true,"href":"https:\/\/minutobahia24h.com.br\/index.php?rest_route=%2Fwp%2Fv2%2Fcomments&post=5778"}],"version-history":[{"count":1,"href":"https:\/\/minutobahia24h.com.br\/index.php?rest_route=\/wp\/v2\/posts\/5778\/revisions"}],"predecessor-version":[{"id":5781,"href":"https:\/\/minutobahia24h.com.br\/index.php?rest_route=\/wp\/v2\/posts\/5778\/revisions\/5781"}],"wp:featuredmedia":[{"embeddable":true,"href":"https:\/\/minutobahia24h.com.br\/index.php?rest_route=\/wp\/v2\/media\/5780"}],"wp:attachment":[{"href":"https:\/\/minutobahia24h.com.br\/index.php?rest_route=%2Fwp%2Fv2%2Fmedia&parent=5778"}],"wp:term":[{"taxonomy":"category","embeddable":true,"href":"https:\/\/minutobahia24h.com.br\/index.php?rest_route=%2Fwp%2Fv2%2Fcategories&post=5778"},{"taxonomy":"post_tag","embeddable":true,"href":"https:\/\/minutobahia24h.com.br\/index.php?rest_route=%2Fwp%2Fv2%2Ftags&post=5778"}],"curies":[{"name":"wp","href":"https:\/\/api.w.org\/{rel}","templated":true}]}}