{"id":5754,"date":"2023-12-26T07:07:50","date_gmt":"2023-12-26T10:07:50","guid":{"rendered":"https:\/\/minutobahia24h.com.br\/?p=5754"},"modified":"2023-12-26T07:07:51","modified_gmt":"2023-12-26T10:07:51","slug":"whindersson-quer-criacao-de-lei-em-nome-de-jovem-morta-por-fake-news","status":"publish","type":"post","link":"https:\/\/minutobahia24h.com.br\/?p=5754","title":{"rendered":"Whindersson quer cria\u00e7\u00e3o de lei em nome de jovem morta por fake news"},"content":{"rendered":"<div class=\"wp-block-image\">\n<figure class=\"aligncenter size-large\"><img data-recalc-dims=\"1\" fetchpriority=\"high\" decoding=\"async\" width=\"800\" height=\"420\" src=\"https:\/\/i0.wp.com\/minutobahia24h.com.br\/wp-content\/uploads\/2023\/12\/Sem-titulo-238-1024x538.jpg?resize=800%2C420&#038;ssl=1\" alt=\"\" class=\"wp-image-5756\" srcset=\"https:\/\/i0.wp.com\/minutobahia24h.com.br\/wp-content\/uploads\/2023\/12\/Sem-titulo-238.jpg?resize=1024%2C538&amp;ssl=1 1024w, https:\/\/i0.wp.com\/minutobahia24h.com.br\/wp-content\/uploads\/2023\/12\/Sem-titulo-238.jpg?resize=300%2C158&amp;ssl=1 300w, https:\/\/i0.wp.com\/minutobahia24h.com.br\/wp-content\/uploads\/2023\/12\/Sem-titulo-238.jpg?resize=768%2C403&amp;ssl=1 768w, https:\/\/i0.wp.com\/minutobahia24h.com.br\/wp-content\/uploads\/2023\/12\/Sem-titulo-238.jpg?resize=750%2C394&amp;ssl=1 750w, https:\/\/i0.wp.com\/minutobahia24h.com.br\/wp-content\/uploads\/2023\/12\/Sem-titulo-238.jpg?resize=1140%2C599&amp;ssl=1 1140w, https:\/\/i0.wp.com\/minutobahia24h.com.br\/wp-content\/uploads\/2023\/12\/Sem-titulo-238.jpg?w=1200&amp;ssl=1 1200w\" sizes=\"(max-width: 800px) 100vw, 800px\" \/><figcaption class=\"wp-element-caption\">Foto: Reprodu\u00e7\u00e3o Redes Sociais<br><\/figcaption><\/figure>\n<\/div>\n\n\n<p>Whindersson Nunes, 28, se manifestou, na noite deste domingo (24), para desmentir, mais uma vez, ter algum envolvimento com J\u00e9ssica Vit\u00f3ria Canedo, que morreu ap\u00f3s a fake news sobre o affair gerar uma onda de ataque nas redes sociais. O humorista deixou uma mensagem de p\u00easames para a m\u00e3e da jovem de 22 anos e pediu a cria\u00e7\u00e3o de uma lei para impedir que novos casos como o ocorrido voltem a ocorrer.<br>&nbsp;<\/p>\n\n\n\n<p>Em v\u00eddeo de dez minutos, o humorista abriu o seu discurso contando que foi procurado por um homem, sob alega\u00e7\u00e3o de que tinha recebido um print de troca de mensagens dele com a jovem. &#8220;Uma p\u00e1gina de fofoca, uma outra p\u00e1gina de fofoca, mandou mensagem pra mim: &#8220;Olha, t\u00f4 mandando uns prints de uma conversa sua, mas a gente n\u00e3o vai postar, porque n\u00e3o parece ser voc\u00ea nas conversas. Voc\u00ea quer que eu mande pra voc\u00ea?&#8221;. Eu falei: &#8220;Mande, mas quem \u00e9 a pessoa?&#8221; [e falaram]: &#8220;\u00c9 a J\u00e9ssica&#8221;. A J\u00e9ssica, como se eu conhecesse alguma J\u00e9ssica. Ent\u00e3o, eu j\u00e1 sabia que n\u00e3o era eu&#8221;, iniciou.<br>&nbsp;<\/p>\n\n\n\n<p>Ele explicou que o seu sil\u00eancio diante do caso ocorreu por j\u00e1 ter sofrido com ataque de \u00f3dio na internet sobre seus relacionamentos e a perda de seu filho. &#8220;N\u00e3o conhecia a J\u00e9ssica, n\u00e3o sabia quem ela era, nunca tinha visto ela na minha vida. N\u00e3o sabia se ela tava participando ou n\u00e3o, mas tamb\u00e9m n\u00e3o acusei. Ent\u00e3o, quando eu vi a not\u00edcia, j\u00e1 voltei e disse que n\u00e3o conhecia ela, que essa era uma conversa fake, j\u00e1 pra desmentir e deixei quieto, porque eu deixo tudo quieto. Se eu fosse falar qualquer coisa que passei com mulher na minha vida, como eu sei que as pessoas s\u00e3o cru\u00e9is, eu sei que elas v\u00e3o detonar a pessoa. Ent\u00e3o, eu prefiro engolir&#8221;, comentou.<br>&nbsp;<\/p>\n\n\n\n<p>No v\u00eddeo, o humorista contou que havia decidido gravar um v\u00eddeo em seu retorno ao Brasil para acabar com a fake news, mas poucos dias depois ficou sabendo sobre da morte da jovem e ficou sem rea\u00e7\u00e3o. &#8220;Eu pensei: &#8220;meu Deus do c\u00e9u, pelo amor de Deus, que n\u00e3o comece a inventar que eu n\u00e3o t\u00f4 falando sobre, porque eu n\u00e3o quero falar, pra n\u00e3o ter culpa, porque eu s\u00f3 preciso de um tempo pra poder pensar nisso, que isso \u00e9 muito novo pra mim tamb\u00e9m, isso nunca aconteceu comigo&#8221;. Aconteceu de tudo um pouco, eu posso afirmar, mas isso, com certeza, nunca aconteceu&#8221;, disse.<\/p>\n\n\n\n<p>Whindersson Nunes, ent\u00e3o, abriu o cora\u00e7\u00e3o para expor as suas dores, comparou a morte da jovem a perda de seu filho e deixou uma mensagem de sentimentos para a m\u00e3e da jovem. &#8220;Quero falar com a m\u00e3e da J\u00e9ssica. Eu sou um cara muito problem\u00e1tico, tamb\u00e9m tento h\u00e1 muito tempo dar sentido \u00e0 minha vida. Eu tento me curar de abuso psicol\u00f3gico, de abuso sexual na inf\u00e2ncia. T\u00f4 me abrindo aqui de uma forma que eu s\u00f3 me abri pra pessoas que eu me relacionei mesmo, mas pra nesse momento vulner\u00e1vel a\u00ed da senhora eu me mostrar a minha parte mais vulner\u00e1vel tamb\u00e9m. J\u00e1 passei de tudo um pouco na vida, de todo tipo de coisa ruim, mas eu jamais incentivaria ningu\u00e9m a tirar a pr\u00f3pria vida&#8221;, pontua.<br>&nbsp;<\/p>\n\n\n\n<p>Ele criticou a p\u00e1gina Choquei por ter exposto o caso mentiroso sem apura\u00e7\u00e3o, mas tamb\u00e9m pediu para n\u00e3o haver uma onda de \u00f3dio contra a p\u00e1gina e seu respons\u00e1vel. &#8220;Administrador da Choquei, eu j\u00e1 vi muita gente botando no Twitter a foto dele e dizendo &#8220;\u00f3, essa aqui \u00e9 a foto do cara&#8221;. Isso pode gerar, \u00e0s vezes, um ataque no meio da rua. Algu\u00e9m fazer alguma coisa fisicamente com esse cara e a gente n\u00e3o quer mais v\u00edtimas aqui, a gente n\u00e3o queria nenhuma v\u00edtima&#8221;, pede.<br>&nbsp;<\/p>\n\n\n\n<p>Ap\u00f3s expor que j\u00e1 havia dito a quem est\u00e1 a seu redor que sua exposi\u00e7\u00e3o poderia causar dor, Whindersson Nunes encerrou sua manifesta\u00e7\u00e3o dizendo que est\u00e1 comprometido em acompanhar a apura\u00e7\u00e3o da pol\u00edcia sobre a morte da jovem e quer a cria\u00e7\u00e3o de uma lei chamada &#8220;J\u00e9ssica Vit\u00f3ria&#8221;.<br>&nbsp;<\/p>\n\n\n\n<p>&#8220;Iniciar um movimento para ver se contribui para a gente criar uma lei chamada J\u00e9ssica Vit\u00f3ria para aprimorar a legisla\u00e7\u00e3o brasileira nesse neg\u00f3cio que est\u00e1 acontecendo agora, que \u00e9 esse jornalismo n\u00e3o oficial. Que isso \u00e9 muito perigoso. Tem gente que tem muito seguidor e diz que n\u00e3o \u00e9 uma coisa oficial, mas \u00e9 uma coisa que impacta de verdade&#8221;, declara.<br>&nbsp;<\/p>\n\n\n\n<p>Ao fim, ele novamente deixou uma mensagem de p\u00easames a m\u00e3e de J\u00e9ssica Vit\u00f3ria Canedo. &#8220;Um abra\u00e7o da m\u00e3e da J\u00e9ssica e vamos atr\u00e1s de ver o que a gente pode fazer para melhorar daqui para frente, pelo menos a vida das pessoas nesse sentido. Se poss\u00edvel, um Feliz Natal e Feliz Ano-Novo a\u00ed para todo mundo&#8221;, conclui.<br>&nbsp;<\/p>\n\n\n\n<p><strong>A MORTE DE J\u00c9SSICA<br><\/strong>\u00a0<\/p>\n\n\n\n<p>J\u00e9ssica Canedo foi v\u00edtima de not\u00edcias falsas que a apontavam como um affair de Whindersson Nunes. Supostas capturas de conversas entre Whindersson e J\u00e9ssica foram divulgadas por p\u00e1ginas de fofoca nas redes sociais, como a Choquei.<br>&nbsp;<\/p>\n\n\n\n<p>Antes da morte de J\u00e9ssica, Whindersson comentou em uma das postagens, dizendo que estavam usando a imagem do perfil dela de forma equivocada. A Pol\u00edcia Civil de Minas Gerais disse que a morte ocorreu na sexta-feira (22) e que o corpo foi encaminhado para exames. &#8220;A PCMG apura a causa da morte.&#8221;<br>\u00a0<\/p>\n\n\n\n<p>Whindersson lamentou o ocorrido e disse estar &#8220;muito triste&#8221; com a situa\u00e7\u00e3o. &#8220;Estou extremamente triste. Voltei ao dia em que perdi meu filho. Que ningu\u00e9m passe pela dor de enterrar um filho&#8221;, disse, em uma nota enviada por sua assessoria.<br>&nbsp;<\/p>\n\n\n\n<p>A p\u00e1gina Choquei diz que n\u00e3o cometeu nenhuma irregularidade. &#8220;Todas as publica\u00e7\u00f5es foram feitas com base em dados dispon\u00edveis no momento e em estrito cumprimento das atividades habituais decorrentes do exerc\u00edcio do direito \u00e0 informa\u00e7\u00e3o&#8221;, diz a p\u00e1gina, sem especificar quais s\u00e3o os crit\u00e9rios das &#8220;atividades habituais&#8221;.<br>&nbsp;<\/p>\n\n\n\n<p>Ap\u00f3s repercuss\u00e3o do caso, Raphael Sousa fechou o perfil pessoal no Instagram. Ele acumula mais de 1,1 milh\u00e3o de seguidores. Procurado por Splash, o dono da Choquei n\u00e3o retornou o contato at\u00e9 o momento. O espa\u00e7o permanece aberto.<br>&nbsp;<\/p>\n\n\n\n<p><strong>PROCURE AJUDA<\/strong><br>\u00a0<\/p>\n\n\n\n<p>Caso voc\u00ea tenha pensamentos suicidas, procure ajuda especializada como o CVV e os Caps (Centros de Aten\u00e7\u00e3o Psicossocial) da sua cidade. O CVV funciona 24 horas por dia (inclusive aos feriados) pelo telefone 188, e tamb\u00e9m atende por e-mail, chat e pessoalmente. S\u00e3o mais de 120 postos de atendimento em todo o Brasil.<\/p>\n\n\n\n<p>BN<\/p>\n","protected":false},"excerpt":{"rendered":"<p>Whindersson Nunes, 28, se manifestou, na noite deste domingo (24), para desmentir, mais uma vez, ter algum envolvimento com J\u00e9ssica Vit\u00f3ria Canedo, que morreu ap\u00f3s a fake news sobre o affair gerar uma onda de ataque nas redes sociais. O humorista deixou uma mensagem de p\u00easames para a m\u00e3e da jovem de 22 anos e [&hellip;]<\/p>\n","protected":false},"author":2,"featured_media":5756,"comment_status":"open","ping_status":"open","sticky":false,"template":"","format":"standard","meta":{"_jetpack_memberships_contains_paid_content":false,"footnotes":""},"categories":[46],"tags":[],"class_list":["post-5754","post","type-post","status-publish","format-standard","has-post-thumbnail","hentry","category-noticia"],"aioseo_notices":[],"jetpack_featured_media_url":"https:\/\/i0.wp.com\/minutobahia24h.com.br\/wp-content\/uploads\/2023\/12\/Sem-titulo-238.jpg?fit=1200%2C630&ssl=1","jetpack_sharing_enabled":true,"_links":{"self":[{"href":"https:\/\/minutobahia24h.com.br\/index.php?rest_route=\/wp\/v2\/posts\/5754","targetHints":{"allow":["GET"]}}],"collection":[{"href":"https:\/\/minutobahia24h.com.br\/index.php?rest_route=\/wp\/v2\/posts"}],"about":[{"href":"https:\/\/minutobahia24h.com.br\/index.php?rest_route=\/wp\/v2\/types\/post"}],"author":[{"embeddable":true,"href":"https:\/\/minutobahia24h.com.br\/index.php?rest_route=\/wp\/v2\/users\/2"}],"replies":[{"embeddable":true,"href":"https:\/\/minutobahia24h.com.br\/index.php?rest_route=%2Fwp%2Fv2%2Fcomments&post=5754"}],"version-history":[{"count":1,"href":"https:\/\/minutobahia24h.com.br\/index.php?rest_route=\/wp\/v2\/posts\/5754\/revisions"}],"predecessor-version":[{"id":5757,"href":"https:\/\/minutobahia24h.com.br\/index.php?rest_route=\/wp\/v2\/posts\/5754\/revisions\/5757"}],"wp:featuredmedia":[{"embeddable":true,"href":"https:\/\/minutobahia24h.com.br\/index.php?rest_route=\/wp\/v2\/media\/5756"}],"wp:attachment":[{"href":"https:\/\/minutobahia24h.com.br\/index.php?rest_route=%2Fwp%2Fv2%2Fmedia&parent=5754"}],"wp:term":[{"taxonomy":"category","embeddable":true,"href":"https:\/\/minutobahia24h.com.br\/index.php?rest_route=%2Fwp%2Fv2%2Fcategories&post=5754"},{"taxonomy":"post_tag","embeddable":true,"href":"https:\/\/minutobahia24h.com.br\/index.php?rest_route=%2Fwp%2Fv2%2Ftags&post=5754"}],"curies":[{"name":"wp","href":"https:\/\/api.w.org\/{rel}","templated":true}]}}