{"id":5639,"date":"2023-12-22T06:35:23","date_gmt":"2023-12-22T09:35:23","guid":{"rendered":"https:\/\/minutobahia24h.com.br\/?p=5639"},"modified":"2023-12-22T06:35:25","modified_gmt":"2023-12-22T09:35:25","slug":"dupla-suspeita-de-homicidio-e-presa-em-jacobina","status":"publish","type":"post","link":"https:\/\/minutobahia24h.com.br\/?p=5639","title":{"rendered":"Dupla suspeita de homic\u00eddio \u00e9 presa em Jacobina"},"content":{"rendered":"<div class=\"wp-block-image\">\n<figure class=\"aligncenter size-full\"><img data-recalc-dims=\"1\" fetchpriority=\"high\" decoding=\"async\" width=\"601\" height=\"421\" src=\"https:\/\/i0.wp.com\/minutobahia24h.com.br\/wp-content\/uploads\/2023\/12\/Sem-titulo-211.jpg?resize=601%2C421&#038;ssl=1\" alt=\"\" class=\"wp-image-5641\" srcset=\"https:\/\/i0.wp.com\/minutobahia24h.com.br\/wp-content\/uploads\/2023\/12\/Sem-titulo-211.jpg?w=601&amp;ssl=1 601w, https:\/\/i0.wp.com\/minutobahia24h.com.br\/wp-content\/uploads\/2023\/12\/Sem-titulo-211.jpg?resize=300%2C210&amp;ssl=1 300w\" sizes=\"(max-width: 601px) 100vw, 601px\" \/><figcaption class=\"wp-element-caption\">Foto: Divulga\u00e7\u00e3o\/SSPBA<br><\/figcaption><\/figure>\n<\/div>\n\n\n<p>Dois homens suspeitos de envolvimento na morte de Mateus Lima Dias, cujo corpo foi encontrado no dia 9 de junho, em Morro do Chap\u00e9u, tiveram os mandados de pris\u00e3o preventiva cumpridos, nesta quinta-feira (21), durante a\u00e7\u00e3o conjunta das Coordenadorias Regionais de Pol\u00edcia do Interior (Coorpins) de Irec\u00ea e Jacobina.<\/p>\n\n\n\n<p>Um dos envolvidos foi preso numa auto-escola no centro de Jacobina, onde trabalhava. Seu comparsa, apontado como mentor do crime, teve o mandado cumprido no Conjunto Penal de Valen\u00e7a, onde responde por outro homic\u00eddio.<\/p>\n\n\n\n<p>De acordo com as investiga\u00e7\u00f5es, Mateus desapareceu no dia 6 de junho, quando foi chamado por um amigo para consertar um ve\u00edculo. \u201cTestemunhas o viram entrando num carro e tr\u00eas dias depois o seu corpo foi localizado com marcas de tiro\u201d, informou o coordenador regional de Irec\u00ea, delegado Ernandes Reis Santos J\u00fanior.<\/p>\n\n\n\n<p>As investiga\u00e7\u00f5es continuam para identificar outros integrantes do grupo criminoso que sequestrou e matou Mateus, bem como esclarecer a motiva\u00e7\u00e3o do crime.<\/p>\n\n\n\n<p>Bahia.ba<\/p>\n","protected":false},"excerpt":{"rendered":"<p>Dois homens suspeitos de envolvimento na morte de Mateus Lima Dias, cujo corpo foi encontrado no dia 9 de junho, em Morro do Chap\u00e9u, tiveram os mandados de pris\u00e3o preventiva cumpridos, nesta quinta-feira (21), durante a\u00e7\u00e3o conjunta das Coordenadorias Regionais de Pol\u00edcia do Interior (Coorpins) de Irec\u00ea e Jacobina. Um dos envolvidos foi preso numa [&hellip;]<\/p>\n","protected":false},"author":2,"featured_media":5641,"comment_status":"open","ping_status":"open","sticky":false,"template":"","format":"standard","meta":{"_jetpack_memberships_contains_paid_content":false,"footnotes":""},"categories":[3],"tags":[],"class_list":["post-5639","post","type-post","status-publish","format-standard","has-post-thumbnail","hentry","category-regional"],"aioseo_notices":[],"jetpack_featured_media_url":"https:\/\/i0.wp.com\/minutobahia24h.com.br\/wp-content\/uploads\/2023\/12\/Sem-titulo-211.jpg?fit=601%2C421&ssl=1","jetpack_sharing_enabled":true,"_links":{"self":[{"href":"https:\/\/minutobahia24h.com.br\/index.php?rest_route=\/wp\/v2\/posts\/5639","targetHints":{"allow":["GET"]}}],"collection":[{"href":"https:\/\/minutobahia24h.com.br\/index.php?rest_route=\/wp\/v2\/posts"}],"about":[{"href":"https:\/\/minutobahia24h.com.br\/index.php?rest_route=\/wp\/v2\/types\/post"}],"author":[{"embeddable":true,"href":"https:\/\/minutobahia24h.com.br\/index.php?rest_route=\/wp\/v2\/users\/2"}],"replies":[{"embeddable":true,"href":"https:\/\/minutobahia24h.com.br\/index.php?rest_route=%2Fwp%2Fv2%2Fcomments&post=5639"}],"version-history":[{"count":1,"href":"https:\/\/minutobahia24h.com.br\/index.php?rest_route=\/wp\/v2\/posts\/5639\/revisions"}],"predecessor-version":[{"id":5642,"href":"https:\/\/minutobahia24h.com.br\/index.php?rest_route=\/wp\/v2\/posts\/5639\/revisions\/5642"}],"wp:featuredmedia":[{"embeddable":true,"href":"https:\/\/minutobahia24h.com.br\/index.php?rest_route=\/wp\/v2\/media\/5641"}],"wp:attachment":[{"href":"https:\/\/minutobahia24h.com.br\/index.php?rest_route=%2Fwp%2Fv2%2Fmedia&parent=5639"}],"wp:term":[{"taxonomy":"category","embeddable":true,"href":"https:\/\/minutobahia24h.com.br\/index.php?rest_route=%2Fwp%2Fv2%2Fcategories&post=5639"},{"taxonomy":"post_tag","embeddable":true,"href":"https:\/\/minutobahia24h.com.br\/index.php?rest_route=%2Fwp%2Fv2%2Ftags&post=5639"}],"curies":[{"name":"wp","href":"https:\/\/api.w.org\/{rel}","templated":true}]}}