{"id":5631,"date":"2023-12-22T06:31:46","date_gmt":"2023-12-22T09:31:46","guid":{"rendered":"https:\/\/minutobahia24h.com.br\/?p=5631"},"modified":"2023-12-22T06:31:48","modified_gmt":"2023-12-22T09:31:48","slug":"candidatos-e-dirigentes-do-pt-e-do-pcdob-silenciam-apos-anuncio-de-candidatura-de-geraldo-em-salvador","status":"publish","type":"post","link":"https:\/\/minutobahia24h.com.br\/?p=5631","title":{"rendered":"Candidatos e dirigentes do PT e do PCdoB silenciam ap\u00f3s an\u00fancio de candidatura de Geraldo em Salvador"},"content":{"rendered":"<div class=\"wp-block-image\">\n<figure class=\"aligncenter size-full\"><img data-recalc-dims=\"1\" fetchpriority=\"high\" decoding=\"async\" width=\"782\" height=\"596\" src=\"https:\/\/i0.wp.com\/minutobahia24h.com.br\/wp-content\/uploads\/2023\/12\/Sem-titulo-209.jpg?resize=782%2C596&#038;ssl=1\" alt=\"\" class=\"wp-image-5633\" srcset=\"https:\/\/i0.wp.com\/minutobahia24h.com.br\/wp-content\/uploads\/2023\/12\/Sem-titulo-209.jpg?w=782&amp;ssl=1 782w, https:\/\/i0.wp.com\/minutobahia24h.com.br\/wp-content\/uploads\/2023\/12\/Sem-titulo-209.jpg?resize=300%2C229&amp;ssl=1 300w, https:\/\/i0.wp.com\/minutobahia24h.com.br\/wp-content\/uploads\/2023\/12\/Sem-titulo-209.jpg?resize=768%2C585&amp;ssl=1 768w, https:\/\/i0.wp.com\/minutobahia24h.com.br\/wp-content\/uploads\/2023\/12\/Sem-titulo-209.jpg?resize=750%2C572&amp;ssl=1 750w\" sizes=\"(max-width: 782px) 100vw, 782px\" \/><\/figure>\n<\/div>\n\n\n<p>Passadas mais de duas horas ap\u00f3s o an\u00fancio feito pelo chefe do Executivo estadual, Jer\u00f4nimo Rodrigues, de que o candidato a prefeito da base aliada em Salvador ser\u00e1 o vice-governador Geraldo J\u00fanior (MDB), n\u00e3o houve manifesta\u00e7\u00f5es p\u00fablicas espont\u00e2neas por parte dos principais dirigentes petistas, tanto no \u00e2mbito municipal quanto estadual.<\/p>\n\n\n\n<p>Presidente municipal do PT, Cema Mosil n\u00e3o se manifestou, assim como o l\u00edder do partido na C\u00e2mara Municipal, vereador Tiago Ferreira. J\u00e1 o comandante estadual da sigla, \u00c9den Valadares, tratou do assunto somente para responder a questionamentos da imprensa&nbsp;<a href=\"https:\/\/politicalivre.com.br\/2023\/12\/jeronimo-rodrigues-confirma-que-candidato-do-grupo-a-prefeitura-de-salvador-sera-geraldo-junior\/#gsc.tab=0\" target=\"_blank\" rel=\"noreferrer noopener\">durante a coletiva em que Jer\u00f4nimo confirmou Geraldo J\u00fanior, realizada no Pal\u00e1cio de Ondina<\/a>.<\/p>\n\n\n\n<p>O deputado estadual Robinson Almeida, que era o pr\u00e9-candidato do PT, foi outro que ignorou o an\u00fancio. Sem fazer refer\u00eancia a Geraldo J\u00fanior, o petista publicou apenas uma foto ao lado de Jer\u00f4nimo e dos deputados estaduais Eduardo Salles (PP) e Fabr\u00edcio Falc\u00e3o (PCdoB) na confraterniza\u00e7\u00e3o de final de ano organizada pelo governador e que aconteceu no Pal\u00e1cio de Ondina ap\u00f3s a coletiva.<\/p>\n\n\n\n<p>O vice-governador, por sinal, se tornou a principal estrela da confraterniza\u00e7\u00e3o. Diversos aliados e colaboradores do governador fizeram publica\u00e7\u00f5es exaltando a escolha do emedebista. \u201cMeu amigo Geraldo J\u00fanior foi escolhido para mais um grande desafio: \u00e9 pr\u00e9-candidato a prefeito de Salvador, cidade que merece uma gest\u00e3o que olhe para quem mais precisa e cuide da sua gente\u201d, escreveu o secret\u00e1rio estadual de Rela\u00e7\u00f5es Institucionais, Luiz Caetano (PT), ao publicar uma imagem ao lado do emedebista, de Jer\u00f4nimo, do senador Otto Alencar (PSD) e de outras lideran\u00e7as.<\/p>\n\n\n\n<p>O senador Jaques Wagner, que participou da reuni\u00e3o do conselho pol\u00edtico que antecedeu o an\u00fancio, postou uma foto ao lado de Geraldo J\u00fanior, da campanha de 2022, e escreveu que a decis\u00e3o \u201cfoi tomada de forma coletiva, discutida e dialogada com todos os partidos da base, o que reflete a unidade e o fortalecimento do nosso grupo pol\u00edtico\u201d.<\/p>\n\n\n\n<p>A exemplo dos principais dirigentes comunistas, deputada estadual Ol\u00edvia Santana (PCdoB), outra que perdeu a disputa interna para a defini\u00e7\u00e3o do candidato em Salvador pela base de Jer\u00f4nimo, tamb\u00e9m silenciou. Ela j\u00e1 chegou a dizer, inclusive, que o vice-governador n\u00e3o representava a esquerda e que estaria mais pr\u00f3ximo da direita, tese compactuada por alguns dos vereadores petistas.<\/p>\n\n\n\n<p>Antes mesmo de Geraldo J\u00fanior ter o nome confirmado havia d\u00favidas sobre se o PT e o PCdoB de fato \u201cvestiriam a camisa\u201d do emedebista. Esse questionamento ainda prevalece na base, sobretudo num momento em que as feridas do an\u00fancio, j\u00e1 previstas, ter\u00e3o que ser remediadas sob a lideran\u00e7a do governador.<\/p>\n\n\n\n<p>politicalivre<\/p>\n","protected":false},"excerpt":{"rendered":"<p>Passadas mais de duas horas ap\u00f3s o an\u00fancio feito pelo chefe do Executivo estadual, Jer\u00f4nimo Rodrigues, de que o candidato a prefeito da base aliada em Salvador ser\u00e1 o vice-governador Geraldo J\u00fanior (MDB), n\u00e3o houve manifesta\u00e7\u00f5es p\u00fablicas espont\u00e2neas por parte dos principais dirigentes petistas, tanto no \u00e2mbito municipal quanto estadual. Presidente municipal do PT, Cema [&hellip;]<\/p>\n","protected":false},"author":2,"featured_media":5633,"comment_status":"open","ping_status":"open","sticky":false,"template":"","format":"standard","meta":{"_jetpack_memberships_contains_paid_content":false,"footnotes":""},"categories":[21],"tags":[],"class_list":["post-5631","post","type-post","status-publish","format-standard","has-post-thumbnail","hentry","category-bahia"],"aioseo_notices":[],"jetpack_featured_media_url":"https:\/\/i0.wp.com\/minutobahia24h.com.br\/wp-content\/uploads\/2023\/12\/Sem-titulo-209.jpg?fit=782%2C596&ssl=1","jetpack_sharing_enabled":true,"_links":{"self":[{"href":"https:\/\/minutobahia24h.com.br\/index.php?rest_route=\/wp\/v2\/posts\/5631","targetHints":{"allow":["GET"]}}],"collection":[{"href":"https:\/\/minutobahia24h.com.br\/index.php?rest_route=\/wp\/v2\/posts"}],"about":[{"href":"https:\/\/minutobahia24h.com.br\/index.php?rest_route=\/wp\/v2\/types\/post"}],"author":[{"embeddable":true,"href":"https:\/\/minutobahia24h.com.br\/index.php?rest_route=\/wp\/v2\/users\/2"}],"replies":[{"embeddable":true,"href":"https:\/\/minutobahia24h.com.br\/index.php?rest_route=%2Fwp%2Fv2%2Fcomments&post=5631"}],"version-history":[{"count":1,"href":"https:\/\/minutobahia24h.com.br\/index.php?rest_route=\/wp\/v2\/posts\/5631\/revisions"}],"predecessor-version":[{"id":5634,"href":"https:\/\/minutobahia24h.com.br\/index.php?rest_route=\/wp\/v2\/posts\/5631\/revisions\/5634"}],"wp:featuredmedia":[{"embeddable":true,"href":"https:\/\/minutobahia24h.com.br\/index.php?rest_route=\/wp\/v2\/media\/5633"}],"wp:attachment":[{"href":"https:\/\/minutobahia24h.com.br\/index.php?rest_route=%2Fwp%2Fv2%2Fmedia&parent=5631"}],"wp:term":[{"taxonomy":"category","embeddable":true,"href":"https:\/\/minutobahia24h.com.br\/index.php?rest_route=%2Fwp%2Fv2%2Fcategories&post=5631"},{"taxonomy":"post_tag","embeddable":true,"href":"https:\/\/minutobahia24h.com.br\/index.php?rest_route=%2Fwp%2Fv2%2Ftags&post=5631"}],"curies":[{"name":"wp","href":"https:\/\/api.w.org\/{rel}","templated":true}]}}