{"id":5623,"date":"2023-12-21T08:53:48","date_gmt":"2023-12-21T11:53:48","guid":{"rendered":"https:\/\/minutobahia24h.com.br\/?p=5623"},"modified":"2023-12-21T08:53:50","modified_gmt":"2023-12-21T11:53:50","slug":"tradicional-feira-chique-de-senhor-do-bonfim-sera-neste-domingo-24-no-mercado-popular","status":"publish","type":"post","link":"https:\/\/minutobahia24h.com.br\/?p=5623","title":{"rendered":"Tradicional Feira Chique de Senhor do Bonfim ser\u00e1 neste domingo (24) no Mercado Popular"},"content":{"rendered":"<div class=\"wp-block-image\">\n<figure class=\"aligncenter size-full\"><img data-recalc-dims=\"1\" fetchpriority=\"high\" decoding=\"async\" width=\"696\" height=\"696\" src=\"https:\/\/i0.wp.com\/minutobahia24h.com.br\/wp-content\/uploads\/2023\/12\/Sem-titulo-207.jpg?resize=696%2C696&#038;ssl=1\" alt=\"\" class=\"wp-image-5625\" srcset=\"https:\/\/i0.wp.com\/minutobahia24h.com.br\/wp-content\/uploads\/2023\/12\/Sem-titulo-207.jpg?w=696&amp;ssl=1 696w, https:\/\/i0.wp.com\/minutobahia24h.com.br\/wp-content\/uploads\/2023\/12\/Sem-titulo-207.jpg?resize=300%2C300&amp;ssl=1 300w, https:\/\/i0.wp.com\/minutobahia24h.com.br\/wp-content\/uploads\/2023\/12\/Sem-titulo-207.jpg?resize=150%2C150&amp;ssl=1 150w, https:\/\/i0.wp.com\/minutobahia24h.com.br\/wp-content\/uploads\/2023\/12\/Sem-titulo-207.jpg?resize=75%2C75&amp;ssl=1 75w\" sizes=\"(max-width: 696px) 100vw, 696px\" \/><\/figure>\n<\/div>\n\n\n<p>Neste domingo, 24 de dezembro, a cidade de Senhor do Bonfim se prepara para receber a tradicional \u201cFeira Chique\u201d, um evento que faz parte da programa\u00e7\u00e3o do Natal Bonfim Iluminado. Realizado no Mercado Popular, precisamente na Pra\u00e7a Augusto Sena Gomes e Dr Jos\u00e9 Gon\u00e7alves, o evento promete ser um ponto de encontro para fam\u00edlias, amigos e visitantes que buscam vivenciar o esp\u00edrito natalino de uma maneira \u00fanica.<\/p>\n\n\n\n<p>Celebrando mais de meio s\u00e9culo de tradi\u00e7\u00e3o, a Feira Chique continua a encantar gera\u00e7\u00f5es com sua mistura vibrante de cultura, lazer e compras. Este ano, o evento contar\u00e1 com shows ao vivo, proporcionando entretenimento para todas as idades. As barracas cuidadosamente montadas oferecer\u00e3o uma variedade de bebidas e comidas, prometendo satisfazer todos os paladares com sabores locais e tradicionais.<\/p>\n\n\n\n<p>A Feira Chique \u00e9 tamb\u00e9m um para\u00edso para os compradores. Com diversas op\u00e7\u00f5es de brinquedos e presentes, \u00e9 o local perfeito para encontrar aquele presente especial de Natal para as crian\u00e7as. Os visitantes podem esperar encontrar produtos de qualidade e uma oportunidade de apoiar os comerciantes locais.<\/p>\n\n\n\n<p>A Feira Chique \u00e9 mais do que um evento; \u00e9 uma experi\u00eancia cultural que celebra a comunidade, a tradi\u00e7\u00e3o e o esp\u00edrito natalino. Convidamos todos a se juntarem a n\u00f3s neste domingo para desfrutar de um dia cheio de alegria, m\u00fasica e boa comida, em um dos eventos mais esperados do Natal Bonfim Iluminado.<\/p>\n\n\n\n<p><em>ASCOM \u2013 Prefeitura de Senhor do Bonfim \u2013 Cuidar&nbsp;bem,&nbsp;faz&nbsp;bem!<\/em><\/p>\n","protected":false},"excerpt":{"rendered":"<p>Neste domingo, 24 de dezembro, a cidade de Senhor do Bonfim se prepara para receber a tradicional \u201cFeira Chique\u201d, um evento que faz parte da programa\u00e7\u00e3o do Natal Bonfim Iluminado. Realizado no Mercado Popular, precisamente na Pra\u00e7a Augusto Sena Gomes e Dr Jos\u00e9 Gon\u00e7alves, o evento promete ser um ponto de encontro para fam\u00edlias, amigos [&hellip;]<\/p>\n","protected":false},"author":2,"featured_media":5625,"comment_status":"open","ping_status":"open","sticky":false,"template":"","format":"standard","meta":{"_jetpack_memberships_contains_paid_content":false,"footnotes":""},"categories":[17],"tags":[],"class_list":["post-5623","post","type-post","status-publish","format-standard","has-post-thumbnail","hentry","category-senhor-do-bonfim"],"aioseo_notices":[],"jetpack_featured_media_url":"https:\/\/i0.wp.com\/minutobahia24h.com.br\/wp-content\/uploads\/2023\/12\/Sem-titulo-207.jpg?fit=696%2C696&ssl=1","jetpack_sharing_enabled":true,"_links":{"self":[{"href":"https:\/\/minutobahia24h.com.br\/index.php?rest_route=\/wp\/v2\/posts\/5623","targetHints":{"allow":["GET"]}}],"collection":[{"href":"https:\/\/minutobahia24h.com.br\/index.php?rest_route=\/wp\/v2\/posts"}],"about":[{"href":"https:\/\/minutobahia24h.com.br\/index.php?rest_route=\/wp\/v2\/types\/post"}],"author":[{"embeddable":true,"href":"https:\/\/minutobahia24h.com.br\/index.php?rest_route=\/wp\/v2\/users\/2"}],"replies":[{"embeddable":true,"href":"https:\/\/minutobahia24h.com.br\/index.php?rest_route=%2Fwp%2Fv2%2Fcomments&post=5623"}],"version-history":[{"count":1,"href":"https:\/\/minutobahia24h.com.br\/index.php?rest_route=\/wp\/v2\/posts\/5623\/revisions"}],"predecessor-version":[{"id":5626,"href":"https:\/\/minutobahia24h.com.br\/index.php?rest_route=\/wp\/v2\/posts\/5623\/revisions\/5626"}],"wp:featuredmedia":[{"embeddable":true,"href":"https:\/\/minutobahia24h.com.br\/index.php?rest_route=\/wp\/v2\/media\/5625"}],"wp:attachment":[{"href":"https:\/\/minutobahia24h.com.br\/index.php?rest_route=%2Fwp%2Fv2%2Fmedia&parent=5623"}],"wp:term":[{"taxonomy":"category","embeddable":true,"href":"https:\/\/minutobahia24h.com.br\/index.php?rest_route=%2Fwp%2Fv2%2Fcategories&post=5623"},{"taxonomy":"post_tag","embeddable":true,"href":"https:\/\/minutobahia24h.com.br\/index.php?rest_route=%2Fwp%2Fv2%2Ftags&post=5623"}],"curies":[{"name":"wp","href":"https:\/\/api.w.org\/{rel}","templated":true}]}}