{"id":5556,"date":"2023-12-20T11:56:13","date_gmt":"2023-12-20T14:56:13","guid":{"rendered":"https:\/\/minutobahia24h.com.br\/?p=5556"},"modified":"2023-12-20T11:56:15","modified_gmt":"2023-12-20T14:56:15","slug":"caso-daniel-alves-julgamento-e-marcado-pela-justica-espanhola","status":"publish","type":"post","link":"https:\/\/minutobahia24h.com.br\/?p=5556","title":{"rendered":"Caso Daniel Alves: julgamento \u00e9 marcado pela Justi\u00e7a espanhola"},"content":{"rendered":"<div class=\"wp-block-image\">\n<figure class=\"aligncenter size-full\"><img data-recalc-dims=\"1\" fetchpriority=\"high\" decoding=\"async\" width=\"774\" height=\"421\" src=\"https:\/\/i0.wp.com\/minutobahia24h.com.br\/wp-content\/uploads\/2023\/12\/Sem-titulo-191.jpg?resize=774%2C421&#038;ssl=1\" alt=\"\" class=\"wp-image-5558\" srcset=\"https:\/\/i0.wp.com\/minutobahia24h.com.br\/wp-content\/uploads\/2023\/12\/Sem-titulo-191.jpg?w=774&amp;ssl=1 774w, https:\/\/i0.wp.com\/minutobahia24h.com.br\/wp-content\/uploads\/2023\/12\/Sem-titulo-191.jpg?resize=300%2C163&amp;ssl=1 300w, https:\/\/i0.wp.com\/minutobahia24h.com.br\/wp-content\/uploads\/2023\/12\/Sem-titulo-191.jpg?resize=768%2C418&amp;ssl=1 768w, https:\/\/i0.wp.com\/minutobahia24h.com.br\/wp-content\/uploads\/2023\/12\/Sem-titulo-191.jpg?resize=750%2C408&amp;ssl=1 750w\" sizes=\"(max-width: 774px) 100vw, 774px\" \/><\/figure>\n<\/div>\n\n\n<p>A Justi\u00e7a de\u00a0<a class=\"\" href=\"http:\/\/globoesporte.globo.com\/equipe\/futebol\/futebol-internacional\/futebol-espanhol\/barcelona.html\">Barcelona<\/a>\u00a0anunciou que o julgamento de Daniel Alves acontecer\u00e1 entre os dias 5 e 7 de fevereiro de 2024. O ex-jogador da sele\u00e7\u00e3o brasileira \u00e9 acusado de agredir sexualmente uma mulher dentro de uma boate de Barcelona em dezembro de 2022.<\/p>\n\n\n\n<p>A defesa da v\u00edtima pediu \u00e0 Justi\u00e7a da Espanha a condena\u00e7\u00e3o por 12 anos de pris\u00e3o ao ex-jogador do Barcelona e da sele\u00e7\u00e3o brasileira. \u00c9 a pena m\u00e1xima prevista para esse tipo de crime no pa\u00eds. Daniel Alves, de 40 anos, est\u00e1 preso desde o dia 20 de janeiro. A defesa tamb\u00e9m exige uma indeniza\u00e7\u00e3o de 150 mil euros (cerca de R$ 800 mil) por sequelas f\u00edsicas e psicol\u00f3gicas.<\/p>\n\n\n\n<p>No in\u00edcio de dezembro, a advogada da v\u00edtima, Ester Garc\u00eda,&nbsp;<a class=\"\" href=\"https:\/\/ge.globo.com\/futebol\/futebol-internacional\/noticia\/2023\/11\/30\/caso-daniel-alves-jovem-recusa-acordo-por-impossibilidade-de-entendimento.ghtml\"><strong>recusou o acordo proposto pela defesa de Daniel Alves<\/strong><\/a>&nbsp;e reiterou que &#8220;qualquer delito contra a liberdade sexual torna os danos morais e as sequelas irrepar\u00e1veis&#8221;.<\/p>\n\n\n\n<p>A defesa da v\u00edtima tamb\u00e9m pediu uma medida protetiva impedindo que Daniel Alves se aproxime da mo\u00e7a por menos de um quil\u00f4metro durante 10 anos ap\u00f3s o jogador cumprir sua pena. O documento entregue \u00e0 Justi\u00e7a inclui ainda a requisi\u00e7\u00e3o de que o brasileiro tenha a liberdade vigiada depois que saia da pris\u00e3o.<\/p>\n\n\n\n<p>Ap\u00f3s o fim das investiga\u00e7\u00f5es, as partes do caso foram convocadas a um \u201cjulgamento oral\u201d, uma etapa anterior ao julgamento.&nbsp;<a class=\"\" href=\"https:\/\/ge.globo.com\/futebol\/futebol-internacional\/noticia\/2023\/11\/23\/caso-daniel-alves-ministerio-publico-da-espanha-pede-nove-anos-de-prisao.ghtml\"><strong>O Minist\u00e9rio P\u00fablico pediu a pris\u00e3o de nove anos de Alves<\/strong><\/a>. A defesa do lateral requereu a liberdade, que&nbsp;<a class=\"\" href=\"https:\/\/ge.globo.com\/futebol\/futebol-internacional\/noticia\/2023\/11\/27\/caso-daniel-alves-tribunal-de-barcelona-nega-quarto-pedido-de-liberdade-provisoria.ghtml\"><strong>foi negada pela quarta vez desde sua pris\u00e3o<\/strong><\/a>. Nesta ter\u00e7a, foi a vez da defesa da v\u00edtima mostrar sua argumenta\u00e7\u00e3o e pedir uma pena de 12 anos.<\/p>\n\n\n\n<p>Diante da falta de um acordo, a Justi\u00e7a da Espanha deve agendar o julgamento em breve. Casos que envolvem crimes sexuais n\u00e3o preveem j\u00fari popular no pa\u00eds.<\/p>\n\n\n\n<h2 class=\"wp-block-heading\">Entenda a acusa\u00e7\u00e3o<\/h2>\n\n\n\n<p>Nos primeiros dias ap\u00f3s a pris\u00e3o do jogador, os principais jornais da Espanha \u2013 como&nbsp;<em>El Pa\u00eds<\/em>&nbsp;e&nbsp;<em>El Mundo<\/em>, de Madri, e&nbsp;<em>El Peri\u00f3dico<\/em>&nbsp;de Barcelona \u2013 publicaram trechos do depoimento prestado \u00e0 Justi\u00e7a pela mulher que acusa Daniel Alves de estupro. O jogador est\u00e1 em pris\u00e3o preventiva sem direito a fian\u00e7a. Ele nega ter cometido o crime do qual \u00e9 acusado.<\/p>\n\n\n\n<p>De acordo com os relatos publicados pela imprensa espanhola, a v\u00edtima contou no depoimento que no dia 30 de dezembro de 2022 estava na boate Sutton, em Barcelona, quando o grupo do qual fazia parte recebeu um convite para entrar numa \u00e1rea VIP. Um gar\u00e7om as levou at\u00e9 uma mesa onde estava Daniel Alves, a quem a v\u00edtima inicialmente n\u00e3o reconheceu. Um grupo de mexicanos, amigos do jogador, o apresentou \u00e0 denunciante.<\/p>\n\n\n\n<p>Segundo os jornais, a v\u00edtima relatou \u00e0 Justi\u00e7a que ela e Daniel Alves dan\u00e7aram juntos at\u00e9 que o jogador &#8220;levou v\u00e1rias vezes a m\u00e3o dela at\u00e9 seu p\u00eanis, que ela retirou assustada&#8221;. Por volta das 4h30 da madrugada, ele pediu a ela para segui-lo at\u00e9 uma porta. Assim que entraram, ela se deu conta que estava num banheiro. Ali teria ocorrido o crime.<\/p>\n\n\n\n<p>Sempre de acordo com o depoimento da denunciante, ela teria tentado sair do banheiro, mas foi impedida. Daniel Alves a teria penetrado de maneira violenta at\u00e9 ejacular. Ele teria sido o primeiro a deixar o banheiro. Quando ela saiu, contou o que aconteceu a uma amiga.<\/p>\n\n\n\n<p>Quando a seguran\u00e7a do local foi informada, o lateral j\u00e1 tinha deixado a boate. A v\u00edtima foi imediatamente fazer exames num hospital. Dois dias depois, ela fez a den\u00fancia \u00e0 pol\u00edcia. O DNA de Daniel Alves foi encontrado nos testes feitos pela mo\u00e7a. Desde o in\u00edcio, a ju\u00edza do caso afirma que &#8220;h\u00e1 provas suficientes&#8221; para a condena\u00e7\u00e3o do jogador.<\/p>\n","protected":false},"excerpt":{"rendered":"<p>A Justi\u00e7a de\u00a0Barcelona\u00a0anunciou que o julgamento de Daniel Alves acontecer\u00e1 entre os dias 5 e 7 de fevereiro de 2024. O ex-jogador da sele\u00e7\u00e3o brasileira \u00e9 acusado de agredir sexualmente uma mulher dentro de uma boate de Barcelona em dezembro de 2022. A defesa da v\u00edtima pediu \u00e0 Justi\u00e7a da Espanha a condena\u00e7\u00e3o por 12 [&hellip;]<\/p>\n","protected":false},"author":2,"featured_media":5558,"comment_status":"open","ping_status":"open","sticky":false,"template":"","format":"standard","meta":{"_jetpack_memberships_contains_paid_content":false,"footnotes":""},"categories":[15],"tags":[],"class_list":["post-5556","post","type-post","status-publish","format-standard","has-post-thumbnail","hentry","category-mundo"],"aioseo_notices":[],"jetpack_featured_media_url":"https:\/\/i0.wp.com\/minutobahia24h.com.br\/wp-content\/uploads\/2023\/12\/Sem-titulo-191.jpg?fit=774%2C421&ssl=1","jetpack_sharing_enabled":true,"_links":{"self":[{"href":"https:\/\/minutobahia24h.com.br\/index.php?rest_route=\/wp\/v2\/posts\/5556","targetHints":{"allow":["GET"]}}],"collection":[{"href":"https:\/\/minutobahia24h.com.br\/index.php?rest_route=\/wp\/v2\/posts"}],"about":[{"href":"https:\/\/minutobahia24h.com.br\/index.php?rest_route=\/wp\/v2\/types\/post"}],"author":[{"embeddable":true,"href":"https:\/\/minutobahia24h.com.br\/index.php?rest_route=\/wp\/v2\/users\/2"}],"replies":[{"embeddable":true,"href":"https:\/\/minutobahia24h.com.br\/index.php?rest_route=%2Fwp%2Fv2%2Fcomments&post=5556"}],"version-history":[{"count":1,"href":"https:\/\/minutobahia24h.com.br\/index.php?rest_route=\/wp\/v2\/posts\/5556\/revisions"}],"predecessor-version":[{"id":5559,"href":"https:\/\/minutobahia24h.com.br\/index.php?rest_route=\/wp\/v2\/posts\/5556\/revisions\/5559"}],"wp:featuredmedia":[{"embeddable":true,"href":"https:\/\/minutobahia24h.com.br\/index.php?rest_route=\/wp\/v2\/media\/5558"}],"wp:attachment":[{"href":"https:\/\/minutobahia24h.com.br\/index.php?rest_route=%2Fwp%2Fv2%2Fmedia&parent=5556"}],"wp:term":[{"taxonomy":"category","embeddable":true,"href":"https:\/\/minutobahia24h.com.br\/index.php?rest_route=%2Fwp%2Fv2%2Fcategories&post=5556"},{"taxonomy":"post_tag","embeddable":true,"href":"https:\/\/minutobahia24h.com.br\/index.php?rest_route=%2Fwp%2Fv2%2Ftags&post=5556"}],"curies":[{"name":"wp","href":"https:\/\/api.w.org\/{rel}","templated":true}]}}