{"id":5489,"date":"2023-12-19T07:23:22","date_gmt":"2023-12-19T10:23:22","guid":{"rendered":"https:\/\/minutobahia24h.com.br\/?p=5489"},"modified":"2023-12-19T07:23:23","modified_gmt":"2023-12-19T10:23:23","slug":"com-95-das-70-maiores-cidades-da-bahia-com-cenario-pacificado-base-governista-pode-ter-pulverizacao-forcada-entenda","status":"publish","type":"post","link":"https:\/\/minutobahia24h.com.br\/?p=5489","title":{"rendered":"Com 95% das 70 maiores cidades da Bahia com &#8220;cen\u00e1rio pacificado&#8221;, base governista pode ter pulveriza\u00e7\u00e3o for\u00e7ada; entenda"},"content":{"rendered":"<div class=\"wp-block-image\">\n<figure class=\"aligncenter size-large\"><img data-recalc-dims=\"1\" fetchpriority=\"high\" decoding=\"async\" width=\"800\" height=\"420\" src=\"https:\/\/i0.wp.com\/minutobahia24h.com.br\/wp-content\/uploads\/2023\/12\/Sem-titulo-175-1024x538.jpg?resize=800%2C420&#038;ssl=1\" alt=\"\" class=\"wp-image-5491\" srcset=\"https:\/\/i0.wp.com\/minutobahia24h.com.br\/wp-content\/uploads\/2023\/12\/Sem-titulo-175.jpg?resize=1024%2C538&amp;ssl=1 1024w, https:\/\/i0.wp.com\/minutobahia24h.com.br\/wp-content\/uploads\/2023\/12\/Sem-titulo-175.jpg?resize=300%2C158&amp;ssl=1 300w, https:\/\/i0.wp.com\/minutobahia24h.com.br\/wp-content\/uploads\/2023\/12\/Sem-titulo-175.jpg?resize=768%2C403&amp;ssl=1 768w, https:\/\/i0.wp.com\/minutobahia24h.com.br\/wp-content\/uploads\/2023\/12\/Sem-titulo-175.jpg?resize=750%2C394&amp;ssl=1 750w, https:\/\/i0.wp.com\/minutobahia24h.com.br\/wp-content\/uploads\/2023\/12\/Sem-titulo-175.jpg?resize=1140%2C599&amp;ssl=1 1140w, https:\/\/i0.wp.com\/minutobahia24h.com.br\/wp-content\/uploads\/2023\/12\/Sem-titulo-175.jpg?w=1200&amp;ssl=1 1200w\" sizes=\"(max-width: 800px) 100vw, 800px\" \/><figcaption class=\"wp-element-caption\">Foto: Reprodu\u00e7\u00e3o \/ Gov.Ba<br><\/figcaption><\/figure>\n<\/div>\n\n\n<p>O mapeamento feito pela base aliada do governador Jer\u00f4nimo Rodrigues (PT), analisado na \u00faltima reuni\u00e3o do Conselho Pol\u00edtico, neste domingo (17), apontou um cen\u00e1rio favor\u00e1vel para o entendimento entre candidaturas em boa parte das cidades da Bahia. Informa\u00e7\u00f5es apontadas por lideran\u00e7as que estiveram no encontro indicaram que &#8220;95% das 70 maiores cidades&#8221; tem cen\u00e1rio &#8220;pacificado&#8221;.<\/p>\n\n\n\n<p>A arruma\u00e7\u00e3o se d\u00e1 com uma certa &#8220;varia\u00e7\u00e3o de possibilidades&#8221;. Existe o acordo que, em situa\u00e7\u00f5es espec\u00edficas, a base ter\u00e1 mais de uma candidatura e onde o afinamento de ideias \u00e9 mais forte, a base concentra esfor\u00e7os em apenas um nome. O cen\u00e1rio, portanto, \u00e9 utilizado por alguns l\u00edderes partid\u00e1rios para justificar o impasse da escolha do nome em Salvador.\u00a0<\/p>\n\n\n\n<p>&#8220;Se tem cidade com duas candidaturas no interior, Salvador n\u00e3o pode ter?&#8221;, questionou uma lideran\u00e7a em contato com o Bahia Not\u00edcias. Apesar do ajuste mais avan\u00e7ado fora da capital baiana, a cidade ainda deve ser um calo. Apesar da expectativa de um an\u00fancio oficial de quem seria o candidato do governo \u00e0 prefeitura de Salvador &#8211; com apostas de confirma\u00e7\u00e3o de Geraldo J\u00fanior -, mais uma reuni\u00e3o do grupo terminou sem respostas para a cidade (<a href=\"https:\/\/www.bahianoticias.com.br\/noticia\/287232-apos-promessa-reuniao-com-jeronimo-termina-sem-anuncio-de-candidato-em-salvador-caetano-promete-nome-ate-o-final-do-ano\" target=\"_blank\" rel=\"noreferrer noopener\">veja aqui<\/a>).\u00a0<\/p>\n\n\n\n<p>Representando os integrantes do Conselho Pol\u00edtico, Luiz Caetano, secret\u00e1rio de Rela\u00e7\u00f5es Institucionais do estado (Serin) adiantou que, no encontro, ficou definido que o governo do estado ter\u00e1 candidato \u00fanico em muitos munic\u00edpios, principalmente naqueles que tenham os maiores col\u00e9gios eleitorais. O gestor ainda garantiu que n\u00e3o h\u00e1 &#8220;resist\u00eancia ou veto&#8221; a nenhum nome colocado at\u00e9 o momento.<\/p>\n\n\n\n<p>Uma atualiza\u00e7\u00e3o sobre candidaturas deve ser dada na \u00a0pr\u00f3xima quinta-feira (21). Interlocutores dos participantes do encontro indicaram ao Bahia Not\u00edcias que esse foi o prazo dado pelo governador Jer\u00f4nimo Rodrigues (PT) ao grupo. Algumas reuni\u00f5es bilaterais entre as lideran\u00e7as partid\u00e1rias devem ocorrer desde esta segunda (18), at\u00e9 o prazo dado por Jer\u00f4nimo.\u00a0<\/p>\n\n\n\n<p>A ideia do governador seria &#8220;intensificar&#8221; ainda mais o di\u00e1logo entre os partidos para que ele n\u00e3o tenha que &#8220;intervir de forma direta&#8221; nas escolhas. Uma reuni\u00e3o da executiva estadual do PT com a nacional tamb\u00e9m est\u00e1 na agenda do presidente \u00c9den Valadares.\u00a0<\/p>\n\n\n\n<p><strong>DESFECHO PR\u00d3XIMO<\/strong><\/p>\n\n\n\n<p>Jer\u00f4nimo disse, nesta segunda-feira (18) que o nome pode ser revelado nesta quinta-feira (21), ap\u00f3s uma reuni\u00e3o, ou no final do ano caso n\u00e3o haja consenso do grupo pol\u00edtico (<a href=\"https:\/\/www.bahianoticias.com.br\/noticia\/287251-jeronimo-garante-anuncio-de-candidato-em-salvador-ate-fim-de-2023\" target=\"_blank\" rel=\"noreferrer noopener\">veja aqui<\/a>).\u00a0<\/p>\n\n\n\n<p>\u201cN\u00f3s vamos voltar a se reunir na pr\u00f3xima quinta-feira, se ali tivermos fechado o nome anunciarei, se n\u00e3o tivermos eu pedir que a gente possa at\u00e9 o final do ano concluir Salvador e mais alguns munic\u00edpios. Tem alguns que n\u00f3s teremos condi\u00e7\u00f5es de fazer isso, v\u00e3o ter alguns munic\u00edpios que a gente vai ter que ter cautela e tranquilidade, pois temos dois ou tr\u00eas nomes\u201d, afirmou.\u00a0<\/p>\n\n\n\n<p>BN<\/p>\n","protected":false},"excerpt":{"rendered":"<p>O mapeamento feito pela base aliada do governador Jer\u00f4nimo Rodrigues (PT), analisado na \u00faltima reuni\u00e3o do Conselho Pol\u00edtico, neste domingo (17), apontou um cen\u00e1rio favor\u00e1vel para o entendimento entre candidaturas em boa parte das cidades da Bahia. Informa\u00e7\u00f5es apontadas por lideran\u00e7as que estiveram no encontro indicaram que &#8220;95% das 70 maiores cidades&#8221; tem cen\u00e1rio &#8220;pacificado&#8221;. [&hellip;]<\/p>\n","protected":false},"author":2,"featured_media":5491,"comment_status":"open","ping_status":"open","sticky":false,"template":"","format":"standard","meta":{"_jetpack_memberships_contains_paid_content":false,"footnotes":""},"categories":[50],"tags":[],"class_list":["post-5489","post","type-post","status-publish","format-standard","has-post-thumbnail","hentry","category-eleicoes-2024"],"aioseo_notices":[],"jetpack_featured_media_url":"https:\/\/i0.wp.com\/minutobahia24h.com.br\/wp-content\/uploads\/2023\/12\/Sem-titulo-175.jpg?fit=1200%2C630&ssl=1","jetpack_sharing_enabled":true,"_links":{"self":[{"href":"https:\/\/minutobahia24h.com.br\/index.php?rest_route=\/wp\/v2\/posts\/5489","targetHints":{"allow":["GET"]}}],"collection":[{"href":"https:\/\/minutobahia24h.com.br\/index.php?rest_route=\/wp\/v2\/posts"}],"about":[{"href":"https:\/\/minutobahia24h.com.br\/index.php?rest_route=\/wp\/v2\/types\/post"}],"author":[{"embeddable":true,"href":"https:\/\/minutobahia24h.com.br\/index.php?rest_route=\/wp\/v2\/users\/2"}],"replies":[{"embeddable":true,"href":"https:\/\/minutobahia24h.com.br\/index.php?rest_route=%2Fwp%2Fv2%2Fcomments&post=5489"}],"version-history":[{"count":1,"href":"https:\/\/minutobahia24h.com.br\/index.php?rest_route=\/wp\/v2\/posts\/5489\/revisions"}],"predecessor-version":[{"id":5492,"href":"https:\/\/minutobahia24h.com.br\/index.php?rest_route=\/wp\/v2\/posts\/5489\/revisions\/5492"}],"wp:featuredmedia":[{"embeddable":true,"href":"https:\/\/minutobahia24h.com.br\/index.php?rest_route=\/wp\/v2\/media\/5491"}],"wp:attachment":[{"href":"https:\/\/minutobahia24h.com.br\/index.php?rest_route=%2Fwp%2Fv2%2Fmedia&parent=5489"}],"wp:term":[{"taxonomy":"category","embeddable":true,"href":"https:\/\/minutobahia24h.com.br\/index.php?rest_route=%2Fwp%2Fv2%2Fcategories&post=5489"},{"taxonomy":"post_tag","embeddable":true,"href":"https:\/\/minutobahia24h.com.br\/index.php?rest_route=%2Fwp%2Fv2%2Ftags&post=5489"}],"curies":[{"name":"wp","href":"https:\/\/api.w.org\/{rel}","templated":true}]}}