{"id":5471,"date":"2023-12-19T07:09:43","date_gmt":"2023-12-19T10:09:43","guid":{"rendered":"https:\/\/minutobahia24h.com.br\/?p=5471"},"modified":"2023-12-19T07:09:44","modified_gmt":"2023-12-19T10:09:44","slug":"lula-nao-dividira-ministerio-da-justica-e-seguranca-publica","status":"publish","type":"post","link":"https:\/\/minutobahia24h.com.br\/?p=5471","title":{"rendered":"Lula n\u00e3o dividir\u00e1 Minist\u00e9rio da Justi\u00e7a e Seguran\u00e7a P\u00fablica"},"content":{"rendered":"<div class=\"wp-block-image\">\n<figure class=\"aligncenter size-full\"><img data-recalc-dims=\"1\" fetchpriority=\"high\" decoding=\"async\" width=\"600\" height=\"420\" src=\"https:\/\/i0.wp.com\/minutobahia24h.com.br\/wp-content\/uploads\/2023\/12\/Sem-titulo-171.jpg?resize=600%2C420&#038;ssl=1\" alt=\"\" class=\"wp-image-5473\" srcset=\"https:\/\/i0.wp.com\/minutobahia24h.com.br\/wp-content\/uploads\/2023\/12\/Sem-titulo-171.jpg?w=600&amp;ssl=1 600w, https:\/\/i0.wp.com\/minutobahia24h.com.br\/wp-content\/uploads\/2023\/12\/Sem-titulo-171.jpg?resize=300%2C210&amp;ssl=1 300w\" sizes=\"(max-width: 600px) 100vw, 600px\" \/><figcaption class=\"wp-element-caption\">Foto:Rafael Nunes\/Ag\u00eancia Brasil<br><\/figcaption><\/figure>\n<\/div>\n\n\n<p>O l\u00edder do governo no Senado, senador Jaques Wagner (PT-BA), afirmou nesta segunda-feira (18) que o presidente Luiz In\u00e1cio Lula da Silva n\u00e3o ir\u00e1 desmembrar o minist\u00e9rio da Justi\u00e7a e Seguran\u00e7a P\u00fablica ap\u00f3s a sa\u00edda do ministro Fl\u00e1vio Dino do cago. Segundo o l\u00edder, a informa\u00e7\u00e3o foi dada a ele pelo presidente Lula nas \u00faltimas 24 horas.\u00a0\u201cEu perguntei objetivamente, e ele j\u00e1 me disse que n\u00e3o pretende dividir\u201d, disse Wagner em conversa com jornalistas.<\/p>\n\n\n\n<p>A separa\u00e7\u00e3o do minist\u00e9rio chegou a ser cogitada no in\u00edcio do governo, mas Lula desistiu da ideia a pedido de Dino, que deixar\u00e1 o cago de ministro em fevereiro do ano que vem para assumir uma vaga no Supremo Tribunal Federal.\u00a0Wagner n\u00e3o quis adiantar o nome do pr\u00f3ximo ministro da Justi\u00e7a. Segundo ele, o presidente Lula ainda est\u00e1 definindo a sucess\u00e3o \u201cO presidente da Rep\u00fablica n\u00e3o vai nomear algu\u00e9m por press\u00e3o\u201d, disse o l\u00edder.<\/p>\n\n\n\n<p>Bahia.ba<\/p>\n","protected":false},"excerpt":{"rendered":"<p>O l\u00edder do governo no Senado, senador Jaques Wagner (PT-BA), afirmou nesta segunda-feira (18) que o presidente Luiz In\u00e1cio Lula da Silva n\u00e3o ir\u00e1 desmembrar o minist\u00e9rio da Justi\u00e7a e Seguran\u00e7a P\u00fablica ap\u00f3s a sa\u00edda do ministro Fl\u00e1vio Dino do cago. Segundo o l\u00edder, a informa\u00e7\u00e3o foi dada a ele pelo presidente Lula nas \u00faltimas [&hellip;]<\/p>\n","protected":false},"author":2,"featured_media":5473,"comment_status":"open","ping_status":"open","sticky":false,"template":"","format":"standard","meta":{"_jetpack_memberships_contains_paid_content":false,"footnotes":""},"categories":[39],"tags":[],"class_list":["post-5471","post","type-post","status-publish","format-standard","has-post-thumbnail","hentry","category-politica"],"aioseo_notices":[],"jetpack_featured_media_url":"https:\/\/i0.wp.com\/minutobahia24h.com.br\/wp-content\/uploads\/2023\/12\/Sem-titulo-171.jpg?fit=600%2C420&ssl=1","jetpack_sharing_enabled":true,"_links":{"self":[{"href":"https:\/\/minutobahia24h.com.br\/index.php?rest_route=\/wp\/v2\/posts\/5471","targetHints":{"allow":["GET"]}}],"collection":[{"href":"https:\/\/minutobahia24h.com.br\/index.php?rest_route=\/wp\/v2\/posts"}],"about":[{"href":"https:\/\/minutobahia24h.com.br\/index.php?rest_route=\/wp\/v2\/types\/post"}],"author":[{"embeddable":true,"href":"https:\/\/minutobahia24h.com.br\/index.php?rest_route=\/wp\/v2\/users\/2"}],"replies":[{"embeddable":true,"href":"https:\/\/minutobahia24h.com.br\/index.php?rest_route=%2Fwp%2Fv2%2Fcomments&post=5471"}],"version-history":[{"count":1,"href":"https:\/\/minutobahia24h.com.br\/index.php?rest_route=\/wp\/v2\/posts\/5471\/revisions"}],"predecessor-version":[{"id":5474,"href":"https:\/\/minutobahia24h.com.br\/index.php?rest_route=\/wp\/v2\/posts\/5471\/revisions\/5474"}],"wp:featuredmedia":[{"embeddable":true,"href":"https:\/\/minutobahia24h.com.br\/index.php?rest_route=\/wp\/v2\/media\/5473"}],"wp:attachment":[{"href":"https:\/\/minutobahia24h.com.br\/index.php?rest_route=%2Fwp%2Fv2%2Fmedia&parent=5471"}],"wp:term":[{"taxonomy":"category","embeddable":true,"href":"https:\/\/minutobahia24h.com.br\/index.php?rest_route=%2Fwp%2Fv2%2Fcategories&post=5471"},{"taxonomy":"post_tag","embeddable":true,"href":"https:\/\/minutobahia24h.com.br\/index.php?rest_route=%2Fwp%2Fv2%2Ftags&post=5471"}],"curies":[{"name":"wp","href":"https:\/\/api.w.org\/{rel}","templated":true}]}}