{"id":5467,"date":"2023-12-19T07:08:24","date_gmt":"2023-12-19T10:08:24","guid":{"rendered":"https:\/\/minutobahia24h.com.br\/?p=5467"},"modified":"2023-12-19T07:08:26","modified_gmt":"2023-12-19T10:08:26","slug":"pedido-de-liberdade-de-roberto-jefferson-e-negado-por-alexandre-de-moraes","status":"publish","type":"post","link":"https:\/\/minutobahia24h.com.br\/?p=5467","title":{"rendered":"Pedido de liberdade de Roberto Jefferson \u00e9 negado por Alexandre de Moraes"},"content":{"rendered":"<div class=\"wp-block-image\">\n<figure class=\"aligncenter size-full\"><img data-recalc-dims=\"1\" fetchpriority=\"high\" decoding=\"async\" width=\"598\" height=\"419\" src=\"https:\/\/i0.wp.com\/minutobahia24h.com.br\/wp-content\/uploads\/2023\/12\/Sem-titulo-170.jpg?resize=598%2C419&#038;ssl=1\" alt=\"\" class=\"wp-image-5469\" srcset=\"https:\/\/i0.wp.com\/minutobahia24h.com.br\/wp-content\/uploads\/2023\/12\/Sem-titulo-170.jpg?w=598&amp;ssl=1 598w, https:\/\/i0.wp.com\/minutobahia24h.com.br\/wp-content\/uploads\/2023\/12\/Sem-titulo-170.jpg?resize=300%2C210&amp;ssl=1 300w\" sizes=\"(max-width: 598px) 100vw, 598px\" \/><figcaption class=\"wp-element-caption\">Foto: Alejandro Zambrana\/TSE<br><\/figcaption><\/figure>\n<\/div>\n\n\n<p>O ministro Alexandre de Moraes, do Supremo Tribunal Federal (STF), negou nesta segunda-feira (18) pedido de liberdade do ex-deputado federal Roberto Jefferson. Na decis\u00e3o, Moraes rejeitou pedido da defesa do ex-parlamentar para substitui\u00e7\u00e3o da pris\u00e3o por medidas cautelares. Atualmente, Jefferson est\u00e1 internado em um hospital no Rio de Janeiro, onde realiza tratamento de sa\u00fade.<\/p>\n\n\n\n<p>Jefferson est\u00e1 preso desde outubro do ano passado por oferecer resist\u00eancia armada ao cumprimento de um mandado de pris\u00e3o decretado pelo ministro. Ao analisar o pedido de liberdade, Moraes disse que tratamento de sa\u00fade de Roberto Jefferson est\u00e1 sendo acompanhado no processo, contudo, as acusa\u00e7\u00f5es contra o ex-deputado s\u00e3o \u201cgrav\u00edssimas\u201d.<\/p>\n\n\n\n<p>\u201cAs condutas sob an\u00e1lise s\u00e3o grav\u00edssimas e ferem com incisividade os bens jur\u00eddicos tutelados, sem que se verifique qualquer fato novo que possa macular os requisitos e fundamentos da decis\u00e3o que decretou a pris\u00e3o preventiva do investigado\u201d, justificou o ministro.<\/p>\n\n\n\n<p>No ano passado, \u00e0s v\u00e9speras das elei\u00e7\u00f5es, Roberto Jefferson foi preso ap\u00f3s publicar um v\u00eddeo na internet no qual ofendeu a ministra C\u00e1rmen L\u00facia com palavras de baixo cal\u00e3o.<\/p>\n\n\n\n<p>Durante o cumprimento do mandado de pris\u00e3o pela Pol\u00edcia Federal, o ex-deputado deu tiros de fuzil e lan\u00e7ou granadas contra os policiais que foram ao local. Em fun\u00e7\u00e3o do epis\u00f3dio, ele foi indiciado por quatro tentativas de homic\u00eddio e virou r\u00e9u.<\/p>\n\n\n\n<p>Bahia.ba<\/p>\n","protected":false},"excerpt":{"rendered":"<p>O ministro Alexandre de Moraes, do Supremo Tribunal Federal (STF), negou nesta segunda-feira (18) pedido de liberdade do ex-deputado federal Roberto Jefferson. Na decis\u00e3o, Moraes rejeitou pedido da defesa do ex-parlamentar para substitui\u00e7\u00e3o da pris\u00e3o por medidas cautelares. Atualmente, Jefferson est\u00e1 internado em um hospital no Rio de Janeiro, onde realiza tratamento de sa\u00fade. Jefferson [&hellip;]<\/p>\n","protected":false},"author":2,"featured_media":5469,"comment_status":"open","ping_status":"open","sticky":false,"template":"","format":"standard","meta":{"_jetpack_memberships_contains_paid_content":false,"footnotes":""},"categories":[23],"tags":[],"class_list":["post-5467","post","type-post","status-publish","format-standard","has-post-thumbnail","hentry","category-justica"],"aioseo_notices":[],"jetpack_featured_media_url":"https:\/\/i0.wp.com\/minutobahia24h.com.br\/wp-content\/uploads\/2023\/12\/Sem-titulo-170.jpg?fit=598%2C419&ssl=1","jetpack_sharing_enabled":true,"_links":{"self":[{"href":"https:\/\/minutobahia24h.com.br\/index.php?rest_route=\/wp\/v2\/posts\/5467","targetHints":{"allow":["GET"]}}],"collection":[{"href":"https:\/\/minutobahia24h.com.br\/index.php?rest_route=\/wp\/v2\/posts"}],"about":[{"href":"https:\/\/minutobahia24h.com.br\/index.php?rest_route=\/wp\/v2\/types\/post"}],"author":[{"embeddable":true,"href":"https:\/\/minutobahia24h.com.br\/index.php?rest_route=\/wp\/v2\/users\/2"}],"replies":[{"embeddable":true,"href":"https:\/\/minutobahia24h.com.br\/index.php?rest_route=%2Fwp%2Fv2%2Fcomments&post=5467"}],"version-history":[{"count":1,"href":"https:\/\/minutobahia24h.com.br\/index.php?rest_route=\/wp\/v2\/posts\/5467\/revisions"}],"predecessor-version":[{"id":5470,"href":"https:\/\/minutobahia24h.com.br\/index.php?rest_route=\/wp\/v2\/posts\/5467\/revisions\/5470"}],"wp:featuredmedia":[{"embeddable":true,"href":"https:\/\/minutobahia24h.com.br\/index.php?rest_route=\/wp\/v2\/media\/5469"}],"wp:attachment":[{"href":"https:\/\/minutobahia24h.com.br\/index.php?rest_route=%2Fwp%2Fv2%2Fmedia&parent=5467"}],"wp:term":[{"taxonomy":"category","embeddable":true,"href":"https:\/\/minutobahia24h.com.br\/index.php?rest_route=%2Fwp%2Fv2%2Fcategories&post=5467"},{"taxonomy":"post_tag","embeddable":true,"href":"https:\/\/minutobahia24h.com.br\/index.php?rest_route=%2Fwp%2Fv2%2Ftags&post=5467"}],"curies":[{"name":"wp","href":"https:\/\/api.w.org\/{rel}","templated":true}]}}