{"id":5436,"date":"2023-12-18T08:26:28","date_gmt":"2023-12-18T11:26:28","guid":{"rendered":"https:\/\/minutobahia24h.com.br\/?p=5436"},"modified":"2023-12-18T08:28:06","modified_gmt":"2023-12-18T11:28:06","slug":"portal-de-noticias-minuto-bahia-24h-inicia-o-projeto-politica-regional","status":"publish","type":"post","link":"https:\/\/minutobahia24h.com.br\/?p=5436","title":{"rendered":"Portal de Not\u00edcias Minuto Bahia 24h inicia o Projeto de Entrevistas Pol\u00edtica Regional"},"content":{"rendered":"<div class=\"wp-block-image\">\n<figure class=\"aligncenter size-large\"><img data-recalc-dims=\"1\" fetchpriority=\"high\" decoding=\"async\" width=\"800\" height=\"827\" src=\"https:\/\/i0.wp.com\/minutobahia24h.com.br\/wp-content\/uploads\/2023\/12\/Sem-titulo-163-991x1024.jpg?resize=800%2C827&#038;ssl=1\" alt=\"\" class=\"wp-image-5441\" srcset=\"https:\/\/i0.wp.com\/minutobahia24h.com.br\/wp-content\/uploads\/2023\/12\/Sem-titulo-163.jpg?resize=991%2C1024&amp;ssl=1 991w, https:\/\/i0.wp.com\/minutobahia24h.com.br\/wp-content\/uploads\/2023\/12\/Sem-titulo-163.jpg?resize=290%2C300&amp;ssl=1 290w, https:\/\/i0.wp.com\/minutobahia24h.com.br\/wp-content\/uploads\/2023\/12\/Sem-titulo-163.jpg?resize=768%2C793&amp;ssl=1 768w, https:\/\/i0.wp.com\/minutobahia24h.com.br\/wp-content\/uploads\/2023\/12\/Sem-titulo-163.jpg?resize=750%2C775&amp;ssl=1 750w, https:\/\/i0.wp.com\/minutobahia24h.com.br\/wp-content\/uploads\/2023\/12\/Sem-titulo-163.jpg?w=1060&amp;ssl=1 1060w\" sizes=\"(max-width: 800px) 100vw, 800px\" \/><\/figure>\n<\/div>\n\n\n<p><\/p>\n\n\n\n<p><\/p>\n\n\n\n<p>O Portal de Not\u00edcias Minuto Bahia 24h deu in\u00edcio ao Projeto de Entrevistas Pol\u00edtica Regional\u201d, com o objetivo de apresentar para a popula\u00e7\u00e3o das nove cidades que comp\u00f5e o Territ\u00f3rio Piemonte Norte do Itapicuru, personalidades que ingressar\u00e3o no cen\u00e1rio pol\u00edtico ou buscar\u00e3o a manuten\u00e7\u00e3o do mandato no pr\u00f3ximo ano. A nossa primeira parada foi no munic\u00edpio de Pindoba\u00e7u, localizado no centro norte baiano, com o l\u00edder popular Noel Kadosh.<\/p>\n\n\n\n<p>1 &#8211; Para quem ainda n\u00e3o conhece, quem \u00e9 Noel Kadosh?<\/p>\n\n\n\n<p>NK &#8211; Eu sou filho, pai, esposo e filho de Pindoba\u00e7u. Sou uma pessoa resiliente, que acredita nos prop\u00f3sitos de Deus e que sempre ir\u00e1 atr\u00e1s do que acredita, principalmente se for em prol do bem comum.<\/p>\n\n\n\n<p>2 &#8211; Muitas lideran\u00e7as costumam dizer que ingressaram na vida p\u00fablica ap\u00f3s receber uma esp\u00e9cie de chamado, seja de Deus ou do povo. Por que ingressou na pol\u00edtica?<\/p>\n\n\n\n<p>NK &#8211; Eu resolvi ingressar na pol\u00edtica ap\u00f3s receber um chamado. Mas, principalmente pelo sentimento de me colocar \u00e0 disposi\u00e7\u00e3o da popula\u00e7\u00e3o e entender as suas necessidades. Conhe\u00e7o bem o nosso povo e vejo que as pol\u00edticas p\u00fablicas n\u00e3o est\u00e3o se desenvolvendo da maneira que deviam ser feitas. Mas com certeza isso ir\u00e1 mudar.<\/p>\n\n\n\n<p>3 &#8211; Nos \u00faltimos meses um grande movimento popular que tem voc\u00ea como principal representante, tem tomado conta do munic\u00edpio de Pindoba\u00e7u. Como surgiu esse movimento e qual o objetivo?<\/p>\n\n\n\n<p>NK &#8211; Esse movimento surgiu quando sentimos no dia-dia as necessidades do nosso povo, principalmente as mais carentes, que ano ap\u00f3s ano seguem ser receber o cuidado e a aten\u00e7\u00e3o que merecem. Esse movimento est\u00e1 crescendo a cada dia e ir\u00e1 conduzir a nossa querida Pindoba\u00e7u ao desenvolvimento, proporcionando dignidade e a qualidade de vida que o nosso povo merece.<\/p>\n\n\n\n<p>4 &#8211; Como voc\u00ea avalia o atual cen\u00e1rio pol\u00edtico de Pindoba\u00e7u neste momento?<\/p>\n\n\n\n<p>NK &#8211; Um cen\u00e1rio de estabilidade e caos por parte da situa\u00e7\u00e3o. Como costumo dizer nas entrevistas que concedo, aqui o chicote s\u00f3 vai passando de m\u00e3o a cada 4 anos e isso precisa mudar. Para isso estamos buscando promover a conscientiza\u00e7\u00e3o da popula\u00e7\u00e3o a respeito da pol\u00edtica de conveni\u00eancia que se instalou em nosso munic\u00edpio.<\/p>\n\n\n\n<p>5 &#8211; Este ano, diversos prefeitos buscaram autoriza\u00e7\u00e3o para contra\u00edrem empr\u00e9stimos e aqui n\u00e3o foi diferente. Acredita que caso consiga esse recurso no valor de R$ 10 milh\u00f5es de reais a atual gest\u00e3o ir\u00e1 realizar obras estruturantes que mudar\u00e3o a vida da popula\u00e7\u00e3o?<\/p>\n\n\n\n<p>NK \u2013 Temos a certeza que n\u00e3o. At\u00e9 porque 2024 ser\u00e1 um ano eleitoral e por ser o \u00faltimo ano de mandato antes das elei\u00e7\u00f5es, n\u00e3o haver\u00e1 tempo h\u00e1bil para concretizar as a\u00e7\u00f5es prometidas no projeto.<\/p>\n\n\n\n<p>6 &#8211; Em uma poss\u00edvel vit\u00f3ria nas urnas, quais seriam as suas primeiras a\u00e7\u00f5es? Quais \u00e1reas hoje precisariam de uma aten\u00e7\u00e3o maior por parte do prefeito Noel Kadosh?<\/p>\n\n\n\n<p>NK \u2013 Se Deus e o povo de Pindoba\u00e7u me dessem a vit\u00f3ria nas urnas, a minha primeira a\u00e7\u00e3o seria a realiza\u00e7\u00e3o de uma auditoria para saber como est\u00e3o as finan\u00e7as do munic\u00edpio, saber onde e como foi gasto o dinheiro do povo. Depois iria fazer uma profunda analise das \u00e1reas que precisaria de maior aten\u00e7\u00e3o, em especial as de sa\u00fade e o desenvolvimento econ\u00f4mico. Na minha gest\u00e3o o povo ter\u00e1 vez e me ajudar\u00e1 a governar atrav\u00e9s de consultas p\u00fablicas e visitas constantes as comunidades.<\/p>\n\n\n\n<p>7 &#8211; Finalizando a nossa entrevista, gostaria que dissesse a popula\u00e7\u00e3o porque merece ser o pr\u00f3ximo prefeito do munic\u00edpio de Pindoba\u00e7u?<\/p>\n\n\n\n<p>NK \u2013 Estou entrando na pol\u00edtica para ajudar o meu povo e n\u00e3o por um projeto pessoal de poder. Carrego em meu cora\u00e7\u00e3o a vontade de fazer o melhor para o nosso povo, trazendo para Pindoba\u00e7u o desenvolvendo, dando condi\u00e7\u00f5es para a gera\u00e7\u00e3o de emprego e renda.<\/p>\n\n\n\n<p>Como mencionei anteriormente, quero fazer uma pol\u00edtica participativa, ouvindo o povo. Mesmo sem mandato recebo convites para participar de reuni\u00f5es e grandes encontros nos quatro cantos de munic\u00edpio, onde posso falar sobre a pol\u00edtica que queremos em Pindoba\u00e7u<\/p>\n\n\n\n<p>Eu sofri na pele a necessidade de desenvolvimento de pol\u00edticas p\u00fablicas em nossa cidade e por isso me coloquei a disposi\u00e7\u00e3o de fazer pelo nosso povo, que clama por uma Pindoba\u00e7u melhor.<\/p>\n\n\n\n<p>O Portal de Not\u00edcias Minuto Bahia 24h agradece a todos que curtiram a nossa entrevista e at\u00e9 o nosso pr\u00f3ximo encontro!<\/p>\n","protected":false},"excerpt":{"rendered":"<p>O Portal de Not\u00edcias Minuto Bahia 24h deu in\u00edcio ao Projeto de Entrevistas Pol\u00edtica Regional\u201d, com o objetivo de apresentar para a popula\u00e7\u00e3o das nove cidades que comp\u00f5e o Territ\u00f3rio Piemonte Norte do Itapicuru, personalidades que ingressar\u00e3o no cen\u00e1rio pol\u00edtico ou buscar\u00e3o a manuten\u00e7\u00e3o do mandato no pr\u00f3ximo ano. A nossa primeira parada foi no [&hellip;]<\/p>\n","protected":false},"author":2,"featured_media":5438,"comment_status":"open","ping_status":"open","sticky":false,"template":"","format":"standard","meta":{"_jetpack_memberships_contains_paid_content":false,"footnotes":""},"categories":[28],"tags":[],"class_list":["post-5436","post","type-post","status-publish","format-standard","has-post-thumbnail","hentry","category-pindobacu"],"aioseo_notices":[],"jetpack_featured_media_url":"https:\/\/i0.wp.com\/minutobahia24h.com.br\/wp-content\/uploads\/2023\/12\/WhatsApp-Image-2023-12-17-at-15.32.09.jpeg?fit=1062%2C1600&ssl=1","jetpack_sharing_enabled":true,"_links":{"self":[{"href":"https:\/\/minutobahia24h.com.br\/index.php?rest_route=\/wp\/v2\/posts\/5436","targetHints":{"allow":["GET"]}}],"collection":[{"href":"https:\/\/minutobahia24h.com.br\/index.php?rest_route=\/wp\/v2\/posts"}],"about":[{"href":"https:\/\/minutobahia24h.com.br\/index.php?rest_route=\/wp\/v2\/types\/post"}],"author":[{"embeddable":true,"href":"https:\/\/minutobahia24h.com.br\/index.php?rest_route=\/wp\/v2\/users\/2"}],"replies":[{"embeddable":true,"href":"https:\/\/minutobahia24h.com.br\/index.php?rest_route=%2Fwp%2Fv2%2Fcomments&post=5436"}],"version-history":[{"count":2,"href":"https:\/\/minutobahia24h.com.br\/index.php?rest_route=\/wp\/v2\/posts\/5436\/revisions"}],"predecessor-version":[{"id":5442,"href":"https:\/\/minutobahia24h.com.br\/index.php?rest_route=\/wp\/v2\/posts\/5436\/revisions\/5442"}],"wp:featuredmedia":[{"embeddable":true,"href":"https:\/\/minutobahia24h.com.br\/index.php?rest_route=\/wp\/v2\/media\/5438"}],"wp:attachment":[{"href":"https:\/\/minutobahia24h.com.br\/index.php?rest_route=%2Fwp%2Fv2%2Fmedia&parent=5436"}],"wp:term":[{"taxonomy":"category","embeddable":true,"href":"https:\/\/minutobahia24h.com.br\/index.php?rest_route=%2Fwp%2Fv2%2Fcategories&post=5436"},{"taxonomy":"post_tag","embeddable":true,"href":"https:\/\/minutobahia24h.com.br\/index.php?rest_route=%2Fwp%2Fv2%2Ftags&post=5436"}],"curies":[{"name":"wp","href":"https:\/\/api.w.org\/{rel}","templated":true}]}}