{"id":5428,"date":"2023-12-18T08:21:30","date_gmt":"2023-12-18T11:21:30","guid":{"rendered":"https:\/\/minutobahia24h.com.br\/?p=5428"},"modified":"2023-12-18T08:21:32","modified_gmt":"2023-12-18T11:21:32","slug":"ponto-novo-apos-anos-de-dedicacao-membros-celebram-realizacao-historica-em-reuniao-fundacional-da-associacao-recanto-dos-orixas","status":"publish","type":"post","link":"https:\/\/minutobahia24h.com.br\/?p=5428","title":{"rendered":"Ponto Novo: Ap\u00f3s anos de dedica\u00e7\u00e3o, membros celebram realiza\u00e7\u00e3o hist\u00f3rica em reuni\u00e3o fundacional da Associa\u00e7\u00e3o Recanto dos Orix\u00e1s"},"content":{"rendered":"\n<h4 class=\"wp-block-heading\"><\/h4>\n\n\n<div class=\"wp-block-image\">\n<figure class=\"aligncenter size-large\"><img data-recalc-dims=\"1\" fetchpriority=\"high\" decoding=\"async\" width=\"800\" height=\"533\" src=\"https:\/\/i0.wp.com\/minutobahia24h.com.br\/wp-content\/uploads\/2023\/12\/Sem-titulo-160-1024x682.jpg?resize=800%2C533&#038;ssl=1\" alt=\"\" class=\"wp-image-5430\" srcset=\"https:\/\/i0.wp.com\/minutobahia24h.com.br\/wp-content\/uploads\/2023\/12\/Sem-titulo-160.jpg?resize=1024%2C682&amp;ssl=1 1024w, https:\/\/i0.wp.com\/minutobahia24h.com.br\/wp-content\/uploads\/2023\/12\/Sem-titulo-160.jpg?resize=300%2C200&amp;ssl=1 300w, https:\/\/i0.wp.com\/minutobahia24h.com.br\/wp-content\/uploads\/2023\/12\/Sem-titulo-160.jpg?resize=768%2C512&amp;ssl=1 768w, https:\/\/i0.wp.com\/minutobahia24h.com.br\/wp-content\/uploads\/2023\/12\/Sem-titulo-160.jpg?resize=1536%2C1023&amp;ssl=1 1536w, https:\/\/i0.wp.com\/minutobahia24h.com.br\/wp-content\/uploads\/2023\/12\/Sem-titulo-160.jpg?resize=750%2C500&amp;ssl=1 750w, https:\/\/i0.wp.com\/minutobahia24h.com.br\/wp-content\/uploads\/2023\/12\/Sem-titulo-160.jpg?resize=1140%2C760&amp;ssl=1 1140w, https:\/\/i0.wp.com\/minutobahia24h.com.br\/wp-content\/uploads\/2023\/12\/Sem-titulo-160.jpg?w=1600&amp;ssl=1 1600w\" sizes=\"(max-width: 800px) 100vw, 800px\" \/><\/figure>\n<\/div>\n\n\n<p>A funda\u00e7\u00e3o do Recanto dos Orix\u00e1s, concretizada neste domingo, dia 17 de dezembro de 2023, representa a conquista de uma batalha longamente travada por seus membros. Liderados por Pai Walter de Ogum Meg\u00e9, esta reuni\u00e3o marcou o ponto culminante de anos de esfor\u00e7os dedicados \u00e0 preserva\u00e7\u00e3o da cultura religiosa .<\/p>\n\n\n\n<p>Vice-presidente Pai J\u00fanior de Ogum Narue, Bilusco de Ans\u00e3 e M\u00e3e Din\u00e1 de Ogum de Ronda, nomeados fiscais respons\u00e1veis pela orienta\u00e7\u00e3o e supervis\u00e3o das atividades da institui\u00e7\u00e3o, Valdinei Santos, que assume a gest\u00e3o financeira como Tesoureiro, M\u00e3e Joana de Iemanj\u00e1, secret\u00e1ria incumbida do registro das atividades e a\u00e7\u00f5es do Recanto dos Orix\u00e1s, e outros membros engajados, essa funda\u00e7\u00e3o representa a realiza\u00e7\u00e3o de um sonho, marcado por desafios superados e pela perseveran\u00e7a em meio \u00e0s adversidades.<\/p>\n\n\n\n<p>&#8220;\u00c9 um momento de grande significado para todos n\u00f3s. Durante muito tempo, enfrentamos obst\u00e1culos, mas nossa determina\u00e7\u00e3o nunca cessou. Ver o Recanto dos Orix\u00e1s tomar forma \u00e9 a concretiza\u00e7\u00e3o de uma luta que nos impulsionou a seguir adiante&#8221;, afirmou Pai Walter de Ogum Meg\u00e9, emocionado com o desfecho desta jornada.<\/p>\n\n\n\n<p>O encontro foi marcado por discursos emocionados, repletos de gratid\u00e3o pela uni\u00e3o e pela persist\u00eancia dos membros. A presen\u00e7a ativa de cada um na reuni\u00e3o fundacional simboliza n\u00e3o apenas um in\u00edcio, mas tamb\u00e9m o fortalecimento de um compromisso m\u00fatuo em prol da preserva\u00e7\u00e3o cultural e da solidariedade comunit\u00e1ria.<\/p>\n\n\n\n<p>Neste momento de celebra\u00e7\u00e3o, os membros reafirmaram seus valores de respeito, acolhimento e uni\u00e3o, comprometendo-se a promover a valoriza\u00e7\u00e3o das tradi\u00e7\u00f5es religiosas e a construir um futuro de entendimento e harmonia entre diferentes cren\u00e7as.<\/p>\n\n\n\n<p>A funda\u00e7\u00e3o do Recanto dos Orix\u00e1s representa n\u00e3o apenas um marco hist\u00f3rico, mas tamb\u00e9m o in\u00edcio de uma nova etapa, onde a cultura, a espiritualidade e o apoio m\u00fatuo se entrela\u00e7am para construir um legado de respeito e preserva\u00e7\u00e3o das tradi\u00e7\u00f5es ancestrais.<\/p>\n\n\n\n<p>agenciadc<\/p>\n","protected":false},"excerpt":{"rendered":"<p>A funda\u00e7\u00e3o do Recanto dos Orix\u00e1s, concretizada neste domingo, dia 17 de dezembro de 2023, representa a conquista de uma batalha longamente travada por seus membros. Liderados por Pai Walter de Ogum Meg\u00e9, esta reuni\u00e3o marcou o ponto culminante de anos de esfor\u00e7os dedicados \u00e0 preserva\u00e7\u00e3o da cultura religiosa . Vice-presidente Pai J\u00fanior de Ogum [&hellip;]<\/p>\n","protected":false},"author":2,"featured_media":5430,"comment_status":"open","ping_status":"open","sticky":false,"template":"","format":"standard","meta":{"_jetpack_memberships_contains_paid_content":false,"footnotes":""},"categories":[35],"tags":[],"class_list":["post-5428","post","type-post","status-publish","format-standard","has-post-thumbnail","hentry","category-ponto-novo"],"aioseo_notices":[],"jetpack_featured_media_url":"https:\/\/i0.wp.com\/minutobahia24h.com.br\/wp-content\/uploads\/2023\/12\/Sem-titulo-160.jpg?fit=1600%2C1066&ssl=1","jetpack_sharing_enabled":true,"_links":{"self":[{"href":"https:\/\/minutobahia24h.com.br\/index.php?rest_route=\/wp\/v2\/posts\/5428","targetHints":{"allow":["GET"]}}],"collection":[{"href":"https:\/\/minutobahia24h.com.br\/index.php?rest_route=\/wp\/v2\/posts"}],"about":[{"href":"https:\/\/minutobahia24h.com.br\/index.php?rest_route=\/wp\/v2\/types\/post"}],"author":[{"embeddable":true,"href":"https:\/\/minutobahia24h.com.br\/index.php?rest_route=\/wp\/v2\/users\/2"}],"replies":[{"embeddable":true,"href":"https:\/\/minutobahia24h.com.br\/index.php?rest_route=%2Fwp%2Fv2%2Fcomments&post=5428"}],"version-history":[{"count":1,"href":"https:\/\/minutobahia24h.com.br\/index.php?rest_route=\/wp\/v2\/posts\/5428\/revisions"}],"predecessor-version":[{"id":5431,"href":"https:\/\/minutobahia24h.com.br\/index.php?rest_route=\/wp\/v2\/posts\/5428\/revisions\/5431"}],"wp:featuredmedia":[{"embeddable":true,"href":"https:\/\/minutobahia24h.com.br\/index.php?rest_route=\/wp\/v2\/media\/5430"}],"wp:attachment":[{"href":"https:\/\/minutobahia24h.com.br\/index.php?rest_route=%2Fwp%2Fv2%2Fmedia&parent=5428"}],"wp:term":[{"taxonomy":"category","embeddable":true,"href":"https:\/\/minutobahia24h.com.br\/index.php?rest_route=%2Fwp%2Fv2%2Fcategories&post=5428"},{"taxonomy":"post_tag","embeddable":true,"href":"https:\/\/minutobahia24h.com.br\/index.php?rest_route=%2Fwp%2Fv2%2Ftags&post=5428"}],"curies":[{"name":"wp","href":"https:\/\/api.w.org\/{rel}","templated":true}]}}