{"id":5260,"date":"2023-12-13T07:25:29","date_gmt":"2023-12-13T10:25:29","guid":{"rendered":"https:\/\/minutobahia24h.com.br\/?p=5260"},"modified":"2023-12-13T07:25:30","modified_gmt":"2023-12-13T10:25:30","slug":"ministros-vao-se-licenciar-para-votar-a-favor-de-dino","status":"publish","type":"post","link":"https:\/\/minutobahia24h.com.br\/?p=5260","title":{"rendered":"Ministros v\u00e3o se licenciar para votar a favor de Dino"},"content":{"rendered":"<div class=\"wp-block-image\">\n<figure class=\"aligncenter size-large\"><img data-recalc-dims=\"1\" fetchpriority=\"high\" decoding=\"async\" width=\"800\" height=\"420\" src=\"https:\/\/i0.wp.com\/minutobahia24h.com.br\/wp-content\/uploads\/2023\/12\/Sem-titulo-123-1024x538.jpg?resize=800%2C420&#038;ssl=1\" alt=\"\" class=\"wp-image-5262\" srcset=\"https:\/\/i0.wp.com\/minutobahia24h.com.br\/wp-content\/uploads\/2023\/12\/Sem-titulo-123.jpg?resize=1024%2C538&amp;ssl=1 1024w, https:\/\/i0.wp.com\/minutobahia24h.com.br\/wp-content\/uploads\/2023\/12\/Sem-titulo-123.jpg?resize=300%2C158&amp;ssl=1 300w, https:\/\/i0.wp.com\/minutobahia24h.com.br\/wp-content\/uploads\/2023\/12\/Sem-titulo-123.jpg?resize=768%2C403&amp;ssl=1 768w, https:\/\/i0.wp.com\/minutobahia24h.com.br\/wp-content\/uploads\/2023\/12\/Sem-titulo-123.jpg?resize=750%2C394&amp;ssl=1 750w, https:\/\/i0.wp.com\/minutobahia24h.com.br\/wp-content\/uploads\/2023\/12\/Sem-titulo-123.jpg?resize=1140%2C599&amp;ssl=1 1140w, https:\/\/i0.wp.com\/minutobahia24h.com.br\/wp-content\/uploads\/2023\/12\/Sem-titulo-123.jpg?w=1200&amp;ssl=1 1200w\" sizes=\"(max-width: 800px) 100vw, 800px\" \/><figcaption class=\"wp-element-caption\">Foto: Vinicius Loures\/C\u00e2mara dos Deputados<br><\/figcaption><\/figure>\n<\/div>\n\n\n<p>Ministros do governo Lula v\u00e3o se licenciar do cargo temporariamente para reassumir uma cadeira no Senado nesta quarta-feira (13) e votar a favor da indica\u00e7\u00e3o de Fl\u00e1vio Dino para o Supremo Tribunal Federal (STF). V\u00e3o se licenciar os ministros que t\u00eam mandato de senador:<\/p>\n\n\n\n<ul class=\"wp-block-list\">\n<li>Wellington Dias (Desenvolvimento Social)<\/li>\n\n\n\n<li>Camilo Santana (Educa\u00e7\u00e3o)<\/li>\n\n\n\n<li>Renan Filho (Transportes)<\/li>\n\n\n\n<li>Carlos F\u00e1varo (Agricultura)<\/li>\n<\/ul>\n\n\n\n<p>Passada a vota\u00e7\u00e3o de Dino, eles voltar\u00e3o para os minist\u00e9rio e seus suplentes voltam a assumir as cadeiras no Senado.<\/p>\n\n\n\n<p>Dino, que tamb\u00e9m tem mandato de senador e atualmente \u00e9 ministro da Justi\u00e7a, vai ser sabatinado na Comiss\u00e3o de Constitui\u00e7\u00e3o e Justi\u00e7a (CCJ). Depois, a expectativa \u00e9 que o nome dele seja analisado pelo plen\u00e1rio do Senado. S\u00e3o necess\u00e1rios pelos menos 41 votos do total de 81 senadores para Dino ser aprovado.<\/p>\n\n\n\n<p>&#8220;Tomamos a decis\u00e3o de homenagear o colega de minist\u00e9rio e Senado&#8221;, afirmou Dias ao blog.<\/p>\n\n\n\n<p>&#8220;Amanh\u00e3 [quarta] vamos voltar para o Senado e participar do processo de aprecia\u00e7\u00e3o. Esperamos, confiantes, a aprova\u00e7\u00e3o da Casa, pelos m\u00e9ritos do Fl\u00e1vio Dino&#8221;, completou o ministro.<\/p>\n\n\n\n<p>BN<\/p>\n","protected":false},"excerpt":{"rendered":"<p>Ministros do governo Lula v\u00e3o se licenciar do cargo temporariamente para reassumir uma cadeira no Senado nesta quarta-feira (13) e votar a favor da indica\u00e7\u00e3o de Fl\u00e1vio Dino para o Supremo Tribunal Federal (STF). V\u00e3o se licenciar os ministros que t\u00eam mandato de senador: Passada a vota\u00e7\u00e3o de Dino, eles voltar\u00e3o para os minist\u00e9rio e [&hellip;]<\/p>\n","protected":false},"author":2,"featured_media":5262,"comment_status":"open","ping_status":"open","sticky":false,"template":"","format":"standard","meta":{"_jetpack_memberships_contains_paid_content":false,"footnotes":""},"categories":[39],"tags":[],"class_list":["post-5260","post","type-post","status-publish","format-standard","has-post-thumbnail","hentry","category-politica"],"aioseo_notices":[],"jetpack_featured_media_url":"https:\/\/i0.wp.com\/minutobahia24h.com.br\/wp-content\/uploads\/2023\/12\/Sem-titulo-123.jpg?fit=1200%2C630&ssl=1","jetpack_sharing_enabled":true,"_links":{"self":[{"href":"https:\/\/minutobahia24h.com.br\/index.php?rest_route=\/wp\/v2\/posts\/5260","targetHints":{"allow":["GET"]}}],"collection":[{"href":"https:\/\/minutobahia24h.com.br\/index.php?rest_route=\/wp\/v2\/posts"}],"about":[{"href":"https:\/\/minutobahia24h.com.br\/index.php?rest_route=\/wp\/v2\/types\/post"}],"author":[{"embeddable":true,"href":"https:\/\/minutobahia24h.com.br\/index.php?rest_route=\/wp\/v2\/users\/2"}],"replies":[{"embeddable":true,"href":"https:\/\/minutobahia24h.com.br\/index.php?rest_route=%2Fwp%2Fv2%2Fcomments&post=5260"}],"version-history":[{"count":1,"href":"https:\/\/minutobahia24h.com.br\/index.php?rest_route=\/wp\/v2\/posts\/5260\/revisions"}],"predecessor-version":[{"id":5263,"href":"https:\/\/minutobahia24h.com.br\/index.php?rest_route=\/wp\/v2\/posts\/5260\/revisions\/5263"}],"wp:featuredmedia":[{"embeddable":true,"href":"https:\/\/minutobahia24h.com.br\/index.php?rest_route=\/wp\/v2\/media\/5262"}],"wp:attachment":[{"href":"https:\/\/minutobahia24h.com.br\/index.php?rest_route=%2Fwp%2Fv2%2Fmedia&parent=5260"}],"wp:term":[{"taxonomy":"category","embeddable":true,"href":"https:\/\/minutobahia24h.com.br\/index.php?rest_route=%2Fwp%2Fv2%2Fcategories&post=5260"},{"taxonomy":"post_tag","embeddable":true,"href":"https:\/\/minutobahia24h.com.br\/index.php?rest_route=%2Fwp%2Fv2%2Ftags&post=5260"}],"curies":[{"name":"wp","href":"https:\/\/api.w.org\/{rel}","templated":true}]}}