{"id":5251,"date":"2023-12-13T07:19:23","date_gmt":"2023-12-13T10:19:23","guid":{"rendered":"https:\/\/minutobahia24h.com.br\/?p=5251"},"modified":"2023-12-13T07:19:24","modified_gmt":"2023-12-13T10:19:24","slug":"populacao-em-situacao-de-rua-e-tema-de-redacao-da-reaplicacao-do-enem","status":"publish","type":"post","link":"https:\/\/minutobahia24h.com.br\/?p=5251","title":{"rendered":"\u2018Popula\u00e7\u00e3o em situa\u00e7\u00e3o de rua\u2019 \u00e9 tema de reda\u00e7\u00e3o da reaplica\u00e7\u00e3o do Enem"},"content":{"rendered":"<div class=\"wp-block-image\">\n<figure class=\"aligncenter size-full\"><img data-recalc-dims=\"1\" fetchpriority=\"high\" decoding=\"async\" width=\"600\" height=\"420\" src=\"https:\/\/i0.wp.com\/minutobahia24h.com.br\/wp-content\/uploads\/2023\/12\/Sem-titulo-121.jpg?resize=600%2C420&#038;ssl=1\" alt=\"\" class=\"wp-image-5253\" srcset=\"https:\/\/i0.wp.com\/minutobahia24h.com.br\/wp-content\/uploads\/2023\/12\/Sem-titulo-121.jpg?w=600&amp;ssl=1 600w, https:\/\/i0.wp.com\/minutobahia24h.com.br\/wp-content\/uploads\/2023\/12\/Sem-titulo-121.jpg?resize=300%2C210&amp;ssl=1 300w\" sizes=\"(max-width: 600px) 100vw, 600px\" \/><figcaption class=\"wp-element-caption\">Foto: Ag\u00eancia Brasil<br><\/figcaption><\/figure>\n<\/div>\n\n\n<p>O tema da reda\u00e7\u00e3o da prova de reaplica\u00e7\u00e3o do Exame Nacional do Ensino M\u00e9dio (Enem) \u00e9 \u201cDesafios para a (re)inser\u00e7\u00e3o socioecon\u00f4mica da popula\u00e7\u00e3o em situa\u00e7\u00e3o de rua no Brasil\u201d: Tamb\u00e9m est\u00e1 sendo aplicado nesta ter\u00e7a-feira (12) o Enem para Pessoas Privadas de Liberdade ou sob medida socioeducativa que inclua priva\u00e7\u00e3o de liberdade (Enem PPL).<\/p>\n\n\n\n<p>As provas acontecem nesta ter\u00e7a e quarta-feira, 12 e 13 de dezembro, em todos os estados. Al\u00e9m da reda\u00e7\u00e3o, neste primeiro dia os participantes resolvem as quest\u00f5es de linguagem, c\u00f3digos e suas tecnologias; e ci\u00eancias humanas e suas tecnologias.<\/p>\n\n\n\n<p>A reaplica\u00e7\u00e3o do Enem \u00e9 aprovada pelo Instituto Nacional de Estudos e Pesquisas Educacionais An\u00edsio Teixeira (Inep) para participantes que tiveram algum problema log\u00edstico ou que estavam acometidos por doen\u00e7as infectocontagiosas no dia da aplica\u00e7\u00e3o regular do exame. Os candidatos que foram alocados para fazer a prova a mais de 30 quil\u00f4metros da resid\u00eancia na aplica\u00e7\u00e3o regular tamb\u00e9m puderam solicitar o direito \u00e0 reaplica\u00e7\u00e3o<\/p>\n\n\n\n<p>A prova para pessoas privadas de liberdade \u00e9 aplicada em cadeias p\u00fablicas, centros de deten\u00e7\u00e3o provis\u00f3ria e institui\u00e7\u00f5es de medidas socioeducativas. Segundo o Inep, 84.169 se inscreveram para fazer essa modalidade do Enem deste ano.<\/p>\n\n\n\n<p><strong>Reda\u00e7\u00e3o<\/strong>\u00a0\u2013 A prova de reda\u00e7\u00e3o exige a produ\u00e7\u00e3o de um texto em prosa \u2013 do tipo dissertativo-argumentativo \u2013 sobre um tema de ordem social, cient\u00edfica, cultural ou pol\u00edtica.<\/p>\n\n\n\n<p>O candidato dever\u00e1 defender um ponto de vista apoiado em argumentos consistentes, estruturados com coer\u00eancia e coes\u00e3o, formando uma unidade textual. Tamb\u00e9m deve elaborar uma proposta de interven\u00e7\u00e3o social para o problema apresentado no desenvolvimento do texto. Essa proposta deve respeitar os direitos humanos.<\/p>\n\n\n\n<p>Na \u00faltima segunda-feira (11), o governo federal lan\u00e7ou o Plano Ruas Vis\u00edveis \u2013 Pelo Direito ao Futuro da Popula\u00e7\u00e3o em Situa\u00e7\u00e3o de Rua. A medida promove a efetiva\u00e7\u00e3o da Pol\u00edtica Nacional para a Popula\u00e7\u00e3o em Situa\u00e7\u00e3o de Rua e tem investimento inicial de R$ 982 milh\u00f5es.<\/p>\n\n\n\n<p>Bahia.ba<\/p>\n","protected":false},"excerpt":{"rendered":"<p>O tema da reda\u00e7\u00e3o da prova de reaplica\u00e7\u00e3o do Exame Nacional do Ensino M\u00e9dio (Enem) \u00e9 \u201cDesafios para a (re)inser\u00e7\u00e3o socioecon\u00f4mica da popula\u00e7\u00e3o em situa\u00e7\u00e3o de rua no Brasil\u201d: Tamb\u00e9m est\u00e1 sendo aplicado nesta ter\u00e7a-feira (12) o Enem para Pessoas Privadas de Liberdade ou sob medida socioeducativa que inclua priva\u00e7\u00e3o de liberdade (Enem PPL). As [&hellip;]<\/p>\n","protected":false},"author":2,"featured_media":5253,"comment_status":"open","ping_status":"open","sticky":false,"template":"","format":"standard","meta":{"_jetpack_memberships_contains_paid_content":false,"footnotes":""},"categories":[34],"tags":[],"class_list":["post-5251","post","type-post","status-publish","format-standard","has-post-thumbnail","hentry","category-educacao"],"aioseo_notices":[],"jetpack_featured_media_url":"https:\/\/i0.wp.com\/minutobahia24h.com.br\/wp-content\/uploads\/2023\/12\/Sem-titulo-121.jpg?fit=600%2C420&ssl=1","jetpack_sharing_enabled":true,"_links":{"self":[{"href":"https:\/\/minutobahia24h.com.br\/index.php?rest_route=\/wp\/v2\/posts\/5251","targetHints":{"allow":["GET"]}}],"collection":[{"href":"https:\/\/minutobahia24h.com.br\/index.php?rest_route=\/wp\/v2\/posts"}],"about":[{"href":"https:\/\/minutobahia24h.com.br\/index.php?rest_route=\/wp\/v2\/types\/post"}],"author":[{"embeddable":true,"href":"https:\/\/minutobahia24h.com.br\/index.php?rest_route=\/wp\/v2\/users\/2"}],"replies":[{"embeddable":true,"href":"https:\/\/minutobahia24h.com.br\/index.php?rest_route=%2Fwp%2Fv2%2Fcomments&post=5251"}],"version-history":[{"count":1,"href":"https:\/\/minutobahia24h.com.br\/index.php?rest_route=\/wp\/v2\/posts\/5251\/revisions"}],"predecessor-version":[{"id":5254,"href":"https:\/\/minutobahia24h.com.br\/index.php?rest_route=\/wp\/v2\/posts\/5251\/revisions\/5254"}],"wp:featuredmedia":[{"embeddable":true,"href":"https:\/\/minutobahia24h.com.br\/index.php?rest_route=\/wp\/v2\/media\/5253"}],"wp:attachment":[{"href":"https:\/\/minutobahia24h.com.br\/index.php?rest_route=%2Fwp%2Fv2%2Fmedia&parent=5251"}],"wp:term":[{"taxonomy":"category","embeddable":true,"href":"https:\/\/minutobahia24h.com.br\/index.php?rest_route=%2Fwp%2Fv2%2Fcategories&post=5251"},{"taxonomy":"post_tag","embeddable":true,"href":"https:\/\/minutobahia24h.com.br\/index.php?rest_route=%2Fwp%2Fv2%2Ftags&post=5251"}],"curies":[{"name":"wp","href":"https:\/\/api.w.org\/{rel}","templated":true}]}}