{"id":5235,"date":"2023-12-13T07:12:54","date_gmt":"2023-12-13T10:12:54","guid":{"rendered":"https:\/\/minutobahia24h.com.br\/?p=5235"},"modified":"2023-12-13T07:12:55","modified_gmt":"2023-12-13T10:12:55","slug":"justica-concede-guarda-provisoria-da-filha-de-cantora-gospel-morta-na-bahia-para-familia-paterna-diz-advogada","status":"publish","type":"post","link":"https:\/\/minutobahia24h.com.br\/?p=5235","title":{"rendered":"Justi\u00e7a concede guarda provis\u00f3ria da filha de cantora gospel morta na Bahia para fam\u00edlia paterna, diz advogada"},"content":{"rendered":"<div class=\"wp-block-image\">\n<figure class=\"aligncenter size-full\"><img data-recalc-dims=\"1\" fetchpriority=\"high\" decoding=\"async\" width=\"800\" height=\"501\" src=\"https:\/\/i0.wp.com\/minutobahia24h.com.br\/wp-content\/uploads\/2023\/12\/Sem-titulo-117.jpg?resize=800%2C501&#038;ssl=1\" alt=\"\" class=\"wp-image-5237\" srcset=\"https:\/\/i0.wp.com\/minutobahia24h.com.br\/wp-content\/uploads\/2023\/12\/Sem-titulo-117.jpg?w=984&amp;ssl=1 984w, https:\/\/i0.wp.com\/minutobahia24h.com.br\/wp-content\/uploads\/2023\/12\/Sem-titulo-117.jpg?resize=300%2C188&amp;ssl=1 300w, https:\/\/i0.wp.com\/minutobahia24h.com.br\/wp-content\/uploads\/2023\/12\/Sem-titulo-117.jpg?resize=768%2C481&amp;ssl=1 768w, https:\/\/i0.wp.com\/minutobahia24h.com.br\/wp-content\/uploads\/2023\/12\/Sem-titulo-117.jpg?resize=750%2C470&amp;ssl=1 750w\" sizes=\"(max-width: 800px) 100vw, 800px\" \/><figcaption class=\"wp-element-caption\">Sara Mariano foi encontrada no dia 27 de outubro, \u00e0s margens da BA-093, na altura de Dias D\u2019\u00c1vila, cidade da Regi\u00e3o Metropolitana de Salvador . \u2014 Foto: Reprodu\u00e7\u00e3o\/Redes Sociais<br><\/figcaption><\/figure>\n<\/div>\n\n\n<p>A Justi\u00e7a concedeu na noite desta ter\u00e7a-feira (12), a guarda provis\u00f3ria da filha de Sara Mariano para a fam\u00edlia paterna, segundo informa\u00e7\u00f5es de Sarah Barros, advogada da fam\u00edlia da<a class=\"\" href=\"https:\/\/g1.globo.com\/ba\/bahia\/noticia\/2023\/10\/27\/corpo-e-encontrado-na-bahia.ghtml\">\u00a0cantora gospel morta em outubro deste ano<\/a>. A defesa da fam\u00edlia materna vai recorrer da decis\u00e3o.<\/p>\n\n\n\n<p>A advogada relatou que o juiz respons\u00e1vel pelo caso decidiu a guarda provis\u00f3ria atrav\u00e9s de uma liminar e vai dar continuidade ao processo com estudo do Servi\u00e7o de Apoio e Orienta\u00e7\u00e3o Familiar (SAOF) do Tribunal de Justi\u00e7a da Bahia (TJ-BA).<\/p>\n\n\n\n<p>A garota de 11 anos \u00e9 fruto do relacionamento da cantora gospel com\u00a0<a class=\"\" href=\"https:\/\/g1.globo.com\/ba\/bahia\/noticia\/2023\/10\/28\/quem-e-ederlan-mariano-marido-investigado-por-matar-cantora-gospel-sara-mariano.ghtml\">Ederlan Mariano<\/a>, suspeito de mandar matar a esposa. Ela est\u00e1 com a fam\u00edlia paterna desde\u00a0<a class=\"\" href=\"https:\/\/g1.globo.com\/ba\/bahia\/noticia\/2023\/10\/28\/marido-de-cantora-gospel-encontrada-morta-na-bahia-e-preso-diz-policia.ghtml\">a pris\u00e3o de Ederlan, ocorrida em 28 de outubro<\/a>.<\/p>\n\n\n\n<p>Sara Mariano foi encontrada no dia 27 de outubro, \u00e0s margens da BA-093, na altura de Dias D\u2019\u00c1vila, cidade da Regi\u00e3o Metropolitana de&nbsp;<a class=\"\" href=\"https:\/\/g1.globo.com\/ba\/bahia\/cidade\/salvador\/\">Salvador<\/a>&nbsp;. Antes disso, ela ficou desaparecida por quatro dias.<\/p>\n\n\n\n<p>Ederlan est\u00e1 detido no Complexo Penal da Mata Escura, em Salvador. No dia 24 de novembro, a Justi\u00e7a da Bahia\u00a0<a class=\"\" href=\"https:\/\/g1.globo.com\/ba\/bahia\/noticia\/2023\/11\/24\/justica-prorroga-prisao-temporaria-de-marido-de-sara-mariano-homem-e-investigado-como-mandante-do-assassinato.ghtml\">prorrogou a pris\u00e3o tempor\u00e1ria<\/a>\u00a0dele por mais 30 dias.<\/p>\n\n\n\n<p>Segundo o delegado Euvaldo Costa, respons\u00e1vel pelas investiga\u00e7\u00f5es, Ederlan &#8220;deixou clara a inten\u00e7\u00e3o de destruir as poss\u00edveis provas que estavam armazenadas no celular da v\u00edtima e prejudicar as investiga\u00e7\u00f5es dos fatos&#8221;. Ainda segundo delegado, o suspeito confessou o crime.<\/p>\n\n\n\n<p>Tr\u00eas suspeitos de participa\u00e7\u00e3o no crime tamb\u00e9m foram presos.&nbsp;<strong>O delegado Euvaldo Costa, destacou que as investiga\u00e7\u00f5es elucidaram a participa\u00e7\u00e3o de cada um dos suspeitos:<\/strong><\/p>\n\n\n\n<figure class=\"wp-block-image\"><img data-recalc-dims=\"1\" decoding=\"async\" src=\"https:\/\/i0.wp.com\/s2-g1.glbimg.com\/p71y4Lz7vhjH9ObSyk3-oRS8ktE%3D\/0x0%3A1920x1080\/984x0\/smart\/filters%3Astrip_icc%28%29\/i.s3.glbimg.com\/v1\/AUTH_59edd422c0c84a879bd37670ae4f538a\/internal_photos\/bs\/2023\/C\/m\/EHaIgpRCyhLA3wb8L47Q\/g1-ederlan-custodia-2.jpg?w=800&#038;ssl=1\" alt=\"Ederlan Mariano quando foi preso e passou por audi\u00eancia de cust\u00f3dia \u2014 Foto: TV Bahia\"\/><\/figure>\n\n\n\n<p>Ederlan Mariano quando foi preso e passou por audi\u00eancia de cust\u00f3dia \u2014 Foto: TV Bahia<\/p>\n\n\n\n<p>\ud83d\udc49&nbsp;<a class=\"\" href=\"https:\/\/g1.globo.com\/ba\/bahia\/noticia\/2023\/10\/28\/marido-de-cantora-gospel-encontrada-morta-na-bahia-e-preso-diz-policia.ghtml\">Ederlan Mariano<\/a>&nbsp;encomendou o crime;<\/p>\n\n\n\n<p>\ud83d\udc49&nbsp;<a class=\"\" href=\"https:\/\/g1.globo.com\/ba\/bahia\/noticia\/2023\/11\/15\/suspeito-de-envolvimento-na-morte-da-cantora-sara-mariano-e-preso-na-ba.ghtml\">Gide\u00e3o Duarte<\/a>&nbsp;levou Sara Mariano at\u00e9 o local combinado;<\/p>\n\n\n\n<p>\ud83d\udc49&nbsp;<a class=\"\" href=\"https:\/\/g1.globo.com\/ba\/bahia\/noticia\/2023\/11\/17\/quarto-suspeito-de-envolvimento-na-morte-de-sara-mariano-e-ouvido-em-delegacia-na-ba.ghtml\">Victor Gabriel<\/a>&nbsp;segurou a v\u00edtima;<\/p>\n\n\n\n<p>\ud83d\udc49\u00a0<a class=\"\" href=\"https:\/\/g1.globo.com\/ba\/bahia\/noticia\/2023\/11\/15\/preso-segundo-suspeito-de-envolvimento-na-morte-da-cantora-gospel-sara-mariano.ghtml\">Bispo Zadoque<\/a>\u00a0a esfaqueou.<\/p>\n\n\n\n<p><\/p>\n\n\n\n<p>Os suspeitos de envolvimento na morte de Sara Mariano&nbsp;<a class=\"\" href=\"https:\/\/g1.globo.com\/ba\/bahia\/noticia\/2023\/11\/17\/envolvidos-na-morte-de-sara-mariano-receberam-entre-r-200-e-r-900-promessa-do-mandante-era-de-ate-mais-r-15-mil.ghtml\">admitiram ter rateado R$ 2 mil<\/a>, que foram dados pelo marido dela, Ederlan Santos Mariano, para executar o crime. Ederlan foi o primeiro suspeito a ser preso, em 28 de outubro.<\/p>\n\n\n\n<p>Weslen Pablo Correia de Jesus, Gide\u00e3o Duarte e Victor Gabriel de Oliveira admitiram o recebimento dos valores em acarea\u00e7\u00e3o realizada na delegacia de\u00a0<a class=\"\" href=\"https:\/\/g1.globo.com\/ba\/bahia\/cidade\/dias-davila\/\">Dias D&#8217;\u00c1vila<\/a>, na Regi\u00e3o Metropolitana de Salvador (RMS), respons\u00e1vel pelas investiga\u00e7\u00f5es do caso.<\/p>\n\n\n\n<p>Al\u00e9m dos tr\u00eas envolvidos diretamente na execu\u00e7\u00e3o de Sara Mariano, um quarto homem identificado como &#8220;cantor Davi Oliveira&#8221; aparece na divis\u00e3o do dinheiro.<\/p>\n\n\n\n<p>Segundo os suspeitos, Davi recebeu R$ 200 como &#8220;cortesia&#8221;, porque sabia do plano para matar Sara Mariano, mas n\u00e3o participou de nenhuma fase do crime.<\/p>\n\n\n\n<p><strong>\ud83d\udcb0 R$ 2 mil:<\/strong>&nbsp;valor pago por Ederlan Santos Mariano pela morte de sua esposa Sara Mariano.<\/p>\n\n\n\n<p><strong>\ud83d\udcb5 R$ 900:<\/strong>&nbsp;valor recebido por Weslen Pablo Correia de Jesus, conhecido como Bispo Zadoque, executor da v\u00edtima e respons\u00e1vel pela oculta\u00e7\u00e3o do cad\u00e1ver.<\/p>\n\n\n\n<p><strong>\ud83d\udcb5 R$ 500:&nbsp;<\/strong>valor recebido por Victor Gabriel de Oliveira, que segurou Sara para que Weslen Pablo, o Bispo Zadoque, a matasse. Tamb\u00e9m participou da oculta\u00e7\u00e3o do cad\u00e1ver.<\/p>\n\n\n\n<p><strong>\ud83d\udcb5 R$ 400:<\/strong>&nbsp;valor recebido por Gide\u00e3o Duarte pelo transporte de Sara para encontro dos executores, e dos mesmos para a casa de Ederlan ap\u00f3s o crime. Ele ainda retornaria ao local com os executores para a queima do corpo de Sara.<\/p>\n\n\n\n<p><strong>\ud83d\udcb5 R$ 200:<\/strong>\u00a0valor recebido pelo homem identificado como &#8220;cantor Davi Oliveira&#8221;. Segundo os demais acusados, ele sabia do plano para matar Sara Mariano, mas n\u00e3o participou de nenhuma fase do crime. A pol\u00edcia ainda n\u00e3o divulgou se esse homem ser\u00e1 indiciado.<\/p>\n\n\n\n<p><\/p>\n","protected":false},"excerpt":{"rendered":"<p>A Justi\u00e7a concedeu na noite desta ter\u00e7a-feira (12), a guarda provis\u00f3ria da filha de Sara Mariano para a fam\u00edlia paterna, segundo informa\u00e7\u00f5es de Sarah Barros, advogada da fam\u00edlia da\u00a0cantora gospel morta em outubro deste ano. A defesa da fam\u00edlia materna vai recorrer da decis\u00e3o. A advogada relatou que o juiz respons\u00e1vel pelo caso decidiu a [&hellip;]<\/p>\n","protected":false},"author":2,"featured_media":5237,"comment_status":"open","ping_status":"open","sticky":false,"template":"","format":"standard","meta":{"_jetpack_memberships_contains_paid_content":false,"footnotes":""},"categories":[46],"tags":[],"class_list":["post-5235","post","type-post","status-publish","format-standard","has-post-thumbnail","hentry","category-noticia"],"aioseo_notices":[],"jetpack_featured_media_url":"https:\/\/i0.wp.com\/minutobahia24h.com.br\/wp-content\/uploads\/2023\/12\/Sem-titulo-117.jpg?fit=984%2C616&ssl=1","jetpack_sharing_enabled":true,"_links":{"self":[{"href":"https:\/\/minutobahia24h.com.br\/index.php?rest_route=\/wp\/v2\/posts\/5235","targetHints":{"allow":["GET"]}}],"collection":[{"href":"https:\/\/minutobahia24h.com.br\/index.php?rest_route=\/wp\/v2\/posts"}],"about":[{"href":"https:\/\/minutobahia24h.com.br\/index.php?rest_route=\/wp\/v2\/types\/post"}],"author":[{"embeddable":true,"href":"https:\/\/minutobahia24h.com.br\/index.php?rest_route=\/wp\/v2\/users\/2"}],"replies":[{"embeddable":true,"href":"https:\/\/minutobahia24h.com.br\/index.php?rest_route=%2Fwp%2Fv2%2Fcomments&post=5235"}],"version-history":[{"count":1,"href":"https:\/\/minutobahia24h.com.br\/index.php?rest_route=\/wp\/v2\/posts\/5235\/revisions"}],"predecessor-version":[{"id":5238,"href":"https:\/\/minutobahia24h.com.br\/index.php?rest_route=\/wp\/v2\/posts\/5235\/revisions\/5238"}],"wp:featuredmedia":[{"embeddable":true,"href":"https:\/\/minutobahia24h.com.br\/index.php?rest_route=\/wp\/v2\/media\/5237"}],"wp:attachment":[{"href":"https:\/\/minutobahia24h.com.br\/index.php?rest_route=%2Fwp%2Fv2%2Fmedia&parent=5235"}],"wp:term":[{"taxonomy":"category","embeddable":true,"href":"https:\/\/minutobahia24h.com.br\/index.php?rest_route=%2Fwp%2Fv2%2Fcategories&post=5235"},{"taxonomy":"post_tag","embeddable":true,"href":"https:\/\/minutobahia24h.com.br\/index.php?rest_route=%2Fwp%2Fv2%2Ftags&post=5235"}],"curies":[{"name":"wp","href":"https:\/\/api.w.org\/{rel}","templated":true}]}}