{"id":5231,"date":"2023-12-13T07:09:08","date_gmt":"2023-12-13T10:09:08","guid":{"rendered":"https:\/\/minutobahia24h.com.br\/?p=5231"},"modified":"2023-12-13T07:09:10","modified_gmt":"2023-12-13T10:09:10","slug":"plano-motosserra-os-9-pontos-do-ajuste-fiscal-que-o-governo-milei-anunciou-na-argentina","status":"publish","type":"post","link":"https:\/\/minutobahia24h.com.br\/?p=5231","title":{"rendered":"&#8216;Plano Motosserra&#8217;: os 9 pontos do ajuste fiscal que o governo Milei anunciou na Argentina"},"content":{"rendered":"\n<p>Na ter\u00e7a-feira (12), o novo ministro da Economia da\u00a0<a class=\"\" href=\"https:\/\/g1.globo.com\/tudo-sobre\/argentina\/\">Argentina<\/a>, Luis Caputo anunciou um pacote fiscal com nove medidas para tentar conter a crise econ\u00f4mica que afeta o pa\u00eds. O an\u00fancio foi gravado previamente e foi ao ar com duas horas de atraso. N\u00e3o houve espa\u00e7o para perguntas de jornalistas.<\/p>\n\n\n\n<p>O ajuste foi chamado na imprensa de &#8220;Plano Motosserra&#8221;, em refer\u00eancia \u00e0 motosserra que Milei exibiu na campanha a presidente. O Banco Central da Argentina anunciar\u00e1 medidas relacionadas \u00e0 pol\u00edtica monet\u00e1ria, taxa b\u00e1sica de juros e d\u00edvida nesta quarta-feira (13).<\/p>\n\n\n<div class=\"wp-block-image\">\n<figure class=\"aligncenter size-full\"><img data-recalc-dims=\"1\" fetchpriority=\"high\" decoding=\"async\" width=\"800\" height=\"449\" src=\"https:\/\/i0.wp.com\/minutobahia24h.com.br\/wp-content\/uploads\/2023\/12\/Sem-titulo-116.jpg?resize=800%2C449&#038;ssl=1\" alt=\"\" class=\"wp-image-5233\" srcset=\"https:\/\/i0.wp.com\/minutobahia24h.com.br\/wp-content\/uploads\/2023\/12\/Sem-titulo-116.jpg?w=984&amp;ssl=1 984w, https:\/\/i0.wp.com\/minutobahia24h.com.br\/wp-content\/uploads\/2023\/12\/Sem-titulo-116.jpg?resize=300%2C168&amp;ssl=1 300w, https:\/\/i0.wp.com\/minutobahia24h.com.br\/wp-content\/uploads\/2023\/12\/Sem-titulo-116.jpg?resize=768%2C431&amp;ssl=1 768w, https:\/\/i0.wp.com\/minutobahia24h.com.br\/wp-content\/uploads\/2023\/12\/Sem-titulo-116.jpg?resize=750%2C421&amp;ssl=1 750w\" sizes=\"(max-width: 800px) 100vw, 800px\" \/><figcaption class=\"wp-element-caption\">Milei tomou posse no domingo, 10 de dezembro \u2014 Foto: REUTERS via BBC<br><\/figcaption><\/figure>\n<\/div>\n\n\n<p><strong>Entre as medidas, est\u00e3o:<\/strong><\/p>\n\n\n\n<p><strong>1. Desvaloriza\u00e7\u00e3o do peso:<\/strong><strong>&nbsp;<\/strong>US$ 1 passar\u00e1 a valer 800 pesos; hoje cada d\u00f3lar vale 365 pesos. Isso inclui um aumento provis\u00f3rio do imposto de importa\u00e7\u00f5es (chamado de &#8220;Pais&#8221;, que incide sobre a compra de d\u00f3lares) e dos impostos retidos na fonte sobre as exporta\u00e7\u00f5es n\u00e3o agropecu\u00e1rias.<\/p>\n\n\n\n<ul class=\"wp-block-list\">\n<li><strong>O que justificou o ministro:&nbsp;<\/strong>&#8220;Vamos ajustar a taxa de c\u00e2mbio oficial para que os setores produtivos tenham os incentivos adequados para aumentar a produ\u00e7\u00e3o&#8221;.<\/li>\n\n\n\n<li><strong>Sobre o aumento no imposto das importa\u00e7\u00f5es, ele disse:<\/strong>&nbsp;&#8220;Assim, beneficiamos os exportadores com um pre\u00e7o melhor e equiparamos a carga fiscal para todos os setores, deixando de discriminar o setor agropecu\u00e1rio&#8221;.<\/li>\n<\/ul>\n\n\n\n<p><strong>2. Licita\u00e7\u00f5es:<\/strong>&nbsp;suspender novos editais de obras p\u00fablicas e cancelar licita\u00e7\u00f5es que ainda n\u00e3o come\u00e7aram.<\/p>\n\n\n\n<ul class=\"wp-block-list\">\n<li><strong>O que justificou o ministro:&nbsp;<\/strong>&#8220;N\u00e3o h\u00e1 dinheiro para pagar mais obras p\u00fablicas, que, como sabemos, muitas vezes terminam no bolso de pol\u00edticos e empres\u00e1rios. As obras p\u00fablicas t\u00eam sido desde sempre um dos focos de corrup\u00e7\u00e3o do estado e conosco isso termina. As obras de infraestrutura na Argentina ser\u00e3o realizadas pelo setor privado, j\u00e1 que o estado n\u00e3o tem dinheiro nem financiamento para execut\u00e1-las&#8221;.<\/li>\n<\/ul>\n\n\n\n<p><strong>3. Reduzir subs\u00eddio \u00e0 energia e aos transportes:<\/strong><strong>&nbsp;<\/strong>na pr\u00e1tica, as contas de luz e g\u00e1s aumentar\u00e3o, assim como as tarifas de trens e \u00f4nibus em toda a regi\u00e3o metropolitana de Buenos Aires.<\/p>\n\n\n\n<ul class=\"wp-block-list\">\n<li><strong>O que justificou o ministro:&nbsp;<\/strong>&#8220;Hoje, o estado banca artificialmente pre\u00e7os baix\u00edssimos de tarifas de energia e de transporte por meio de subs\u00eddios. A pol\u00edtica sempre fez isso porque dessa forma engana as pessoas, fazendo-as acreditar que est\u00e3o recebendo dinheiro extra. Mas os argentinos j\u00e1 devem ter percebido que esses subs\u00eddios n\u00e3o s\u00e3o gratuitos, uma vez que s\u00e3o pagos com infla\u00e7\u00e3o: o que te d\u00e3o com o pre\u00e7o da fatura, te cobram com os aumentos no supermercado. E, com a infla\u00e7\u00e3o, s\u00e3o os pobres que acabaram financiamento os ricos. Al\u00e9m disso, o subs\u00eddio na regi\u00e3o metropolitana s\u00e3o um ato de discrimina\u00e7\u00e3o com as prov\u00edncias do interior&#8221;.<\/li>\n<\/ul>\n\n\n\n<p><strong>4. Reduzir ao m\u00ednimo transfer\u00eancias \u00e0s prov\u00edncias.<\/strong><\/p>\n\n\n\n<ul class=\"wp-block-list\">\n<li><strong>O que justificou o ministro:&nbsp;<\/strong>&#8220;\u00c9 um recurso que lamentavelmente na nossa hist\u00f3ria recente foi usado como moeda de troca para mediar favores pol\u00edticos&#8221;.<\/li>\n<\/ul>\n\n\n\n<p><strong>5. Suspens\u00e3o de publicidade do governo por um ano.<\/strong><\/p>\n\n\n\n<ul class=\"wp-block-list\">\n<li><strong>O que justificou o ministro:&nbsp;<\/strong>&#8220;Em 2023, entre a Presid\u00eancia e os minist\u00e9rios, foram gastos 34 bilh\u00f5es de pesos em publicidade. N\u00e3o h\u00e1 dinheiro para despesas que n\u00e3o sejam estritamente necess\u00e1rias, e muito menos para sustentar, com dinheiro dos contribuintes, os meios de comunica\u00e7\u00e3o que s\u00e3o criados apenas para elogiar as virtudes do governo em exerc\u00edcio&#8221;.<\/li>\n<\/ul>\n\n\n\n<p><strong>6. Cargos p\u00fablicos:<\/strong>&nbsp;n\u00e3o renovar contratos de trabalho com menos de um ano.<\/p>\n\n\n\n<ul class=\"wp-block-list\">\n<li><strong>O que justificou o ministro:&nbsp;<\/strong>&#8220;Uma pr\u00e1tica comum na pol\u00edtica \u00e9 incorporar milhares de familiares e amigos antes de uma troca de governo para manter seus privil\u00e9gios&#8221;.<\/li>\n<\/ul>\n\n\n\n<p><strong>7. Corte na estrutura do governo:<\/strong>&nbsp;reduzir 106 para 54 o n\u00famero de secretarias, e os minist\u00e9rios de 18 para nove.<\/p>\n\n\n\n<ul class=\"wp-block-list\">\n<li><strong>O que justificou o ministro:&nbsp;<\/strong>a ideia \u00e9 reduzir o n\u00famero de cargos comissionados.<\/li>\n<\/ul>\n\n\n\n<p><strong>8. Social:<\/strong>&nbsp;priorizar projetos sociais que n\u00e3o exigem intermedi\u00e1rios e fortalecer programas como o que paga um aux\u00edlio a m\u00e3es com filhos.<\/p>\n\n\n\n<ul class=\"wp-block-list\">\n<li><strong>O que justificou o ministro:&nbsp;<\/strong>&#8220;Devido a toda essa situa\u00e7\u00e3o de emerg\u00eancia que vamos viver, o presidente nos pediu para focarmos fundamentalmente nas pessoas que podem sofrer mais com isso&#8221;.<\/li>\n<\/ul>\n\n\n\n<p><strong>9. Substituir o sistema de importa\u00e7\u00f5es para um que n\u00e3o exigir\u00e1 informa\u00e7\u00f5es de licen\u00e7a pr\u00e9via.<\/strong><\/p>\n\n\n\n<ul class=\"wp-block-list\">\n<li><strong>O que justificou o ministro:&nbsp;<\/strong>&#8220;Encerra-se a discricionariedade e garante-se a transpar\u00eancia do processo de aprova\u00e7\u00e3o das importa\u00e7\u00f5es. Ou seja, quem quiser importar poder\u00e1 faz\u00ea-lo, ponto&#8221;.<\/li>\n<\/ul>\n\n\n\n<blockquote class=\"wp-block-quote is-layout-flow wp-block-quote-is-layout-flow\">\n<p>&#8220;Estamos na pior fase da nossa hist\u00f3ria&#8221;, disse o ministro, que disse que a Argentina gasta bem mais do que arrecada \u2014o d\u00e9ficit fiscal. &#8220;Se seguir como estamos vamos ter hiperinfla\u00e7\u00e3o.&#8221; A ideia, diz, \u00e9 &#8220;neutralizar a crise&#8221;.<\/p>\n<\/blockquote>\n\n\n\n<h2 class=\"wp-block-heading\">Repercuss\u00e3o<\/h2>\n\n\n\n<p>O Fundo Monet\u00e1rio Internacional (FMI) elogiou as medidas e as tratou como &#8220;audaciosas&#8221;.<\/p>\n\n\n\n<p>&#8220;Essas a\u00e7\u00f5es iniciais audaciosas t\u00eam como objetivo melhorar significativamente as finan\u00e7as p\u00fablicas de maneira a proteger os mais vulner\u00e1veis na sociedade e fortalecer o regime de c\u00e2mbio&#8221;, informou o \u00f3rg\u00e3o em nota.<\/p>\n\n\n\n<blockquote class=\"wp-block-quote is-layout-flow wp-block-quote-is-layout-flow\">\n<p>&#8220;Sua implementa\u00e7\u00e3o decisiva ajudar\u00e1 a estabilizar a economia e estabelecer\u00e1 as bases para um crescimento mais sustent\u00e1vel liderado pelo setor privado.&#8221;<\/p>\n<\/blockquote>\n\n\n\n<p>O pacote era a medida mais esperada do novo presidente,&nbsp;<a class=\"\" href=\"https:\/\/g1.globo.com\/tudo-sobre\/javier-milei\/\">Javier Milei<\/a>, que, durante sua campanha, prometeu cortes profundos na estrutura estatal.<\/p>\n\n\n\n<p>No discurso de posse, no domingo (10),\u00a0<a class=\"\" href=\"https:\/\/g1.globo.com\/mundo\/noticia\/2023\/12\/10\/javier-milei-faz-discurso-de-posse-como-presidente-da-argentina.ghtml\">Milei disse que &#8220;n\u00e3o h\u00e1 dinheiro&#8221; no pa\u00eds<\/a>\u00a0e pediu para que a popula\u00e7\u00e3o se preparasse para tempos dif\u00edceis antes de que a situa\u00e7\u00e3o melhore.<\/p>\n\n\n\n<h2 class=\"wp-block-heading\">Crise<\/h2>\n\n\n\n<p>A Argentina vive uma das piores crises econ\u00f4micas de sua hist\u00f3ria recente, com 40% da popula\u00e7\u00e3o vivendo na pobreza e a infla\u00e7\u00e3o ultrapassado os 140% anuais. Milei tem dito que o&nbsp;<strong>corte dos gastos p\u00fablicos ser\u00e1 equivalente a 5% do Produto Interno Bruto (PIB) do pa\u00eds<\/strong>.<\/p>\n\n\n\n<p>O porta-voz do governo argentino, Manuel Ardoni, j\u00e1 havia falado de &#8220;um forte corte fiscal&#8221;, com foco nas receitas sociais, e afirmou que o pacote desenhado por Caputo e Milei tem como objetivo &#8220;evitar uma cat\u00e1strofe maior&#8221;.<\/p>\n\n\n\n<blockquote class=\"wp-block-quote is-layout-flow wp-block-quote-is-layout-flow\">\n<p>&#8220;Entendemos que a situa\u00e7\u00e3o \u00e9 grave e somos conscientes que a situa\u00e7\u00e3o pode ser pior&#8221;, declarou Adorni.<\/p>\n<\/blockquote>\n\n\n\n<p>Pela manh\u00e3, o porta-voz tamb\u00e9m anunciou que, durante um ano, todos os pronunciamentos do governo \u00e0 imprensa ser\u00e3o feitos por v\u00eddeos gravados, que ser\u00e3o exibidos a jornalistas em uma sala da Casa Rosada sem possibilidade de perguntas.<\/p>\n\n\n\n<h2 class=\"wp-block-heading\">Corte de minist\u00e9rios pela metade<\/h2>\n\n\n\n<p>No domingo, logo ap\u00f3s ser empossado ao cargo, Javier Milei assinou um decreto, o primeiro de sua gest\u00e3o, reduzindo a nove o n\u00famero de minist\u00e9rios de seu pa\u00eds, a<strong>\u00a0metade do que tinha seu antecessor<\/strong>, o ex-presidente Alberto Fern\u00e1ndez.<\/p>\n\n\n\n<figure class=\"wp-block-embed is-type-video is-provider-youtube wp-block-embed-youtube wp-embed-aspect-16-9 wp-has-aspect-ratio\"><div class=\"wp-block-embed__wrapper\">\n<iframe title=\"Anuncio de Medidas de Emergencia Econ\u00f3mica\" width=\"800\" height=\"450\" data-src=\"https:\/\/www.youtube.com\/embed\/ypCoTFn2Nhs?feature=oembed\" frameborder=\"0\" allow=\"accelerometer; autoplay; clipboard-write; encrypted-media; gyroscope; picture-in-picture; web-share\" allowfullscreen src=\"data:image\/gif;base64,R0lGODlhAQABAAAAACH5BAEKAAEALAAAAAABAAEAAAICTAEAOw==\" class=\"lazyload\" data-load-mode=\"1\"><\/iframe>\n<\/div><\/figure>\n\n\n\n<p>O governo do ultraliberal ter\u00e1, assim, as seguintes pastas:<\/p>\n\n\n\n<ul class=\"wp-block-list\">\n<li>Minist\u00e9rio de Interior;<\/li>\n\n\n\n<li>Minist\u00e9rio de Rela\u00e7\u00f5es Exteriores;<\/li>\n\n\n\n<li>Minist\u00e9rio de Com\u00e9rcio Internacional e Culto;<\/li>\n\n\n\n<li>Minist\u00e9rio da Defesa;<\/li>\n\n\n\n<li>Minist\u00e9rio da Economia;<\/li>\n\n\n\n<li>Minist\u00e9rio de Infraestrutura;<\/li>\n\n\n\n<li>Minist\u00e9rio da Justi\u00e7a;<\/li>\n\n\n\n<li>Minist\u00e9rio de Seguran\u00e7a;<\/li>\n\n\n\n<li>Minist\u00e9rio da Sa\u00fade e Capital Humano.<\/li>\n<\/ul>\n\n\n\n<p>Segundo Milei, a<strong>&nbsp;medida \u00e9 a primeira para cortar gastos p\u00fablicos<\/strong>, uma das bandeiras que ele levantou durante o discurso de posse.<\/p>\n\n\n\n<blockquote class=\"wp-block-quote is-layout-flow wp-block-quote-is-layout-flow\">\n<p>&#8220;N\u00e3o existe solu\u00e7\u00e3o sem atacar o d\u00e9ficit fiscal. A solu\u00e7\u00e3o implica um ajuste no setor p\u00fablico, que cair\u00e1 sobre o Estado, e n\u00e3o sobre o setor privado&#8221;, disse.<\/p>\n<cite>Fim do home office e revis\u00e3o de cargos<br><br>J\u00e1 na segunda-feira (11), em seu primeiro dia de trabalho \u00e0 frente do pa\u00eds, Milei determinou o fim do home office no funcionalismo p\u00fablico e uma revis\u00e3o nos cargos e contratos do governo.<br>Na reuni\u00e3o, que aconteceu na Casa Rosada, a sede do governo, Milei ordenou que os ministros adotem uma exig\u00eancia de trabalho 100% presencial a todos os membros de suas pastas.<br>O presidente, segundo sua vice, Victoria Villaruel, tamb\u00e9m pediu um &#8220;invent\u00e1rio geral&#8221; de todos os funcion\u00e1rios p\u00fablicos e cargos comissionados, al\u00e9m de um levantamento de todos os contratos vigentes nos minist\u00e9rios.<\/cite><\/blockquote>\n\n\n\n<p>Os an\u00fancios geraram no pa\u00eds o temor de demiss\u00f5es e destitui\u00e7\u00f5es em massa no funcionalismo p\u00fablico ao longo do dia, segundo a imprensa local.<\/p>\n\n\n\n<p>Milei afirmou que,<strong>&nbsp;no curto prazo, a situa\u00e7\u00e3o deve piorar&nbsp;<\/strong>at\u00e9 que as primeiras medidas comecem a dar resultado. E reiterou que o governo n\u00e3o tem dinheiro: &#8220;Lamentavelmente tenho que dizer, &#8216;no hay plata'&#8221;.<\/p>\n\n\n\n<p>&#8220;Isso impactar\u00e1 de modo negativo a atividade, o emprego, a quantidade de pobres e indigentes. Haver\u00e1 estagfla\u00e7\u00e3o [situa\u00e7\u00e3o em que h\u00e1 estagna\u00e7\u00e3o da economia e infla\u00e7\u00e3o alta], mas \u00e9 algo muito diferente do que tivemos nos \u00faltimos 12 anos. Ser\u00e1 o \u00faltimo gole amargo para come\u00e7ar a reconstruir a Argentina&#8221;, disse.<\/p>\n\n\n\n<blockquote class=\"wp-block-quote is-layout-flow wp-block-quote-is-layout-flow\">\n<p>&#8220;N\u00e3o ser\u00e1 f\u00e1cil: cem anos de fracasso n\u00e3o se desfazem num dia, mas um dia come\u00e7a, e hoje \u00e9 esse dia.&#8221;<\/p>\n<\/blockquote>\n\n\n\n<p>O presidente argentino discursou nas escadarias do Congresso, para seus eleitores. Foi uma quebra de protocolo, porque normalmente esse discurso ocorre dentro do parlamento.<\/p>\n\n\n\n<p>Mais tarde, j\u00e1 na Casa Rosada, falou ao p\u00fablico de novo e disse que sua elei\u00e7\u00e3o representa &#8220;o fim da noite populista e o renascer da Argentina pr\u00f3spera e liberal&#8221;.<\/p>\n\n\n\n<p>Entre as autoridades que participaram da posse estavam o ex-presidente Jair Bolsonaro e o presidente da Ucr\u00e2nia,&nbsp;<a class=\"\" href=\"https:\/\/g1.globo.com\/tudo-sobre\/volodymyr-zelensky\">Volodymyr Zelensky<\/a>. O presidente&nbsp;<a class=\"\" href=\"https:\/\/g1.globo.com\/politica\/politico\/lula\/\">Lula<\/a>&nbsp;n\u00e3o foi a Buenos Aires e mandou seu chanceler, Mauro Vieira, como representante do Brasil.<\/p>\n\n\n\n<h2 class=\"wp-block-heading\">Infla\u00e7\u00e3o<\/h2>\n\n\n\n<p>No discurso de posse, Milei tamb\u00e9m mencionou a elevada infla\u00e7\u00e3o, acima de 140% ao ano, e atribuiu a culpa aos governos peronistas. Antes de Alberto Fern\u00e1ndez, que deixou o cargo agora, quem governou foi Mauricio Macri, que \u00e9 de direita e aliado de Milei. Antes de Macri, Cristina Kirchner.<\/p>\n\n\n\n<blockquote class=\"wp-block-quote is-layout-flow wp-block-quote-is-layout-flow\">\n<p>&#8220;Arruinaram a nossa vida e fizeram cair dez vezes os nossos sal\u00e1rios. Portanto, n\u00e3o deveria surpreender que estejam deixando 45% de pobres e 10% de indigentes.&#8221;<\/p>\n<\/blockquote>\n\n\n\n<p>&#8220;Os argentinos, de forma contundente, expressaram uma vontade de mudan\u00e7a que j\u00e1 n\u00e3o tem retorno. N\u00e3o h\u00e1 retorno. Hoje enterramos d\u00e9cadas de fracassos e disputas sem sentido. Brigas que s\u00f3 conseguiram destruir o nosso pa\u00eds e nos deixar em ru\u00ednas. Hoje come\u00e7a uma nova era na Argentina, de paz e prosperidade&#8221;, afirmou.<\/p>\n\n\n\n<figure class=\"wp-block-image\"><img data-recalc-dims=\"1\" decoding=\"async\" src=\"https:\/\/i0.wp.com\/s2-g1.glbimg.com\/kCQK_DgfROIw3iAQEkRBv2JR73k%3D\/0x0%3A6228x4152\/984x0\/smart\/filters%3Astrip_icc%28%29\/i.s3.glbimg.com\/v1\/AUTH_59edd422c0c84a879bd37670ae4f538a\/internal_photos\/bs\/2023\/z\/k\/duM3DxQrKzFtYKiKQMuQ\/04.jpg?w=800&#038;ssl=1\" alt=\"Milei recebe o bast\u00e3o presidencial de Alberto Fern\u00e1ndez, outro s\u00edmbolo do poder na Argentina \u2014 Foto: Natacha Pisarenko\/AP\"\/><\/figure>\n\n\n\n<p>Milei recebe o bast\u00e3o presidencial de Alberto Fern\u00e1ndez, outro s\u00edmbolo do poder na Argentina \u2014 Foto: Natacha Pisarenko\/AP<\/p>\n","protected":false},"excerpt":{"rendered":"<p>Na ter\u00e7a-feira (12), o novo ministro da Economia da\u00a0Argentina, Luis Caputo anunciou um pacote fiscal com nove medidas para tentar conter a crise econ\u00f4mica que afeta o pa\u00eds. O an\u00fancio foi gravado previamente e foi ao ar com duas horas de atraso. N\u00e3o houve espa\u00e7o para perguntas de jornalistas. O ajuste foi chamado na imprensa [&hellip;]<\/p>\n","protected":false},"author":2,"featured_media":5233,"comment_status":"open","ping_status":"open","sticky":false,"template":"","format":"standard","meta":{"_jetpack_memberships_contains_paid_content":false,"footnotes":""},"categories":[15],"tags":[],"class_list":["post-5231","post","type-post","status-publish","format-standard","has-post-thumbnail","hentry","category-mundo"],"aioseo_notices":[],"jetpack_featured_media_url":"https:\/\/i0.wp.com\/minutobahia24h.com.br\/wp-content\/uploads\/2023\/12\/Sem-titulo-116.jpg?fit=984%2C552&ssl=1","jetpack_sharing_enabled":true,"_links":{"self":[{"href":"https:\/\/minutobahia24h.com.br\/index.php?rest_route=\/wp\/v2\/posts\/5231","targetHints":{"allow":["GET"]}}],"collection":[{"href":"https:\/\/minutobahia24h.com.br\/index.php?rest_route=\/wp\/v2\/posts"}],"about":[{"href":"https:\/\/minutobahia24h.com.br\/index.php?rest_route=\/wp\/v2\/types\/post"}],"author":[{"embeddable":true,"href":"https:\/\/minutobahia24h.com.br\/index.php?rest_route=\/wp\/v2\/users\/2"}],"replies":[{"embeddable":true,"href":"https:\/\/minutobahia24h.com.br\/index.php?rest_route=%2Fwp%2Fv2%2Fcomments&post=5231"}],"version-history":[{"count":1,"href":"https:\/\/minutobahia24h.com.br\/index.php?rest_route=\/wp\/v2\/posts\/5231\/revisions"}],"predecessor-version":[{"id":5234,"href":"https:\/\/minutobahia24h.com.br\/index.php?rest_route=\/wp\/v2\/posts\/5231\/revisions\/5234"}],"wp:featuredmedia":[{"embeddable":true,"href":"https:\/\/minutobahia24h.com.br\/index.php?rest_route=\/wp\/v2\/media\/5233"}],"wp:attachment":[{"href":"https:\/\/minutobahia24h.com.br\/index.php?rest_route=%2Fwp%2Fv2%2Fmedia&parent=5231"}],"wp:term":[{"taxonomy":"category","embeddable":true,"href":"https:\/\/minutobahia24h.com.br\/index.php?rest_route=%2Fwp%2Fv2%2Fcategories&post=5231"},{"taxonomy":"post_tag","embeddable":true,"href":"https:\/\/minutobahia24h.com.br\/index.php?rest_route=%2Fwp%2Fv2%2Ftags&post=5231"}],"curies":[{"name":"wp","href":"https:\/\/api.w.org\/{rel}","templated":true}]}}