{"id":5218,"date":"2023-12-12T07:24:34","date_gmt":"2023-12-12T10:24:34","guid":{"rendered":"https:\/\/minutobahia24h.com.br\/?p=5218"},"modified":"2023-12-12T07:24:35","modified_gmt":"2023-12-12T10:24:35","slug":"calor-retorna-a-partir-desta-quinta-com-temperaturas-acima-de-30c","status":"publish","type":"post","link":"https:\/\/minutobahia24h.com.br\/?p=5218","title":{"rendered":"Calor retorna a partir desta quinta, com temperaturas acima de 30\u00b0C"},"content":{"rendered":"<div class=\"wp-block-image\">\n<figure class=\"aligncenter size-full\"><img data-recalc-dims=\"1\" fetchpriority=\"high\" decoding=\"async\" width=\"601\" height=\"419\" src=\"https:\/\/i0.wp.com\/minutobahia24h.com.br\/wp-content\/uploads\/2023\/12\/Sem-titulo-113.jpg?resize=601%2C419&#038;ssl=1\" alt=\"\" class=\"wp-image-5220\" srcset=\"https:\/\/i0.wp.com\/minutobahia24h.com.br\/wp-content\/uploads\/2023\/12\/Sem-titulo-113.jpg?w=601&amp;ssl=1 601w, https:\/\/i0.wp.com\/minutobahia24h.com.br\/wp-content\/uploads\/2023\/12\/Sem-titulo-113.jpg?resize=300%2C209&amp;ssl=1 300w\" sizes=\"(max-width: 601px) 100vw, 601px\" \/><figcaption class=\"wp-element-caption\">Foto: Reprodu\u00e7\u00e3o\/Seconar Service<br><\/figcaption><\/figure>\n<\/div>\n\n\n<p>O clima mais fresco que tinha tomado conta das principais capitais do pa\u00eds vai chegar ao fim na pr\u00f3xima quinta-feira (14). Com o fim da precipita\u00e7\u00e3o, o sol volta a aparecer mais forte, elevando novamente as temperaturas na maior parte do pa\u00eds. A previs\u00e3o do Inmet \u00e9 que a regi\u00e3o Centro-Oeste tenha as maiores temperaturas no fim desta semana. Cuiab\u00e1 (MT) deve ter a m\u00e1xima de 36\u00b0C na quinta e de 37\u00b0C na sexta (15). Campo Grande (MS), ficar\u00e1 com 34\u00b0C e 37\u00b0C, respectivamente. E Goi\u00e2nia, 34\u00b0C e 36\u00b0C.<\/p>\n\n\n\n<p>\u201cDeve aquecer? Deve. Mas onda de calor tem crit\u00e9rios. \u00c9 preciso estar 5\u00b0C graus acima da m\u00e9dia por mais de tr\u00eas dias, que ser\u00e1 alerta amarelo, depois de cinco dias ser\u00e1 laranja, e depois vermelho. N\u00e3o s\u00f3 nesses valores de dias consecutivos, mas tamb\u00e9m em \u00e1rea. Se a cidade de S\u00e3o Paulo est\u00e1 5\u00b0C acima da m\u00e9dia mas as do entorno n\u00e3o est\u00e3o, ent\u00e3o n\u00e3o \u00e9 onda de calor\u201d, explica Olivo Bahia, meteorologista do Inmet.<\/p>\n\n\n\n<p>\u201cO que a gente pode dizer \u00e9 que o calor, independentemente de estar em onda ou n\u00e3o, est\u00e1 presente. Estamos indo para o ver\u00e3o, que \u00e9 um per\u00edodo quente. Como tem nuvem e chuva, o clima \u00e9 quente e abafado, e n\u00e3o chega a extremos\u201d, completa o meteorologista. \u201cSe vai atingir os 5\u00b0C acima da m\u00e9dia ainda est\u00e1 muito indefinido.\u201d<\/p>\n\n\n\n<p>No Sudeste, a temperatura m\u00e1xima na capital paulista e no Rio de Janeiro deve chegar a 33\u00b0C na quinta-feira e 35\u00b0C na sexta (15). Em Belo Horizonte deve fazer 30\u00b0C nos dois dias.<\/p>\n\n\n\n<p>No Sul, Porto Alegre (RS) ser\u00e1 a mais abafada, com m\u00e1ximas de 35\u00b0C na quinta e 37\u00b0C na sexta. Em Florian\u00f3polis (SC), ser\u00e3o 29\u00b0C e 31\u00b0C. E, em Curitiba, 32\u00b0C e 34\u00b0C. Praticamente toda a regi\u00e3o Nordeste ter\u00e1 temperaturas entre 30\u00b0C e 32\u00b0C, com exce\u00e7\u00e3o de Teresina (PI), onde far\u00e1 35\u00b0C e 34\u00b0C, respectivamente.<\/p>\n\n\n\n<p>No Norte, por sua dimens\u00e3o, as temperaturas ser\u00e3o variadas, como 36\u00b0C em Boa Vista (RR), 34\u00b0C em Palmas (TO) e 31\u00b0C em Manaus (AM). Nesses dias, h\u00e1 possibilidade de chuvas isoladas, o que pode diminuir o calor nos dias seguintes, aponta Olivo Bahia, destacando que a temperatura deve sempre variar um ou dois graus dependendo do volume de precipita\u00e7\u00e3o. \u201cNuvem e chuva divide a energia do Sol.\u201d<\/p>\n\n\n\n<p>Bahia.ba<\/p>\n","protected":false},"excerpt":{"rendered":"<p>O clima mais fresco que tinha tomado conta das principais capitais do pa\u00eds vai chegar ao fim na pr\u00f3xima quinta-feira (14). Com o fim da precipita\u00e7\u00e3o, o sol volta a aparecer mais forte, elevando novamente as temperaturas na maior parte do pa\u00eds. A previs\u00e3o do Inmet \u00e9 que a regi\u00e3o Centro-Oeste tenha as maiores temperaturas [&hellip;]<\/p>\n","protected":false},"author":2,"featured_media":5220,"comment_status":"open","ping_status":"open","sticky":false,"template":"","format":"standard","meta":{"_jetpack_memberships_contains_paid_content":false,"footnotes":""},"categories":[46],"tags":[],"class_list":["post-5218","post","type-post","status-publish","format-standard","has-post-thumbnail","hentry","category-noticia"],"aioseo_notices":[],"jetpack_featured_media_url":"https:\/\/i0.wp.com\/minutobahia24h.com.br\/wp-content\/uploads\/2023\/12\/Sem-titulo-113.jpg?fit=601%2C419&ssl=1","jetpack_sharing_enabled":true,"_links":{"self":[{"href":"https:\/\/minutobahia24h.com.br\/index.php?rest_route=\/wp\/v2\/posts\/5218","targetHints":{"allow":["GET"]}}],"collection":[{"href":"https:\/\/minutobahia24h.com.br\/index.php?rest_route=\/wp\/v2\/posts"}],"about":[{"href":"https:\/\/minutobahia24h.com.br\/index.php?rest_route=\/wp\/v2\/types\/post"}],"author":[{"embeddable":true,"href":"https:\/\/minutobahia24h.com.br\/index.php?rest_route=\/wp\/v2\/users\/2"}],"replies":[{"embeddable":true,"href":"https:\/\/minutobahia24h.com.br\/index.php?rest_route=%2Fwp%2Fv2%2Fcomments&post=5218"}],"version-history":[{"count":1,"href":"https:\/\/minutobahia24h.com.br\/index.php?rest_route=\/wp\/v2\/posts\/5218\/revisions"}],"predecessor-version":[{"id":5221,"href":"https:\/\/minutobahia24h.com.br\/index.php?rest_route=\/wp\/v2\/posts\/5218\/revisions\/5221"}],"wp:featuredmedia":[{"embeddable":true,"href":"https:\/\/minutobahia24h.com.br\/index.php?rest_route=\/wp\/v2\/media\/5220"}],"wp:attachment":[{"href":"https:\/\/minutobahia24h.com.br\/index.php?rest_route=%2Fwp%2Fv2%2Fmedia&parent=5218"}],"wp:term":[{"taxonomy":"category","embeddable":true,"href":"https:\/\/minutobahia24h.com.br\/index.php?rest_route=%2Fwp%2Fv2%2Fcategories&post=5218"},{"taxonomy":"post_tag","embeddable":true,"href":"https:\/\/minutobahia24h.com.br\/index.php?rest_route=%2Fwp%2Fv2%2Ftags&post=5218"}],"curies":[{"name":"wp","href":"https:\/\/api.w.org\/{rel}","templated":true}]}}