{"id":5214,"date":"2023-12-12T07:23:03","date_gmt":"2023-12-12T10:23:03","guid":{"rendered":"https:\/\/minutobahia24h.com.br\/?p=5214"},"modified":"2023-12-12T07:23:04","modified_gmt":"2023-12-12T10:23:04","slug":"a-pec-me-dara-direito-se-a-assembleia-entender-de-ser-candidato-novamente-afirma-adolfo-menezes","status":"publish","type":"post","link":"https:\/\/minutobahia24h.com.br\/?p=5214","title":{"rendered":"\u201cA PEC me dar\u00e1 direito, se a Assembleia entender, de ser candidato novamente\u201d, afirma Adolfo Menezes"},"content":{"rendered":"<div class=\"wp-block-image\">\n<figure class=\"aligncenter size-large\"><img data-recalc-dims=\"1\" fetchpriority=\"high\" decoding=\"async\" width=\"800\" height=\"421\" src=\"https:\/\/i0.wp.com\/minutobahia24h.com.br\/wp-content\/uploads\/2023\/12\/Sem-titulo-112-1024x539.jpg?resize=800%2C421&#038;ssl=1\" alt=\"\" class=\"wp-image-5216\" srcset=\"https:\/\/i0.wp.com\/minutobahia24h.com.br\/wp-content\/uploads\/2023\/12\/Sem-titulo-112.jpg?resize=1024%2C539&amp;ssl=1 1024w, https:\/\/i0.wp.com\/minutobahia24h.com.br\/wp-content\/uploads\/2023\/12\/Sem-titulo-112.jpg?resize=300%2C158&amp;ssl=1 300w, https:\/\/i0.wp.com\/minutobahia24h.com.br\/wp-content\/uploads\/2023\/12\/Sem-titulo-112.jpg?resize=768%2C404&amp;ssl=1 768w, https:\/\/i0.wp.com\/minutobahia24h.com.br\/wp-content\/uploads\/2023\/12\/Sem-titulo-112.jpg?resize=750%2C395&amp;ssl=1 750w, https:\/\/i0.wp.com\/minutobahia24h.com.br\/wp-content\/uploads\/2023\/12\/Sem-titulo-112.jpg?resize=1140%2C600&amp;ssl=1 1140w, https:\/\/i0.wp.com\/minutobahia24h.com.br\/wp-content\/uploads\/2023\/12\/Sem-titulo-112.jpg?w=1200&amp;ssl=1 1200w\" sizes=\"(max-width: 800px) 100vw, 800px\" \/><figcaption class=\"wp-element-caption\">Foto: Fernando Duarte\/Bahia Not\u00edcias<br><\/figcaption><\/figure>\n<\/div>\n\n\n<p>A PEC da Reelei\u00e7\u00e3o, ou &#8220;PEC Adolfo Menezes&#8221;, tamb\u00e9m foi um dos assuntos abordados pelo presidente da Assembleia Legislativa da Bahia (AL-BA), nesta segunda-feira (11), no Podcast Projeto Prisma, do Bahia Not\u00edcias.&nbsp;<\/p>\n\n\n\n<p>Durante a entrevista, o chefe do Legislativo refor\u00e7ou que quase todas as Assembleias do Brasil permitem a reelei\u00e7\u00e3o da Mesa Diretora na mesma legislatura e que \u00e9, portanto, favor\u00e1vel ao processo.\u00a0\u201cFoi feito [projeto de lei proibindo a reelei\u00e7\u00e3o] na \u00e9poca em que Marcelo Nilo estava pleiteando pela sexta vez [permanecer no comando da Casa]. As pessoas n\u00e3o eram contra Marcelo Nilo, as pessoas eram contra ele ir pela sexta vez candidato, uma coisa sem sentido, por isso foi aprovado. E agora por iniciativa de colegas, eu n\u00e3o pedi a ningu\u00e9m, n\u00e3o solicitei, por iniciativa pr\u00f3pria, eles pegaram as assinaturas e vai ser votado no pr\u00f3ximo ano\u201d,salientou.\u00a0<\/p>\n\n\n\n<p>Adolfo Menezes tamb\u00e9m comentou a&nbsp;<a href=\"https:\/\/www.bahianoticias.com.br\/noticia\/286295-elmar-teria-ameacado-aliados-ao-saber-da-pec-da-reeleicao-na-al-ba-diga-a-eles-para-esquecer-as-emendas\">reportagem publicada, com exclusividade, pelo Bahia Not\u00edcias sobre a suposta amea\u00e7a do deputado federal Elmar Nascimento (Uni\u00e3o)<\/a>&nbsp;aos parlamentares da oposi\u00e7\u00e3o favor\u00e1veis \u00e0 PEC. Nascimento e Menezes s\u00e3o opositores na cidade de Campo Formoso, no Piemonte Norte do Itapicuru, que j\u00e1 foi comandada pelo presidente da AL-BA e, hoje, tem Elmo Nascimento, irm\u00e3o de Elmar, como prefeito e candidato natural \u00e0 reelei\u00e7\u00e3o.&nbsp;<\/p>\n\n\n\n<p><strong>Confira o trecho da entrevista:\u00a0<\/strong><\/p>\n\n\n\n<figure class=\"wp-block-embed is-type-video is-provider-youtube wp-block-embed-youtube wp-embed-aspect-16-9 wp-has-aspect-ratio\"><div class=\"wp-block-embed__wrapper\">\n<iframe title=\"Podcast Projeto Prisma #069 - Adolfo Menezes | Presidente da Assembleia Legislativa da Bahia\" width=\"800\" height=\"450\" data-src=\"https:\/\/www.youtube.com\/embed\/rF-5oP8ndDo?feature=oembed\" frameborder=\"0\" allow=\"accelerometer; autoplay; clipboard-write; encrypted-media; gyroscope; picture-in-picture; web-share\" allowfullscreen src=\"data:image\/gif;base64,R0lGODlhAQABAAAAACH5BAEKAAEALAAAAAABAAEAAAICTAEAOw==\" class=\"lazyload\" data-load-mode=\"1\"><\/iframe>\n<\/div><\/figure>\n\n\n\n<p>BN<\/p>\n","protected":false},"excerpt":{"rendered":"<p>A PEC da Reelei\u00e7\u00e3o, ou &#8220;PEC Adolfo Menezes&#8221;, tamb\u00e9m foi um dos assuntos abordados pelo presidente da Assembleia Legislativa da Bahia (AL-BA), nesta segunda-feira (11), no Podcast Projeto Prisma, do Bahia Not\u00edcias.&nbsp; Durante a entrevista, o chefe do Legislativo refor\u00e7ou que quase todas as Assembleias do Brasil permitem a reelei\u00e7\u00e3o da Mesa Diretora na mesma [&hellip;]<\/p>\n","protected":false},"author":2,"featured_media":5216,"comment_status":"open","ping_status":"open","sticky":false,"template":"","format":"standard","meta":{"_jetpack_memberships_contains_paid_content":false,"footnotes":""},"categories":[46],"tags":[],"class_list":["post-5214","post","type-post","status-publish","format-standard","has-post-thumbnail","hentry","category-noticia"],"aioseo_notices":[],"jetpack_featured_media_url":"https:\/\/i0.wp.com\/minutobahia24h.com.br\/wp-content\/uploads\/2023\/12\/Sem-titulo-112.jpg?fit=1200%2C632&ssl=1","jetpack_sharing_enabled":true,"_links":{"self":[{"href":"https:\/\/minutobahia24h.com.br\/index.php?rest_route=\/wp\/v2\/posts\/5214","targetHints":{"allow":["GET"]}}],"collection":[{"href":"https:\/\/minutobahia24h.com.br\/index.php?rest_route=\/wp\/v2\/posts"}],"about":[{"href":"https:\/\/minutobahia24h.com.br\/index.php?rest_route=\/wp\/v2\/types\/post"}],"author":[{"embeddable":true,"href":"https:\/\/minutobahia24h.com.br\/index.php?rest_route=\/wp\/v2\/users\/2"}],"replies":[{"embeddable":true,"href":"https:\/\/minutobahia24h.com.br\/index.php?rest_route=%2Fwp%2Fv2%2Fcomments&post=5214"}],"version-history":[{"count":1,"href":"https:\/\/minutobahia24h.com.br\/index.php?rest_route=\/wp\/v2\/posts\/5214\/revisions"}],"predecessor-version":[{"id":5217,"href":"https:\/\/minutobahia24h.com.br\/index.php?rest_route=\/wp\/v2\/posts\/5214\/revisions\/5217"}],"wp:featuredmedia":[{"embeddable":true,"href":"https:\/\/minutobahia24h.com.br\/index.php?rest_route=\/wp\/v2\/media\/5216"}],"wp:attachment":[{"href":"https:\/\/minutobahia24h.com.br\/index.php?rest_route=%2Fwp%2Fv2%2Fmedia&parent=5214"}],"wp:term":[{"taxonomy":"category","embeddable":true,"href":"https:\/\/minutobahia24h.com.br\/index.php?rest_route=%2Fwp%2Fv2%2Fcategories&post=5214"},{"taxonomy":"post_tag","embeddable":true,"href":"https:\/\/minutobahia24h.com.br\/index.php?rest_route=%2Fwp%2Fv2%2Ftags&post=5214"}],"curies":[{"name":"wp","href":"https:\/\/api.w.org\/{rel}","templated":true}]}}