{"id":5210,"date":"2023-12-12T07:21:09","date_gmt":"2023-12-12T10:21:09","guid":{"rendered":"https:\/\/minutobahia24h.com.br\/?p=5210"},"modified":"2023-12-12T07:21:10","modified_gmt":"2023-12-12T10:21:10","slug":"instituicoes-agropecuarias-reunem-forca-tarefa-para-minimizar-danos-da-seca-na-bahia","status":"publish","type":"post","link":"https:\/\/minutobahia24h.com.br\/?p=5210","title":{"rendered":"Institui\u00e7\u00f5es agropecu\u00e1rias re\u00fanem for\u00e7a-tarefa para minimizar danos da seca na Bahia"},"content":{"rendered":"<div class=\"wp-block-image\">\n<figure class=\"aligncenter size-large\"><img data-recalc-dims=\"1\" fetchpriority=\"high\" decoding=\"async\" width=\"800\" height=\"421\" src=\"https:\/\/i0.wp.com\/minutobahia24h.com.br\/wp-content\/uploads\/2023\/12\/Sem-titulo-111-1024x539.jpg?resize=800%2C421&#038;ssl=1\" alt=\"\" class=\"wp-image-5212\" srcset=\"https:\/\/i0.wp.com\/minutobahia24h.com.br\/wp-content\/uploads\/2023\/12\/Sem-titulo-111.jpg?resize=1024%2C539&amp;ssl=1 1024w, https:\/\/i0.wp.com\/minutobahia24h.com.br\/wp-content\/uploads\/2023\/12\/Sem-titulo-111.jpg?resize=300%2C158&amp;ssl=1 300w, https:\/\/i0.wp.com\/minutobahia24h.com.br\/wp-content\/uploads\/2023\/12\/Sem-titulo-111.jpg?resize=768%2C404&amp;ssl=1 768w, https:\/\/i0.wp.com\/minutobahia24h.com.br\/wp-content\/uploads\/2023\/12\/Sem-titulo-111.jpg?resize=750%2C395&amp;ssl=1 750w, https:\/\/i0.wp.com\/minutobahia24h.com.br\/wp-content\/uploads\/2023\/12\/Sem-titulo-111.jpg?resize=1140%2C600&amp;ssl=1 1140w, https:\/\/i0.wp.com\/minutobahia24h.com.br\/wp-content\/uploads\/2023\/12\/Sem-titulo-111.jpg?w=1200&amp;ssl=1 1200w\" sizes=\"(max-width: 800px) 100vw, 800px\" \/><figcaption class=\"wp-element-caption\">Foto: Divulga\u00e7\u00e3o \/ Senar<br><\/figcaption><\/figure>\n<\/div>\n\n\n<p>As implica\u00e7\u00f5es da seca na Bahia foi o tema da discuss\u00e3o entre o Servi\u00e7o Nacional de Aprendizagem Rural (Senar), Ag\u00eancia de Defesa Agropecu\u00e1ria da Bahia (ADAB), Federa\u00e7\u00e3o da Agricultura e Pecu\u00e1ria da Bahia (Faeb) e Secretaria da Agricultura, Pecu\u00e1ria, Irriga\u00e7\u00e3o, Pesca e Aquicultura (Seagri), nesta segunda-feira (11). Na reuni\u00e3o, que ocorreu na sede da Federa\u00e7\u00e3o da Agricultura, no bairro do Com\u00e9rcio, em Salvador, os gestores definiram a cria\u00e7\u00e3o de uma for\u00e7a-tarefa para a cria\u00e7\u00e3o de medidas que minimizem os preju\u00edzos para a produ\u00e7\u00e3o agropecu\u00e1ria no estado.&nbsp;<\/p>\n\n\n\n<p>Com os efeitos do El Nin\u00f5 no Brasil, cerca de mais de 130 munic\u00edpios baianos j\u00e1 decretaram estado de emerg\u00eancia por causa da falta de chuva. Em toda a Bahia, 107 mil animais foram mortos devido \u00e0 estiagem e na agricultura, dezenas de culturas devem ser replantadas.\u00a0<\/p>\n\n\n\n<p>\u201cN\u00e3o podemos esperar para tomar uma atitude, precisamos atuar em parceria, com a\u00e7\u00f5es de curto prazo, visando minimizar os preju\u00edzos dos produtores rurais baianos\u201d, disse o presidente da Faeb, Humberto Miranda, convocando os governos municipais, estadual e federal, ao colocar \u00e0 disposi\u00e7\u00e3o a estrutura da institui\u00e7\u00e3o para a viabiliza\u00e7\u00e3o de projetos.<\/p>\n\n\n\n<p>Miranda ressaltou a necessidade de envolver outros entes, como UPB e institui\u00e7\u00f5es financeiras. Esta semana eles v\u00e3o \u00e0 Bras\u00edlia e j\u00e1 inclu\u00edram a seca na agenda com o Minist\u00e9rio da Agricultura, Pecu\u00e1ria e Abastecimento (Mapa). &nbsp;<\/p>\n\n\n\n<p>Wallison Tum, secret\u00e1rio de Agricultura do Estado, por sua vez, pediu o apoio do Sistema Faeb\/Senar, para conseguir levar as a\u00e7\u00f5es t\u00e9cnicas e informativas ao maior n\u00famero de munic\u00edpios. \u201cSomos deficientes em m\u00e3o de obra e por isso gostar\u00edamos de contar com a capilaridade do Sistema para reduzir os danos\u201d, ponderou.\u00a0<\/p>\n\n\n\n<p>BN<\/p>\n","protected":false},"excerpt":{"rendered":"<p>As implica\u00e7\u00f5es da seca na Bahia foi o tema da discuss\u00e3o entre o Servi\u00e7o Nacional de Aprendizagem Rural (Senar), Ag\u00eancia de Defesa Agropecu\u00e1ria da Bahia (ADAB), Federa\u00e7\u00e3o da Agricultura e Pecu\u00e1ria da Bahia (Faeb) e Secretaria da Agricultura, Pecu\u00e1ria, Irriga\u00e7\u00e3o, Pesca e Aquicultura (Seagri), nesta segunda-feira (11). Na reuni\u00e3o, que ocorreu na sede da Federa\u00e7\u00e3o [&hellip;]<\/p>\n","protected":false},"author":2,"featured_media":5212,"comment_status":"open","ping_status":"open","sticky":false,"template":"","format":"standard","meta":{"_jetpack_memberships_contains_paid_content":false,"footnotes":""},"categories":[21],"tags":[],"class_list":["post-5210","post","type-post","status-publish","format-standard","has-post-thumbnail","hentry","category-bahia"],"aioseo_notices":[],"jetpack_featured_media_url":"https:\/\/i0.wp.com\/minutobahia24h.com.br\/wp-content\/uploads\/2023\/12\/Sem-titulo-111.jpg?fit=1200%2C632&ssl=1","jetpack_sharing_enabled":true,"_links":{"self":[{"href":"https:\/\/minutobahia24h.com.br\/index.php?rest_route=\/wp\/v2\/posts\/5210","targetHints":{"allow":["GET"]}}],"collection":[{"href":"https:\/\/minutobahia24h.com.br\/index.php?rest_route=\/wp\/v2\/posts"}],"about":[{"href":"https:\/\/minutobahia24h.com.br\/index.php?rest_route=\/wp\/v2\/types\/post"}],"author":[{"embeddable":true,"href":"https:\/\/minutobahia24h.com.br\/index.php?rest_route=\/wp\/v2\/users\/2"}],"replies":[{"embeddable":true,"href":"https:\/\/minutobahia24h.com.br\/index.php?rest_route=%2Fwp%2Fv2%2Fcomments&post=5210"}],"version-history":[{"count":1,"href":"https:\/\/minutobahia24h.com.br\/index.php?rest_route=\/wp\/v2\/posts\/5210\/revisions"}],"predecessor-version":[{"id":5213,"href":"https:\/\/minutobahia24h.com.br\/index.php?rest_route=\/wp\/v2\/posts\/5210\/revisions\/5213"}],"wp:featuredmedia":[{"embeddable":true,"href":"https:\/\/minutobahia24h.com.br\/index.php?rest_route=\/wp\/v2\/media\/5212"}],"wp:attachment":[{"href":"https:\/\/minutobahia24h.com.br\/index.php?rest_route=%2Fwp%2Fv2%2Fmedia&parent=5210"}],"wp:term":[{"taxonomy":"category","embeddable":true,"href":"https:\/\/minutobahia24h.com.br\/index.php?rest_route=%2Fwp%2Fv2%2Fcategories&post=5210"},{"taxonomy":"post_tag","embeddable":true,"href":"https:\/\/minutobahia24h.com.br\/index.php?rest_route=%2Fwp%2Fv2%2Ftags&post=5210"}],"curies":[{"name":"wp","href":"https:\/\/api.w.org\/{rel}","templated":true}]}}