{"id":5189,"date":"2023-12-12T07:00:56","date_gmt":"2023-12-12T10:00:56","guid":{"rendered":"https:\/\/minutobahia24h.com.br\/?p=5189"},"modified":"2023-12-12T07:00:58","modified_gmt":"2023-12-12T10:00:58","slug":"neymar-no-santos-como-clube-se-reaproxima-de-idolo-busca-receitas-e-mira-retorno-no-futuro","status":"publish","type":"post","link":"https:\/\/minutobahia24h.com.br\/?p=5189","title":{"rendered":"Neymar no Santos: como clube se reaproxima de \u00eddolo, busca receitas e mira retorno no futuro"},"content":{"rendered":"<div class=\"wp-block-image\">\n<figure class=\"aligncenter size-full\"><img data-recalc-dims=\"1\" fetchpriority=\"high\" decoding=\"async\" width=\"800\" height=\"576\" src=\"https:\/\/i0.wp.com\/minutobahia24h.com.br\/wp-content\/uploads\/2023\/12\/Sem-titulo-106.jpg?resize=800%2C576&#038;ssl=1\" alt=\"\" class=\"wp-image-5191\" srcset=\"https:\/\/i0.wp.com\/minutobahia24h.com.br\/wp-content\/uploads\/2023\/12\/Sem-titulo-106.jpg?w=984&amp;ssl=1 984w, https:\/\/i0.wp.com\/minutobahia24h.com.br\/wp-content\/uploads\/2023\/12\/Sem-titulo-106.jpg?resize=300%2C216&amp;ssl=1 300w, https:\/\/i0.wp.com\/minutobahia24h.com.br\/wp-content\/uploads\/2023\/12\/Sem-titulo-106.jpg?resize=768%2C553&amp;ssl=1 768w, https:\/\/i0.wp.com\/minutobahia24h.com.br\/wp-content\/uploads\/2023\/12\/Sem-titulo-106.jpg?resize=120%2C86&amp;ssl=1 120w, https:\/\/i0.wp.com\/minutobahia24h.com.br\/wp-content\/uploads\/2023\/12\/Sem-titulo-106.jpg?resize=750%2C540&amp;ssl=1 750w\" sizes=\"(max-width: 800px) 100vw, 800px\" \/><figcaption class=\"wp-element-caption\">Neymar na Vila Belmiro para Santos x Audax Italiano \u2014 Foto: Divulga\u00e7\u00e3o\/SantosFC<br><\/figcaption><\/figure>\n<\/div>\n\n\n<p>Presidente eleito do\u00a0<a class=\"\" href=\"https:\/\/globoesporte.globo.com\/sp\/santos-e-regiao\/futebol\/times\/santos\/\">Santos<\/a>, Marcelo Teixeira tem buscado estreitar rela\u00e7\u00f5es com a fam\u00edlia de Neymar. Na \u00faltima sexta-feira, o mandat\u00e1rio esteve na casa do jogador em Mangaratiba, no Rio de Janeiro, acompanhado por Marcelo Teixeira Filho e o ex-jogador L\u00e9o.<\/p>\n\n\n\n<p>Teixeira enxerga em Neymar pai um poss\u00edvel aliado para trazer investimentos para o&nbsp;<a class=\"\" href=\"https:\/\/globoesporte.globo.com\/sp\/santos-e-regiao\/futebol\/times\/santos\/\">Santos<\/a>, sobretudo, em rela\u00e7\u00e3o ao mercado \u00e1rabe. A ideia \u00e9 atrair empresas que possam investir no Peixe. Por\u00e9m, tudo ainda \u00e9 embrion\u00e1rio.<\/p>\n\n\n\n<p>\u2013 N\u00f3s estamos com v\u00e1rias frentes. Acho importante a gente contar com trabalhos e projetos que resultem, primeiro, de uma maneira profissional e, depois, que resultem em sucesso. Entre eles, n\u00f3s temos essa rela\u00e7\u00e3o com o Neymar, tanto o pai quanto o filho. O Neymar pai que decide os neg\u00f3cios da carreira do filho. Decide, tamb\u00e9m, os neg\u00f3cios da pr\u00f3pria empresa. Temos conversado com ele. Ele tem feito as suas manifesta\u00e7\u00f5es no intuito de apreciar esses projetos, esses trabalhos. N\u00f3s estamos desenvolvendo parte deles \u2013 disse.<\/p>\n\n\n\n<p>\u2013 Queremos explorar bastante os investidores em termos do mercado \u00e1rabe. Pretendemos, tamb\u00e9m, montar e criar uma pol\u00edtica adequada para base. Com investimentos na base e, tamb\u00e9m, no nosso patrim\u00f4nio, que s\u00e3o os pilares da nossa gest\u00e3o. Essas conversas t\u00eam sido muito positivas, mas todas ainda na teoria. A teoria \u00e9 que, a partir desse momento, onde voc\u00ea tenha o dom\u00ednio da gest\u00e3o, voc\u00ea possa intensificar esses trabalhos e fazer com que empresas, como a do Neymar, possam viabilizar esses projetos pra que o\u00a0<a class=\"\" href=\"https:\/\/globoesporte.globo.com\/sp\/santos-e-regiao\/futebol\/times\/santos\/\">Santos<\/a>\u00a0cres\u00e7a e tenha condi\u00e7\u00f5es de se deparar com as grandes pot\u00eancias a n\u00edvel mundial \u2013 completou.<\/p>\n\n\n\n<figure class=\"wp-block-image\"><img data-recalc-dims=\"1\" decoding=\"async\" src=\"https:\/\/i0.wp.com\/s2-ge.glbimg.com\/2oN6xArtlYUxwzZbGm8H34EnzAY%3D\/0x0%3A1080x1080\/984x0\/smart\/filters%3Astrip_icc%28%29\/i.s3.glbimg.com\/v1\/AUTH_bc8228b6673f488aa253bbcb03c80ec5\/internal_photos\/bs\/2023\/B\/V\/YuINk9S1AS2WS8rz3XBg\/continuamos-dando-passos-da-reconstrucao-do-santos-fc-com-projetos-para-o-proximo-trienio-caso-sejamos-eleitos-neste-sabado-dia-9-12-para-fazer-o-santos-grande-de-novo-obrigado-neymarpai-pela-rec.jpg?w=800&#038;ssl=1\" alt=\"Marcelo Teixeira encontra Neymar Pai em Mangaratiba \u2014 Foto: Reprodu\u00e7\u00e3o\/Instagram\"\/><\/figure>\n\n\n\n<p>Marcelo Teixeira encontra Neymar Pai em Mangaratiba \u2014 Foto: Reprodu\u00e7\u00e3o\/Instagram<\/p>\n\n\n\n<p>Com rela\u00e7\u00e3o ao atacante do Al-Hillal e da sele\u00e7\u00e3o brasileira, Marcelo Teixeira visa dar sequ\u00eancia a um processo que j\u00e1 vinha sendo desenvolvido pelo&nbsp;<a class=\"\" href=\"https:\/\/globoesporte.globo.com\/sp\/santos-e-regiao\/futebol\/times\/santos\/\">Santos<\/a>&nbsp;durante a gest\u00e3o Andres Rueda. Nos \u00faltimos anos, Neymar chegou a participar de a\u00e7\u00f5es do clube, como nos casos da vinda L\u00e9o Baptist\u00e3o e quando \u00c2ngelo recebeu a camisa 11.<\/p>\n\n\n\n<p>Al\u00e9m disso, Neymar visitou a Vila Belmiro em 2023, dez anos depois de sua sa\u00edda, e vestiu a camisa do clube no jogo contra o Audax Italiano, pela Copa Sul-Americana. Tudo porque a casa de apostas &#8220;Blaze&#8221; seria anunciada como a nova patrocinadora m\u00e1ster. O acordo contou com o aux\u00edlio de Neymar Pai para ser costurado.<\/p>\n\n\n\n<p>Recentemente, o presidente eleito do Peixe disse que iria aposentar temporariamente a camisa 11 at\u00e9 que Neymar retornasse ao&nbsp;<a class=\"\" href=\"https:\/\/globoesporte.globo.com\/sp\/santos-e-regiao\/futebol\/times\/santos\/\">Santos<\/a>. Por\u00e9m, ele explicou que foi uma brincadeira em refer\u00eancia \u00e0 ideia de o clube n\u00e3o utilizar a camisa 10 na disputa da S\u00e9rie B do Campeonato Brasileiro.<\/p>\n\n\n\n<p>\u2013 O contato com o Neymar (J\u00fanior) j\u00e1 \u00e9 mais quando ele comentou, e n\u00f3s falamos sobre a camisa dez. Existe a manifesta\u00e7\u00e3o nossa de que, enquanto n\u00e3o voltarmos pra s\u00e9rie de elite do Campeonato Brasileiro, o&nbsp;<a class=\"\" href=\"https:\/\/globoesporte.globo.com\/sp\/santos-e-regiao\/futebol\/times\/santos\/\">Santos<\/a>&nbsp;aguardar\u00e1 pra usar a camisa dez. Isso ser\u00e1 uma proposta feita pela diretoria ao Conselho Deliberativo. Ali houve uma brincadeira j\u00e1 que n\u00f3s temos um projeto, tamb\u00e9m, voltado a carreira do Neymar e para reestrutura\u00e7\u00e3o do clube objetivando, tamb\u00e9m, quando houver a possibilidade do retorno do Neymar ao Brasil. Ent\u00e3o, eu brinquei. No in\u00edcio, eu falei que a camisa 10 estava guardada pro Neymar. E a\u00ed eles falaram que o 10 tem dono e que a do Neymar \u00e9 a 11 \u2013 explicou.<\/p>\n\n\n\n<p>\u2013 Eu falei que vou segurar um pouco, tamb\u00e9m, a camisa do Neymar at\u00e9 que a gente consiga definir definir bem a estrutura do clube. Reorganizar o\u00a0<a class=\"\" href=\"https:\/\/globoesporte.globo.com\/sp\/santos-e-regiao\/futebol\/times\/santos\/\">Santos<\/a>\u00a0Futebol Clube e possibilitar, num trabalho profissional, o retorno do Neymar. O Neymar j\u00e1 me manifestou o seu amor, o seu carinho com o\u00a0<a class=\"\" href=\"https:\/\/globoesporte.globo.com\/sp\/santos-e-regiao\/futebol\/times\/santos\/\">Santos<\/a>, o seu v\u00ednculo com o\u00a0<a class=\"\" href=\"https:\/\/globoesporte.globo.com\/sp\/santos-e-regiao\/futebol\/times\/santos\/\">Santos<\/a>. Naturalmente, o que caber\u00e1 a n\u00f3s \u00e9 viabilizar, de uma maneira profissional, estruturando esse projeto. Para que, que quando o Neymar decida voltar ao Brasil, o destino dele seja o\u00a0<a class=\"\" href=\"https:\/\/globoesporte.globo.com\/sp\/santos-e-regiao\/futebol\/times\/santos\/\">Santos<\/a>\u00a0e a camisa 11 como ele quer \u2013 finalizou.<\/p>\n\n\n\n<p><\/p>\n","protected":false},"excerpt":{"rendered":"<p>Presidente eleito do\u00a0Santos, Marcelo Teixeira tem buscado estreitar rela\u00e7\u00f5es com a fam\u00edlia de Neymar. Na \u00faltima sexta-feira, o mandat\u00e1rio esteve na casa do jogador em Mangaratiba, no Rio de Janeiro, acompanhado por Marcelo Teixeira Filho e o ex-jogador L\u00e9o. Teixeira enxerga em Neymar pai um poss\u00edvel aliado para trazer investimentos para o&nbsp;Santos, sobretudo, em rela\u00e7\u00e3o [&hellip;]<\/p>\n","protected":false},"author":2,"featured_media":5191,"comment_status":"open","ping_status":"open","sticky":false,"template":"","format":"standard","meta":{"_jetpack_memberships_contains_paid_content":false,"footnotes":""},"categories":[20],"tags":[],"class_list":["post-5189","post","type-post","status-publish","format-standard","has-post-thumbnail","hentry","category-esporte"],"aioseo_notices":[],"jetpack_featured_media_url":"https:\/\/i0.wp.com\/minutobahia24h.com.br\/wp-content\/uploads\/2023\/12\/Sem-titulo-106.jpg?fit=984%2C709&ssl=1","jetpack_sharing_enabled":true,"_links":{"self":[{"href":"https:\/\/minutobahia24h.com.br\/index.php?rest_route=\/wp\/v2\/posts\/5189","targetHints":{"allow":["GET"]}}],"collection":[{"href":"https:\/\/minutobahia24h.com.br\/index.php?rest_route=\/wp\/v2\/posts"}],"about":[{"href":"https:\/\/minutobahia24h.com.br\/index.php?rest_route=\/wp\/v2\/types\/post"}],"author":[{"embeddable":true,"href":"https:\/\/minutobahia24h.com.br\/index.php?rest_route=\/wp\/v2\/users\/2"}],"replies":[{"embeddable":true,"href":"https:\/\/minutobahia24h.com.br\/index.php?rest_route=%2Fwp%2Fv2%2Fcomments&post=5189"}],"version-history":[{"count":1,"href":"https:\/\/minutobahia24h.com.br\/index.php?rest_route=\/wp\/v2\/posts\/5189\/revisions"}],"predecessor-version":[{"id":5192,"href":"https:\/\/minutobahia24h.com.br\/index.php?rest_route=\/wp\/v2\/posts\/5189\/revisions\/5192"}],"wp:featuredmedia":[{"embeddable":true,"href":"https:\/\/minutobahia24h.com.br\/index.php?rest_route=\/wp\/v2\/media\/5191"}],"wp:attachment":[{"href":"https:\/\/minutobahia24h.com.br\/index.php?rest_route=%2Fwp%2Fv2%2Fmedia&parent=5189"}],"wp:term":[{"taxonomy":"category","embeddable":true,"href":"https:\/\/minutobahia24h.com.br\/index.php?rest_route=%2Fwp%2Fv2%2Fcategories&post=5189"},{"taxonomy":"post_tag","embeddable":true,"href":"https:\/\/minutobahia24h.com.br\/index.php?rest_route=%2Fwp%2Fv2%2Ftags&post=5189"}],"curies":[{"name":"wp","href":"https:\/\/api.w.org\/{rel}","templated":true}]}}